{"id":995,"date":"2010-02-16T20:01:06","date_gmt":"2010-02-16T19:01:06","guid":{"rendered":"http:\/\/javiermanzano.es\/?p=995"},"modified":"2010-02-16T20:01:28","modified_gmt":"2010-02-16T19:01:28","slug":"animando-al-suicidio-colectivo","status":"publish","type":"post","link":"https:\/\/javiermanzano.es\/?p=995","title":{"rendered":"Animando al suicidio colectivo"},"content":{"rendered":"<p><span class=\"frame-outer  aligncenter size-medium wp-image-998\"><span><span><span><span><a href=\"https:\/\/javiermanzano.es\/wp-content\/uploads\/2010\/02\/suicidio-colectivo1.jpg\"><img loading=\"lazy\" decoding=\"async\" class=\"aligncenter size-medium wp-image-998\" title=\"suicidio-colectivo1\" src=\"https:\/\/javiermanzano.es\/wp-content\/uploads\/2010\/02\/suicidio-colectivo1-300x225.jpg\" alt=\"suicidio-colectivo1\" width=\"300\" height=\"225\" srcset=\"https:\/\/javiermanzano.es\/wp-content\/uploads\/2010\/02\/suicidio-colectivo1-300x225.jpg 300w, https:\/\/javiermanzano.es\/wp-content\/uploads\/2010\/02\/suicidio-colectivo1.jpg 400w\" sizes=\"auto, (max-width: 300px) 100vw, 300px\" \/><\/a><\/span><\/span><\/span><\/span><\/span>\u00a1\u00c9ramos pocos y pari\u00f3&#8230; <em>un listo<\/em>!<\/p>\n<p>Por si no tuvi\u00e9ramos suficiente con la penuria, la estrechez, la privaci\u00f3n y la desdicha, va esta ma\u00f1ana el peri\u00f3dico y nos escupe en el mismo centro de nuestra\u00a0depauperada alma un art\u00edculo titulado \u00ab2010, el a\u00f1o del <em>crash<\/em>\u00ab. Un manojo de presuntas\u00a0\u00bfsesudas? reflexiones que en realidad es una manada (\u00bfo piara?) de nefastos augurios mega-catastrofistas que pudiera ser que se cumplieran&#8230; o que no. Especulaciones (\u00a1ojal\u00e1!) en suma que desde luego contribuyen como pocas cosas ahora mismo a la depresi\u00f3n y que animan encarecidamente al suicidio colectivo.<\/p>\n<p>Dice el firmante cosas de este pa\u00f1o, retengan cada frase y tort\u00farense sin piedad haciendo pr\u00e1cticas para cuando se tropiecen con \u00e9l por cualquier calle: <em>\u00ab\u00bfEspa\u00f1a? Le ir\u00e1 todo peor que a la\u00a0mayor\u00eda debido a su particular modo de hacer las cosas:\u00a0actividades intensivas en factor trabajo, generadoras de bajo valor a\u00f1adido y proporcionalmente\u00a0 m\u00e1s dependientes que otras del\u00a0exterior y del cr\u00e9dito.\u00a0Para 2010 estimo que el PIB espa\u00f1ol experimentar\u00e1 una tasa de variaci\u00f3n\u00a0de entre el -4,4% y\u00a0el -4,2%.\u00a0Y nuestra tasa de desempleo se situar\u00e1 entre el 22,0% y el 23% de la poblaci\u00f3n activa, y ello sin considerar ni el desempleo encubierto ni el subempleo. Una joya de a\u00f1o, vamos (y ser\u00e1 el principio)\u00bb.<\/em><\/p>\n<p>Rajoy no lo hubiera dicho mejor. Ni \u00c1snar siquiera y ya es decir.<\/p>\n<p>\u00a1Es fant\u00e1stico! Necesitamos como estamos m\u00e1s que de sangre, de confianza y de certidumbre, y viene el p\u00e1jaro vestido de cuervo y nos jode vivos (moribundos mejor).<\/p>\n<p>Como dir\u00eda mi t\u00eda, \u00abestamos apa\u00f1ados\u00bb. Y ojo que hay que ponerse en lo peor porque Nan\u00edn amenaza con presentar propuestas (s\u00ed, PROPUESTAS) en el debate econ\u00f3mico de este mi\u00e9rcoles en el congreso. \u00bfPropuestas como que nos prostituyamos a destajo todo quisqui? Mejor no pensarlo porque corremos el riesgo de cometer alg\u00fan crimen execrable&#8230; Y\u00a0eso cuesta&#8230; Y pasta no tenemos porque la tienen un pu\u00f1aito de apandadores impunes (\u00bfes que nadie va a hacer nada?) que encima se parten la polla de risa viendo como nos vamos a tener que empezar a recortar las mism\u00edsimas tripas de tanto recortesobrerecorte. \u00a1Qu\u00e9 asco!<\/p>\n<p>A cuidarse!!!<\/p>\n<p>\u00a0<\/p>\n\n\n\n","protected":false},"excerpt":{"rendered":"<p>\u00a1\u00c9ramos pocos y pari\u00f3&#8230; un listo! Por si no tuvi\u00e9ramos suficiente con la penuria, la estrechez, la privaci\u00f3n y la desdicha, va esta ma\u00f1ana el peri\u00f3dico y nos escupe en el mismo centro de nuestra\u00a0depauperada alma un art\u00edculo titulado \u00ab2010, el a\u00f1o del crash\u00ab. Un manojo de presuntas\u00a0\u00bfsesudas? reflexiones que en realidad es una manada [&hellip;]<\/p>\n","protected":false},"author":3,"featured_media":0,"comment_status":"open","ping_status":"open","sticky":false,"template":"","format":"standard","meta":{"footnotes":""},"categories":[1],"tags":[97,311,93,56,140,54,312],"class_list":["post-995","post","type-post","status-publish","format-standard","hentry","category-politica","tag-crisis-economica","tag-deficit","tag-economia","tag-paro","tag-pib","tag-rajoy","tag-recortes"],"aioseo_notices":[],"_links":{"self":[{"href":"https:\/\/javiermanzano.es\/index.php?rest_route=\/wp\/v2\/posts\/995","targetHints":{"allow":["GET"]}}],"collection":[{"href":"https:\/\/javiermanzano.es\/index.php?rest_route=\/wp\/v2\/posts"}],"about":[{"href":"https:\/\/javiermanzano.es\/index.php?rest_route=\/wp\/v2\/types\/post"}],"author":[{"embeddable":true,"href":"https:\/\/javiermanzano.es\/index.php?rest_route=\/wp\/v2\/users\/3"}],"replies":[{"embeddable":true,"href":"https:\/\/javiermanzano.es\/index.php?rest_route=%2Fwp%2Fv2%2Fcomments&post=995"}],"version-history":[{"count":5,"href":"https:\/\/javiermanzano.es\/index.php?rest_route=\/wp\/v2\/posts\/995\/revisions"}],"predecessor-version":[{"id":1004,"href":"https:\/\/javiermanzano.es\/index.php?rest_route=\/wp\/v2\/posts\/995\/revisions\/1004"}],"wp:attachment":[{"href":"https:\/\/javiermanzano.es\/index.php?rest_route=%2Fwp%2Fv2%2Fmedia&parent=995"}],"wp:term":[{"taxonomy":"category","embeddable":true,"href":"https:\/\/javiermanzano.es\/index.php?rest_route=%2Fwp%2Fv2%2Fcategories&post=995"},{"taxonomy":"post_tag","embeddable":true,"href":"https:\/\/javiermanzano.es\/index.php?rest_route=%2Fwp%2Fv2%2Ftags&post=995"}],"curies":[{"name":"wp","href":"https:\/\/api.w.org\/{rel}","templated":true}]}}