{"id":900,"date":"2010-02-01T19:01:08","date_gmt":"2010-02-01T18:01:08","guid":{"rendered":"http:\/\/javiermanzano.es\/?p=900"},"modified":"2010-02-01T20:11:50","modified_gmt":"2010-02-01T19:11:50","slug":"a-tontas-y-a-locas","status":"publish","type":"post","link":"https:\/\/javiermanzano.es\/?p=900","title":{"rendered":"A tontas y a locas"},"content":{"rendered":"<p><span class=\"frame-outer  aligncenter size-medium wp-image-903\"><span><span><span><span><a href=\"https:\/\/javiermanzano.es\/wp-content\/uploads\/2010\/02\/3-eran-3.jpg\"><img loading=\"lazy\" decoding=\"async\" class=\"aligncenter size-medium wp-image-903\" title=\"3-eran-3\" src=\"https:\/\/javiermanzano.es\/wp-content\/uploads\/2010\/02\/3-eran-3-300x196.jpg\" alt=\"3-eran-3\" width=\"300\" height=\"196\" srcset=\"https:\/\/javiermanzano.es\/wp-content\/uploads\/2010\/02\/3-eran-3-300x196.jpg 300w, https:\/\/javiermanzano.es\/wp-content\/uploads\/2010\/02\/3-eran-3.jpg 541w\" sizes=\"auto, (max-width: 300px) 100vw, 300px\" \/><\/a><\/span><\/span><\/span><\/span><\/span><\/p>\n<p>Descriptiva frase que usaban acertada y cari\u00f1osamente las abuelas, y que este fin de semana fue travestida en titular para Nanin\u00a0por ese jornalero de titulares ingeniosos cuyo apellido recuerda un plan de belleza en siete d\u00edas. \u00abZapatero hace anuncios a tontas y a locas\u00bb, dijo el registrador de la propiedad sin percatarse de que en realidad estaba defini\u00e9ndose a s\u00ed mismo y a su forma de des-gobernar su partido.\u00a0 Y es que \u00e9l, efectivamente, hace las cosas (cuando las hace) de forma desbaratada y sin orden ni concierto, y dirige (\u00bfdirige?) a sus huestes de forma desbarata y sin orden ni concierto.<\/p>\n<p>Es como el ciclista que encara la rampa al empinado puerto echando el bofe, sin m\u00e1s estrategia que repetir cansinamente que \u00abel otro\u00bb es much\u00edsimo peor, sin capacidad de plantear escaramuzas, y arropado por un equipo donde cada cual va a su aire: cruz\u00e1ndose sin ton ni son en la trayectoria del maillot azul a ver si tropieza, sac\u00e1ndose la cadena unos a otros cuando no pinch\u00e1ndose las ruedas, \u00a0neg\u00e1ndose el bid\u00f3n del agua o escupiendo dentro antes de pas\u00e1rselo, mang\u00e1ndose las provisiones en cada control de avituallamiento, atacando a su aire sin m\u00e1s objetivo que acentuar la patoser\u00eda del l\u00edder a ver si se despe\u00f1a\u00a0de una puta vez por todas&#8230; Unos ciclistas que bajo las culottes esconden dagas, pu\u00f1ales, puntillas y descabellos. Una pandilla (que no equipo) donde nadie hace caso a nadie, salvo de boquilla y para la foto; donde todos se sienten m\u00e1s listos y fuertes que el amo; donde ninguno de f\u00eda de ninguno (ni siquiera de s\u00ed mismos) y todos se esp\u00edan los unos a los otros (incluso a s\u00ed mismos)&#8230; Una camarilla donde campan a sus anchas los Hermanos Macana y los Golfos Apandadores sin que el cabecilla (palad\u00edn del \u00abdepende\u00bb) haga nada de nada de nada preso de la incapacidad y esclavo de la vagancia&#8230; Una caterva (tropa le gusta m\u00e1s al l\u00edder, \u00bfli&#8230;qu\u00e9?) cuya ideolog\u00eda se ha convertido en un\u00a0monumental agujero negro\u00a0atestado de agujeros negros, al punto de criticar por criticar y criticarlo\u00a0todo sin orden ni concierto y de forma desbaratada: a tontas y a locas. Una chusma en definitiva cuya \u00fanica aspiraci\u00f3n no es en absoluto ganar la etapa sino aguardar a que los otros la pierdan: bien porque se estrellen, bien porque se pierdan, o bien porque se agoten extenuados al mismo borde de la caducidad.<\/p>\n<p><span class=\"frame-outer  aligncenter size-medium wp-image-904\"><span><span><span><span><a href=\"https:\/\/javiermanzano.es\/wp-content\/uploads\/2010\/02\/enero.jpg\"><img loading=\"lazy\" decoding=\"async\" class=\"aligncenter size-medium wp-image-904\" title=\"enero\" src=\"https:\/\/javiermanzano.es\/wp-content\/uploads\/2010\/02\/enero-300x216.jpg\" alt=\"enero\" width=\"300\" height=\"216\" srcset=\"https:\/\/javiermanzano.es\/wp-content\/uploads\/2010\/02\/enero-300x216.jpg 300w, https:\/\/javiermanzano.es\/wp-content\/uploads\/2010\/02\/enero.jpg 600w\" sizes=\"auto, (max-width: 300px) 100vw, 300px\" \/><\/a><\/span><\/span><\/span><\/span><\/span><\/p>\n<p>&#8230;Un recuerdo que me viene a las yemas de los dedos para completar el panorama en todo su \u00abespectro\u00bb&#8230;, para completar el elenco de protagonistas de la ascensi\u00f3n al \u00abcol du duel politique\u00bb&#8230;\u00a0El de aquel chiste \u00abbicicl\u00edstico\u00bb\u00a0que dec\u00eda: \u00abmira mam\u00e1 sin pies&#8230;; mira mam\u00e1 sin manos&#8230;; mida mam\u00e1 zin dientez\u00bb&#8230;<\/p>\n<p>\u00a0<\/p>\n<p>A cuidarse!!!<\/p>\n\n\n\n","protected":false},"excerpt":{"rendered":"<p>Descriptiva frase que usaban acertada y cari\u00f1osamente las abuelas, y que este fin de semana fue travestida en titular para Nanin\u00a0por ese jornalero de titulares ingeniosos cuyo apellido recuerda un plan de belleza en siete d\u00edas. \u00abZapatero hace anuncios a tontas y a locas\u00bb, dijo el registrador de la propiedad sin percatarse de que en [&hellip;]<\/p>\n","protected":false},"author":3,"featured_media":0,"comment_status":"open","ping_status":"open","sticky":false,"template":"","format":"standard","meta":{"footnotes":""},"categories":[1],"tags":[107,297,288,295,71,149,296,24,54],"class_list":["post-900","post","type-post","status-publish","format-standard","hentry","category-politica","tag-aguirre","tag-criticar","tag-espionaje","tag-estrategia","tag-gallardon","tag-gurtell","tag-ideas","tag-pp","tag-rajoy"],"aioseo_notices":[],"_links":{"self":[{"href":"https:\/\/javiermanzano.es\/index.php?rest_route=\/wp\/v2\/posts\/900","targetHints":{"allow":["GET"]}}],"collection":[{"href":"https:\/\/javiermanzano.es\/index.php?rest_route=\/wp\/v2\/posts"}],"about":[{"href":"https:\/\/javiermanzano.es\/index.php?rest_route=\/wp\/v2\/types\/post"}],"author":[{"embeddable":true,"href":"https:\/\/javiermanzano.es\/index.php?rest_route=\/wp\/v2\/users\/3"}],"replies":[{"embeddable":true,"href":"https:\/\/javiermanzano.es\/index.php?rest_route=%2Fwp%2Fv2%2Fcomments&post=900"}],"version-history":[{"count":3,"href":"https:\/\/javiermanzano.es\/index.php?rest_route=\/wp\/v2\/posts\/900\/revisions"}],"predecessor-version":[{"id":902,"href":"https:\/\/javiermanzano.es\/index.php?rest_route=\/wp\/v2\/posts\/900\/revisions\/902"}],"wp:attachment":[{"href":"https:\/\/javiermanzano.es\/index.php?rest_route=%2Fwp%2Fv2%2Fmedia&parent=900"}],"wp:term":[{"taxonomy":"category","embeddable":true,"href":"https:\/\/javiermanzano.es\/index.php?rest_route=%2Fwp%2Fv2%2Fcategories&post=900"},{"taxonomy":"post_tag","embeddable":true,"href":"https:\/\/javiermanzano.es\/index.php?rest_route=%2Fwp%2Fv2%2Ftags&post=900"}],"curies":[{"name":"wp","href":"https:\/\/api.w.org\/{rel}","templated":true}]}}