{"id":893,"date":"2010-01-30T12:02:25","date_gmt":"2010-01-30T11:02:25","guid":{"rendered":"http:\/\/javiermanzano.es\/?p=893"},"modified":"2010-01-30T12:02:25","modified_gmt":"2010-01-30T11:02:25","slug":"no-es-pais-para-viejos","status":"publish","type":"post","link":"https:\/\/javiermanzano.es\/?p=893","title":{"rendered":"No es pa\u00eds para viejos"},"content":{"rendered":"<p>\u00a1\u00a1\u00a1Noticia urgente de \u00faltima hora!!! Seg\u00fan ha sabido Charolito en rigurosa exclusiva, acaba de hacerse una oferta (planetariamente) estratosf\u00e9rica para contratar indefinidamente y a tiempo completo a Anton Chigurh.<\/p>\n<p>Avisados quedamos.<\/p>\n<p><span class=\"frame-outer  aligncenter size-full wp-image-894\"><span><span><span><span><a href=\"https:\/\/javiermanzano.es\/wp-content\/uploads\/2010\/01\/20100130elpepivin_31.jpg\"><img loading=\"lazy\" decoding=\"async\" class=\"aligncenter size-full wp-image-894\" title=\"20100130elpepivin_31\" src=\"https:\/\/javiermanzano.es\/wp-content\/uploads\/2010\/01\/20100130elpepivin_31.jpg\" alt=\"20100130elpepivin_31\" width=\"415\" height=\"492\" srcset=\"https:\/\/javiermanzano.es\/wp-content\/uploads\/2010\/01\/20100130elpepivin_31.jpg 545w, https:\/\/javiermanzano.es\/wp-content\/uploads\/2010\/01\/20100130elpepivin_31-253x300.jpg 253w\" sizes=\"auto, (max-width: 545px) 100vw, 545px\" \/><\/a><\/span><\/span><\/span><\/span><\/span><\/p>\n<p>A cuidarse!!!<\/p>\n\n\n\n","protected":false},"excerpt":{"rendered":"<p>\u00a1\u00a1\u00a1Noticia urgente de \u00faltima hora!!! Seg\u00fan ha sabido Charolito en rigurosa exclusiva, acaba de hacerse una oferta (planetariamente) estratosf\u00e9rica para contratar indefinidamente y a tiempo completo a Anton Chigurh. Avisados quedamos. A cuidarse!!!<\/p>\n","protected":false},"author":3,"featured_media":0,"comment_status":"open","ping_status":"open","sticky":false,"template":"","format":"standard","meta":{"footnotes":""},"categories":[1],"tags":[97,292,291,163],"class_list":["post-893","post","type-post","status-publish","format-standard","hentry","category-politica","tag-crisis-economica","tag-jubilacion","tag-pensiones","tag-seguridad-social"],"aioseo_notices":[],"_links":{"self":[{"href":"https:\/\/javiermanzano.es\/index.php?rest_route=\/wp\/v2\/posts\/893","targetHints":{"allow":["GET"]}}],"collection":[{"href":"https:\/\/javiermanzano.es\/index.php?rest_route=\/wp\/v2\/posts"}],"about":[{"href":"https:\/\/javiermanzano.es\/index.php?rest_route=\/wp\/v2\/types\/post"}],"author":[{"embeddable":true,"href":"https:\/\/javiermanzano.es\/index.php?rest_route=\/wp\/v2\/users\/3"}],"replies":[{"embeddable":true,"href":"https:\/\/javiermanzano.es\/index.php?rest_route=%2Fwp%2Fv2%2Fcomments&post=893"}],"version-history":[{"count":2,"href":"https:\/\/javiermanzano.es\/index.php?rest_route=\/wp\/v2\/posts\/893\/revisions"}],"predecessor-version":[{"id":899,"href":"https:\/\/javiermanzano.es\/index.php?rest_route=\/wp\/v2\/posts\/893\/revisions\/899"}],"wp:attachment":[{"href":"https:\/\/javiermanzano.es\/index.php?rest_route=%2Fwp%2Fv2%2Fmedia&parent=893"}],"wp:term":[{"taxonomy":"category","embeddable":true,"href":"https:\/\/javiermanzano.es\/index.php?rest_route=%2Fwp%2Fv2%2Fcategories&post=893"},{"taxonomy":"post_tag","embeddable":true,"href":"https:\/\/javiermanzano.es\/index.php?rest_route=%2Fwp%2Fv2%2Ftags&post=893"}],"curies":[{"name":"wp","href":"https:\/\/api.w.org\/{rel}","templated":true}]}}