{"id":816,"date":"2010-01-25T09:47:21","date_gmt":"2010-01-25T08:47:21","guid":{"rendered":"http:\/\/javiermanzano.es\/?p=816"},"modified":"2010-01-25T21:40:23","modified_gmt":"2010-01-25T20:40:23","slug":"el-pp-ha-vuelto-a-echarse-al-monte","status":"publish","type":"post","link":"https:\/\/javiermanzano.es\/?p=816","title":{"rendered":"El PP vuelve a echarse al monte"},"content":{"rendered":"<p>Lo cierto es que nunca dejaron de estar ah\u00ed arriba, porque es su habitat natural, pero de cuando en cuando les da el arrebato (el subid\u00f3n de leche) y raudos y veloces emprenden la ascensi\u00f3n con Job al frente. Lo hacen con disciplina castrense-feligresa y en esta ocasi\u00f3n m\u00e1s henchidos de populismo que nunca como perfectamente dejan claro en sus c\u00e1nticos y letan\u00edas. Los de esta ocasi\u00f3n tiene como estribillo \u00abni agua\u00bb y lo aplican tal que as\u00ed: \u00abal enemigo ni agua, al inmigrante (casi) ni agua, al delincuente ni agua, al currante&#8230; el ag\u00fcita justita&#8230;\u00bb.<\/p>\n<p><span class=\"frame-outer  aligncenter size-medium wp-image-828\"><span><span><span><span><a href=\"https:\/\/javiermanzano.es\/wp-content\/uploads\/2010\/01\/20060528190302-fachas12.jpg\"><img loading=\"lazy\" decoding=\"async\" class=\"aligncenter size-medium wp-image-828\" title=\"20060528190302-fachas12\" src=\"https:\/\/javiermanzano.es\/wp-content\/uploads\/2010\/01\/20060528190302-fachas12-300x220.jpg\" alt=\"20060528190302-fachas12\" width=\"300\" height=\"220\" \/><\/a><\/span><\/span><\/span><\/span><\/span><\/p>\n<p>El PP vuelve a echarse el monte y con toda la des-FACHA-tez posible (y m\u00e1s) emprenden la cruzada del desempadronamiento del inmigrante evidenciando que ellos les prefieren invisibles previa explotaci\u00f3n esclavista porque tenerles currando en casa por cuatro euros s\u00ed pero ni un derecho a cambio que luego van y se lo quedan.<\/p>\n<p><span class=\"frame-outer  alignright size-thumbnail wp-image-830\"><span><span><span><span><a href=\"https:\/\/javiermanzano.es\/wp-content\/uploads\/2010\/01\/13.jpg\"><img loading=\"lazy\" decoding=\"async\" class=\"alignright size-thumbnail wp-image-830\" title=\"13\" src=\"https:\/\/javiermanzano.es\/wp-content\/uploads\/2010\/01\/13-150x150.jpg\" alt=\"13\" width=\"150\" height=\"150\" \/><\/a><\/span><\/span><\/span><\/span><\/span>El PP vuelve a echarse al monte y con toda la des-FACHA-tez posible (y m\u00e1s) se atrincheran en el tenebroso territorio de la seguridad\/inseguridad ciudadana reclamando la cadena perpetua. Querr\u00edan mejor la pena de muerte pero eso canta demasiado, y de ah\u00ed que se enroquen en el \u00abque se mueran en la c\u00e1rcel\u00bb. Lo exigen ellos, la cofrad\u00eda de los gur<em>PP<\/em>elianos, coqueteando siempre con las palabras delicuencia e inmigraci\u00f3n que amasan, mezclan, y remezclan con absoluto descaro.<\/p>\n<p>\u00a0<\/p>\n<p><span class=\"frame-outer  alignleft size-thumbnail wp-image-826\"><span><span><span><span><a href=\"https:\/\/javiermanzano.es\/wp-content\/uploads\/2010\/01\/valencia1.jpg\"><img loading=\"lazy\" decoding=\"async\" class=\"alignleft size-thumbnail wp-image-826\" title=\"valencia1\" src=\"https:\/\/javiermanzano.es\/wp-content\/uploads\/2010\/01\/valencia1-150x150.jpg\" alt=\"valencia1\" width=\"150\" height=\"150\" \/><\/a><\/span><\/span><\/span><\/span><\/span>El PP vuelve a echarse al monte y con esa des-FACHA-tez que les brota a borbotones del h\u00edgado vuelven a conjugar en todas sus declinaciones los conceptos \u00ababaratamiento del despido\u00bb, \u00abescuchas ilegales\u00bb, \u00abcambalaches terror\u00edsticos\u00bb, \u00abclaudicaciones frente a los nacionalismos\u00bb, \u00abla catalanidad\u00bb&#8230; Hasta filtrean con\u00a0 total impudicia con el t\u00e9rmino \u00abfinanciaci\u00f3n\u00bb, ellos que son la cofrad\u00eda de los gur<em>PP<\/em>elianos.<\/p>\n<p><span class=\"frame-outer  alignright size-thumbnail wp-image-834\"><span><span><span><span><a href=\"https:\/\/javiermanzano.es\/wp-content\/uploads\/2010\/01\/rajoy3cv913.jpg\"><img loading=\"lazy\" decoding=\"async\" class=\"alignright size-thumbnail wp-image-834\" title=\"rajoy3cv913\" src=\"https:\/\/javiermanzano.es\/wp-content\/uploads\/2010\/01\/rajoy3cv913-150x150.jpg\" alt=\"rajoy3cv913\" width=\"150\" height=\"150\" \/><\/a><\/span><\/span><\/span><\/span><\/span><\/p>\n<p>\u00a0<\/p>\n<p>Igual que la cabra, el PP tira al monte. No lo pueden remediar. Les gusta. Y ahora, cuando empiezan a despuntar las urnas en el horizonte, los <em>PP<\/em>opulares vuelven a echarse al monte con sus viejos uniformes, sus viejas proclamas,\u00a0sus viejos planteamientos, y su viejo (y perpetuo) juego sucio. Avisados quedamos, \u00f3brese en consecuencia.<\/p>\n<p>\u00a0<\/p>\n<p>\u00a0<\/p>\n<p>A cuidaaarse!!!<\/p>\n<p>\u00a0<\/p>\n<p><span class=\"frame-outer  aligncenter size-medium wp-image-831\"><span><span><span><span><a href=\"https:\/\/javiermanzano.es\/wp-content\/uploads\/2010\/01\/20090708elpepivin_4.png\"><img loading=\"lazy\" decoding=\"async\" class=\"aligncenter size-medium wp-image-831\" title=\"20090708elpepivin_4\" src=\"https:\/\/javiermanzano.es\/wp-content\/uploads\/2010\/01\/20090708elpepivin_4-244x300.png\" alt=\"20090708elpepivin_4\" width=\"244\" height=\"300\" \/><\/a><\/span><\/span><\/span><\/span><\/span><\/p>\n<p>\u00a0<\/p>\n\n\n\n","protected":false},"excerpt":{"rendered":"<p>Lo cierto es que nunca dejaron de estar ah\u00ed arriba, porque es su habitat natural, pero de cuando en cuando les da el arrebato (el subid\u00f3n de leche) y raudos y veloces emprenden la ascensi\u00f3n con Job al frente. Lo hacen con disciplina castrense-feligresa y en esta ocasi\u00f3n m\u00e1s henchidos de populismo que nunca como [&hellip;]<\/p>\n","protected":false},"author":3,"featured_media":0,"comment_status":"open","ping_status":"open","sticky":false,"template":"","format":"standard","meta":{"footnotes":""},"categories":[1],"tags":[82,72,275,276,277,24,54],"class_list":["post-816","post","type-post","status-publish","format-standard","hentry","category-politica","tag-despido","tag-elecciones","tag-inmigracion","tag-inseguridad","tag-populismo","tag-pp","tag-rajoy"],"aioseo_notices":[],"_links":{"self":[{"href":"https:\/\/javiermanzano.es\/index.php?rest_route=\/wp\/v2\/posts\/816","targetHints":{"allow":["GET"]}}],"collection":[{"href":"https:\/\/javiermanzano.es\/index.php?rest_route=\/wp\/v2\/posts"}],"about":[{"href":"https:\/\/javiermanzano.es\/index.php?rest_route=\/wp\/v2\/types\/post"}],"author":[{"embeddable":true,"href":"https:\/\/javiermanzano.es\/index.php?rest_route=\/wp\/v2\/users\/3"}],"replies":[{"embeddable":true,"href":"https:\/\/javiermanzano.es\/index.php?rest_route=%2Fwp%2Fv2%2Fcomments&post=816"}],"version-history":[{"count":4,"href":"https:\/\/javiermanzano.es\/index.php?rest_route=\/wp\/v2\/posts\/816\/revisions"}],"predecessor-version":[{"id":819,"href":"https:\/\/javiermanzano.es\/index.php?rest_route=\/wp\/v2\/posts\/816\/revisions\/819"}],"wp:attachment":[{"href":"https:\/\/javiermanzano.es\/index.php?rest_route=%2Fwp%2Fv2%2Fmedia&parent=816"}],"wp:term":[{"taxonomy":"category","embeddable":true,"href":"https:\/\/javiermanzano.es\/index.php?rest_route=%2Fwp%2Fv2%2Fcategories&post=816"},{"taxonomy":"post_tag","embeddable":true,"href":"https:\/\/javiermanzano.es\/index.php?rest_route=%2Fwp%2Fv2%2Ftags&post=816"}],"curies":[{"name":"wp","href":"https:\/\/api.w.org\/{rel}","templated":true}]}}