{"id":775,"date":"2010-01-11T13:43:40","date_gmt":"2010-01-11T12:43:40","guid":{"rendered":"http:\/\/javiermanzano.es\/?p=775"},"modified":"2010-01-11T20:41:37","modified_gmt":"2010-01-11T19:41:37","slug":"marianico-alamerde","status":"publish","type":"post","link":"https:\/\/javiermanzano.es\/?p=775","title":{"rendered":"Marianico Alamerde"},"content":{"rendered":"<p>Del ba\u00f1o acabo de salir&#8230;;\u00a0entr\u00e9 en \u00e9l hace unas horas a la par que o\u00eda (lo de escucharle es pr\u00e1cticamente imposible) al l\u00edder de la cofrad\u00eda de los gur<em>PP<\/em>elianos. Un tipo sin duda peculiar que cuando se le pregunta \u00abqui\u00e9n es\u00bb responde que \u00abun se\u00f1or de Santiago criado en Pontevedra\u00bb: \u00bfpondr\u00e1 eso en sus tarjetas de visita?<\/p>\n<p><span class=\"frame-outer  aligncenter size-medium wp-image-778\"><span><span><span><span><a href=\"https:\/\/javiermanzano.es\/wp-content\/uploads\/2010\/01\/rajoy1.jpg\"><img loading=\"lazy\" decoding=\"async\" class=\"aligncenter size-medium wp-image-778\" title=\"rajoy1\" src=\"https:\/\/javiermanzano.es\/wp-content\/uploads\/2010\/01\/rajoy1-213x300.jpg\" alt=\"rajoy1\" width=\"213\" height=\"300\" srcset=\"https:\/\/javiermanzano.es\/wp-content\/uploads\/2010\/01\/rajoy1-213x300.jpg 213w, https:\/\/javiermanzano.es\/wp-content\/uploads\/2010\/01\/rajoy1.jpg 355w\" sizes=\"auto, (max-width: 213px) 100vw, 213px\" \/><\/a><\/span><\/span><\/span><\/span><\/span><\/p>\n<p>El individuo en cuesti\u00f3n, con una oratoria m\u00e1s eficaz que los supositorios de glicerina, ha dejado claro que en reyes se infl\u00f3 a pagar roscones (dicen que buscaba las \u00absorpresas\u00bb con m\u00e1s obsesi\u00f3n que ah\u00ednco), y de ah\u00ed que en su reaparici\u00f3n anuncie que si gobierna alguna vez \u00abprivatizar\u00e1 el INEM\u00bb.\u00a0 No lo ha dicho as\u00ed, claro, porque \u00e9l nunca dice las cosas a las claras: ha hablado de desmantelar el INEM y dejar el asunto para empresas que sepan de ello (tampoco aclara a qu\u00e9 se refiere con el \u00abello\u00bb pero l\u00e9ase despido barato). Sea como fuere, el resumen es que PRIVATIZAR\u00c1 EL INEM (y de paso el paro y el empleo).\u00a0Clarificadora reflexi\u00f3n de quien\u00a0ayer domingo dec\u00eda en el diario que le quiso aniquilar sin piedad la misma noche de su segunda derrota electoral, que \u00abcuando gobierne bajar\u00e1 el paro\u00bb. Por supuesto que lo har\u00e1, por supuesto que \u00e9l bajar\u00e1 el paro: se cepilla el INEM y por tanto los listados de parados, y acaba con el problema. Con dos cojones. Es m\u00e1s: dicen y comentan que para semejante logro contar\u00e1 con su colega Manolo \u00abmalapraxis\u00bb (ex consejero de sanidad y al tiempo (\u00bfqui\u00e9n no se acuerda?) esquiador en baqueira), cualificado experto en vaciar listas de espera gracias al \u00e1baco que se invent\u00f3 que contaba con un poder reductor tal que en un pis-pas convert\u00eda un centenar de pacientes en apenas uno y s\u00f3lo con s\u00edntomas. Con\u00a0ese en la sala de m\u00e1quinas, \u00a1vaya si marianico\u00b4har\u00e1 desaparecer el paro!&#8230;; el paro y lo que le pongan por delante. No en vano se equipara con Kak\u00e1, Cesc o Iniesta sin cortarse ni un poquito, y eso que cuentan que cuando jugaba al f\u00fatbol en vez de patear al bal\u00f3n daba patadas al suelo.<\/p>\n<p>Es Marianico Alamerde. Un tipo que no se inmuta cuando le llaman \u00abasesino silencioso\u00bb, sin que est\u00e9 claro si lo hace por gallardo o por calzonazos&#8230; &#8230;\u00a1\u00a1\u00a1Ufff!!!, no puedo seguir: tengo que volver corriendo al retrete (ojo que cuando \u00e9l gobierne volver\u00e1n las letrinas).<\/p>\n<p>PD: mucho sigo leyendo y escuchando en favor de mis amigos Dani y Rodolfo (a quienes llevo tatuados en mi alma), pero lo que me gustar\u00eda leer y escuchar es\u00a0que\u00a0toda la red (toda todita) se mueve a deg\u00fcello contra un juez que arremeti\u00f3 sentencia en mano contra mis amigos pero\u00a0sobre todo contra un medio de comunicaci\u00f3n (universal) llamado Internet. \u00bfA que se espera para poner coto a semejante atentado?<\/p>\n<p>A\u00a0cuidarse!!!<\/p>\n<p>\u00a0<\/p>\n\n\n\n","protected":false},"excerpt":{"rendered":"<p>Del ba\u00f1o acabo de salir&#8230;;\u00a0entr\u00e9 en \u00e9l hace unas horas a la par que o\u00eda (lo de escucharle es pr\u00e1cticamente imposible) al l\u00edder de la cofrad\u00eda de los gurPPelianos. Un tipo sin duda peculiar que cuando se le pregunta \u00abqui\u00e9n es\u00bb responde que \u00abun se\u00f1or de Santiago criado en Pontevedra\u00bb: \u00bfpondr\u00e1 eso en sus tarjetas [&hellip;]<\/p>\n","protected":false},"author":3,"featured_media":0,"comment_status":"open","ping_status":"open","sticky":false,"template":"","format":"standard","meta":{"footnotes":""},"categories":[1],"tags":[259,156,216,247,260,56,54],"class_list":["post-775","post","type-post","status-publish","format-standard","hentry","category-politica","tag-anido","tag-gurtel","tag-inem","tag-internet","tag-irago","tag-paro","tag-rajoy"],"aioseo_notices":[],"_links":{"self":[{"href":"https:\/\/javiermanzano.es\/index.php?rest_route=\/wp\/v2\/posts\/775","targetHints":{"allow":["GET"]}}],"collection":[{"href":"https:\/\/javiermanzano.es\/index.php?rest_route=\/wp\/v2\/posts"}],"about":[{"href":"https:\/\/javiermanzano.es\/index.php?rest_route=\/wp\/v2\/types\/post"}],"author":[{"embeddable":true,"href":"https:\/\/javiermanzano.es\/index.php?rest_route=\/wp\/v2\/users\/3"}],"replies":[{"embeddable":true,"href":"https:\/\/javiermanzano.es\/index.php?rest_route=%2Fwp%2Fv2%2Fcomments&post=775"}],"version-history":[{"count":5,"href":"https:\/\/javiermanzano.es\/index.php?rest_route=\/wp\/v2\/posts\/775\/revisions"}],"predecessor-version":[{"id":777,"href":"https:\/\/javiermanzano.es\/index.php?rest_route=\/wp\/v2\/posts\/775\/revisions\/777"}],"wp:attachment":[{"href":"https:\/\/javiermanzano.es\/index.php?rest_route=%2Fwp%2Fv2%2Fmedia&parent=775"}],"wp:term":[{"taxonomy":"category","embeddable":true,"href":"https:\/\/javiermanzano.es\/index.php?rest_route=%2Fwp%2Fv2%2Fcategories&post=775"},{"taxonomy":"post_tag","embeddable":true,"href":"https:\/\/javiermanzano.es\/index.php?rest_route=%2Fwp%2Fv2%2Ftags&post=775"}],"curies":[{"name":"wp","href":"https:\/\/api.w.org\/{rel}","templated":true}]}}