{"id":733,"date":"2009-12-29T18:41:46","date_gmt":"2009-12-29T17:41:46","guid":{"rendered":"http:\/\/javiermanzano.es\/?p=733"},"modified":"2009-12-29T23:08:38","modified_gmt":"2009-12-29T22:08:38","slug":"%c2%a1adios-nueve-cabron","status":"publish","type":"post","link":"https:\/\/javiermanzano.es\/?p=733","title":{"rendered":"\u00a1Adi\u00f3s, nueve cabr\u00f3n!"},"content":{"rendered":"<p>Como dir\u00eda la abuela de Charolito, \u00abtanta gloria lleves como paz nos dejas\u00bb&#8230; Charolito, diplom\u00e1tico lo justo, escupe una especie de sin\u00f3nimo y lo encarama a titular: \u00ab\u00a1adi\u00f3s, nueve cabr\u00f3n!\u00bb&#8230; Y a\u00f1ade&#8230;: \u00abvete ya de una puta vez\u00bb.<\/p>\n<p>El nueve (cabr\u00f3n) puede ser resumido en el momento de balancearlo con apenas dos palabras: decepci\u00f3n y enga\u00f1o. Sus porqu\u00e9s son varios, a saber:<\/p>\n<p>-decepcion\u00f3 y enga\u00f1\u00f3 Obama que comunicar lo hace como nadie pero hacer lo que se dice hacer&#8230; pues de momento \u00abkas\u00bb. Guat\u00e1namo sigue y seguir\u00e1 aunque con otro nombre y en Illinois. En Irak se sigue matando y malviviendo como hasta ahora porque nada cambi\u00f3 (\u00e9l), y en Afganist\u00e1n se matar\u00e1 y se morir\u00e1 a\u00fan m\u00e1s porque (\u00e9l) en vez de m\u00e1s paz se ha enviado y env\u00eda m\u00e1s guerra. Adem\u00e1s, y por si fuera poco, ahora fija en su diana a Yemen y de paso anuncia que meter\u00e1 polic\u00edas (sherifs) en los aviones. Es Obama, el Premio Nobel de la Paz (????).<\/p>\n<p>-decepcion\u00f3 y enga\u00f1\u00f3 el parip\u00e9 clim\u00e1tico de Copenhague de donde no sali\u00f3 m\u00e1s y mejor medioambiente, y s\u00ed mucho autoritarismo indiferente y ego\u00edsta. La prueba est\u00e1 que si preguntas por conclusiones de la cumbre no encontrar\u00e1s\u00a0como respuestas m\u00e1s que la violent\u00edsima e irracional actuaci\u00f3n policial, y el anacr\u00f3nico encarcelamiento de L\u00f3pez de Uralde de qui\u00e9n por cierto no se escucha a la autorid\u00e1 ninguna acci\u00f3n o gesti\u00f3n para que le sea devuelta la libertad (las libertades) que le fueron robadas.<\/p>\n<p>-decepcion\u00f3 y enga\u00f1\u00f3 la cofrad\u00eda de los gurPPelianos que ni han hecho ni han dejado hacer,aunque s\u00ed han hecho mucha pasta y han dejado hacer enormes negocios. El caso fue mucho caso pero de pronto dej\u00f3 de serlo lo que sugiere la sospecha (todo lo sospechoso es probable) de alg\u00fan tipo de cambalche en la l\u00ednea de que lo mismo son muchos y son m\u00e1s los apandadores y beneficiarios y por eso lo mejor es dejarlo pasar y aqu\u00ed paz y despu\u00e9s gloria. Qu\u00e9 asco.<\/p>\n<p>-decepcion\u00f3 y enga\u00f1\u00f3 el c\u00f3mo se gestion\u00f3 la crisis insaciable y despiadada. Las medidas que se tomaron fueron carro\u00f1eadas con insultante voracidad de tal modo que una vez m\u00e1s fueron pocos los beneficiados y muchos (much\u00edsimos)\u00a0los perjudicados y damnificados.\u00a0Tan es as\u00ed que, para mayor\u00a0verg\u00fcenza universal, el provecho de unos pocos ha sido mayor que la desgracia de much\u00edsimos. Los ricos son tan ricos como antes, o lo mismo un poco m\u00e1s; se mantienen o crecen\u00a0los que ocultan sus tesoros en las SICAV y presumen de ello sin que nadie haga nada; y los empresarios se lamentan y lloriquean pero no s\u00f3lo no bajan los precios sino que se pavonean\u00a0de incumplir sus obligaciones con todos (a trav\u00e9s del estado) y venden lo que ya no tienen pero qued\u00e1ndose con la pasta (\u00bfverdad Gerardo?).<\/p>\n<p>-decepcion\u00f3 y enga\u00f1\u00f3 la sanidad universal (planetaria que dir\u00eda alguien) con la gripe A que no fue tan asesina como se dijo pero que s\u00ed sirvi\u00f3 para que se enriquecieran los de siempre sin que nadie se ruborizase siquiera viendo c\u00f3mo se gast\u00f3 un pastizal (y se pag\u00f3) para ahora no usarlo y guardarlo (si no tirarlo), porque el dinero no se devuelve y si te he visto no me acuerdo.<\/p>\n<p>-&#8230;..<\/p>\n<p>Podr\u00edamos seguir hasta el infinito (y m\u00e1s all\u00e1) pero no es el caso porque no es bueno\u00a0que me abandonen mis neuronas y mis escr\u00fapulos. S\u00ed es cierto que tambi\u00e9n hubo \u00abg\u00fceno\u00bb pero ya se sabe que lo bueno no vende. Vende lo malo y lo\u00a0peor, y tienen caras (lo malo\u00a0y lo peor) que son y ser\u00e1n duras pero tambi\u00e9n amplias para recrearse parti\u00e9ndolas cuando llegue la ocasi\u00f3n (que llegar\u00e1): las de quienes parecieron de fiar y no lo fueron demostrando que lo que parece nunca es, y las de quienes fueron de fiar hasta que se\u00a0afanaron con celeridad y sin miramientos en dejar de serlo. Triste trist\u00edsimo pero como dicen un refr\u00e1n y Charolito: la vida termina poniendo a cada cu\u00e1l en su sitio, y el que tiene la moneda la cambia.<\/p>\n<p>\u00a1Adi\u00f3s, nueve cabr\u00f3n! Vete cuanto antes y s\u00e9 borrado y extinguido. Te lo ganaste a pulso. En cuanto al diez&#8230;: \u00a1que devuelva\u00a0lo que el nueve rob\u00f3!<\/p>\n<p>A cuidarse!!!<\/p>\n<p>\u00a0<\/p>\n\n\n\n","protected":false},"excerpt":{"rendered":"<p>Como dir\u00eda la abuela de Charolito, \u00abtanta gloria lleves como paz nos dejas\u00bb&#8230; Charolito, diplom\u00e1tico lo justo, escupe una especie de sin\u00f3nimo y lo encarama a titular: \u00ab\u00a1adi\u00f3s, nueve cabr\u00f3n!\u00bb&#8230; Y a\u00f1ade&#8230;: \u00abvete ya de una puta vez\u00bb. El nueve (cabr\u00f3n) puede ser resumido en el momento de balancearlo con apenas dos palabras: decepci\u00f3n y [&hellip;]<\/p>\n","protected":false},"author":3,"featured_media":0,"comment_status":"open","ping_status":"open","sticky":false,"template":"","format":"standard","meta":{"footnotes":""},"categories":[1],"tags":[215,252,222,223,97,253,258,114,254,255,257,191,186,256],"class_list":["post-733","post","type-post","status-publish","format-standard","hentry","category-politica","tag-afganistan","tag-balance-2009","tag-confianza","tag-copenhague","tag-crisis-economica","tag-desconfianza","tag-greenpeace","tag-gripe-a","tag-guerras","tag-irak","tag-juan-lopez-de-uralde","tag-medio-ambiente","tag-obama","tag-yemen"],"aioseo_notices":[],"_links":{"self":[{"href":"https:\/\/javiermanzano.es\/index.php?rest_route=\/wp\/v2\/posts\/733","targetHints":{"allow":["GET"]}}],"collection":[{"href":"https:\/\/javiermanzano.es\/index.php?rest_route=\/wp\/v2\/posts"}],"about":[{"href":"https:\/\/javiermanzano.es\/index.php?rest_route=\/wp\/v2\/types\/post"}],"author":[{"embeddable":true,"href":"https:\/\/javiermanzano.es\/index.php?rest_route=\/wp\/v2\/users\/3"}],"replies":[{"embeddable":true,"href":"https:\/\/javiermanzano.es\/index.php?rest_route=%2Fwp%2Fv2%2Fcomments&post=733"}],"version-history":[{"count":4,"href":"https:\/\/javiermanzano.es\/index.php?rest_route=\/wp\/v2\/posts\/733\/revisions"}],"predecessor-version":[{"id":742,"href":"https:\/\/javiermanzano.es\/index.php?rest_route=\/wp\/v2\/posts\/733\/revisions\/742"}],"wp:attachment":[{"href":"https:\/\/javiermanzano.es\/index.php?rest_route=%2Fwp%2Fv2%2Fmedia&parent=733"}],"wp:term":[{"taxonomy":"category","embeddable":true,"href":"https:\/\/javiermanzano.es\/index.php?rest_route=%2Fwp%2Fv2%2Fcategories&post=733"},{"taxonomy":"post_tag","embeddable":true,"href":"https:\/\/javiermanzano.es\/index.php?rest_route=%2Fwp%2Fv2%2Ftags&post=733"}],"curies":[{"name":"wp","href":"https:\/\/api.w.org\/{rel}","templated":true}]}}