{"id":694,"date":"2009-12-15T09:15:48","date_gmt":"2009-12-15T08:15:48","guid":{"rendered":"http:\/\/javiermanzano.es\/?p=694"},"modified":"2009-12-17T15:42:08","modified_gmt":"2009-12-17T14:42:08","slug":"al-enemigo-ni-agua","status":"publish","type":"post","link":"https:\/\/javiermanzano.es\/?p=694","title":{"rendered":"Al enemigo ni agua"},"content":{"rendered":"<p>Ese viejo dicho travestido en orden por Nanin Rajoy lo llevaban prendido en sus solapas los barones y la marquesa de la cofradia <em>gurPPeliana <\/em>en el inocuo c\u00f3nclave de ayer en el Senado. Tan prendido lo llevaban que parec\u00eda tatuado y la prueba es que horas antes de comenzar el concilio ya lo predicaban ante cada micr\u00f3fono que encontraban a su paso camino del encuentro. Lo hac\u00edan, adem\u00e1s, en plenitud de sus facultades mentales y pol\u00edticas, absolutamente convencidos de la estrateg\u00eda, plenamente mimetizados con el carro\u00f1erismo y la rapi\u00f1er\u00eda electorales.<\/p>\n<p>Craso error, tremendo error, colosal equivocaci\u00f3n a ritmo de letan\u00eda que por mucho que quisieran no pod\u00edan dejan de escuchar al fondo de sus neuronas: \u00abde victoria en victoria hasta la derrota final\u00bb. Y es que ya lo define otro dicho popular, \u00abengordar para morir\u00bb, aunque tampoco quisieran <em>verlo <\/em>(\u00abque no, que no quiero verlo\u00bb).\u00a0 Porque lo cierto es que si la jugada les saliera bien tendr\u00edan que gestionar un erial con una aplastante mayor\u00eda de animadversi\u00f3n ciudadana (\u00bfes de suponer?), mientras que si les saliera mal se \u00abextinguir\u00edan\u00bb (\u00bfes de suponer?) durante una buena temporada por la (te\u00f3rica) repulsi\u00f3n ciudadana al rapi\u00f1eo y al carro\u00f1erismo.<\/p>\n<p>Es una obviedad que la tremendamente delicada situaci\u00f3n obliga al \u00abtodos a una\u00bb, y\u00a0precisamente por ello es obligado preguntarse qui\u00e9nes son todos o reflexionar sobre el \u00abya no s\u00e9 si soy de los nuestros\u00bb. Entretenidos en eso, en \u00abel entre tanto\u00bb conviene recordarles, a unos m\u00e1s que a otros, otro par de <em>frases cinematogr\u00e1ficas<\/em>: \u00abnunca digas en voz alta lo que est\u00e1s pensando\u00bb, y \u00abdime que me quieres aunque sea mentira\u00bb. P\u00f3nganse a ellos (\u00bfpong\u00e1monos?); h\u00e1ganlo los se\u00f1alados (\u00bfculpables?) pero tambi\u00e9n mayorales y caporales: \u00bfal enemigo ni agua? o \u00bfno ser\u00e1 mejor tener al enemigo en nuestra agua?<\/p>\n<p>\u00a0<\/p>\n<p>A cuidarse!!!<\/p>\n<p>PD: un apunte final sin relaci\u00f3n con lo anterior sino al rebufo de la ca\u00f3tica cumbre clim\u00e1tica de Copenhague que o mucho cambian las cosas (y tiene pinta de que va a ser que no) o terminar\u00e1 en fracaso planetario: \u00abun informe de la organizaci\u00f3n Oceana dice que menos del 1% del Cant\u00e1brico est\u00e1 protegido\u00bb. Lamentable.<\/p>\n<p>PD2: hoy de la discoteca de El Foro&#8230;, versiones y coincidencias. Escucha!<\/p>\n\n\n\n\n","protected":false},"excerpt":{"rendered":"<p>Ese viejo dicho travestido en orden por Nanin Rajoy lo llevaban prendido en sus solapas los barones y la marquesa de la cofradia gurPPeliana en el inocuo c\u00f3nclave de ayer en el Senado. Tan prendido lo llevaban que parec\u00eda tatuado y la prueba es que horas antes de comenzar el concilio ya lo predicaban ante [&hellip;]<\/p>\n","protected":false},"author":3,"featured_media":0,"comment_status":"open","ping_status":"open","sticky":false,"template":"","format":"standard","meta":{"footnotes":""},"categories":[1],"tags":[233,97,235,234,24,54],"class_list":["post-694","post","type-post","status-publish","format-standard","hentry","category-politica","tag-conferencia-de-presidentes","tag-crisis-economica","tag-cumbre-de-copenhague","tag-electoralismo","tag-pp","tag-rajoy"],"aioseo_notices":[],"_links":{"self":[{"href":"https:\/\/javiermanzano.es\/index.php?rest_route=\/wp\/v2\/posts\/694","targetHints":{"allow":["GET"]}}],"collection":[{"href":"https:\/\/javiermanzano.es\/index.php?rest_route=\/wp\/v2\/posts"}],"about":[{"href":"https:\/\/javiermanzano.es\/index.php?rest_route=\/wp\/v2\/types\/post"}],"author":[{"embeddable":true,"href":"https:\/\/javiermanzano.es\/index.php?rest_route=\/wp\/v2\/users\/3"}],"replies":[{"embeddable":true,"href":"https:\/\/javiermanzano.es\/index.php?rest_route=%2Fwp%2Fv2%2Fcomments&post=694"}],"version-history":[{"count":5,"href":"https:\/\/javiermanzano.es\/index.php?rest_route=\/wp\/v2\/posts\/694\/revisions"}],"predecessor-version":[{"id":703,"href":"https:\/\/javiermanzano.es\/index.php?rest_route=\/wp\/v2\/posts\/694\/revisions\/703"}],"wp:attachment":[{"href":"https:\/\/javiermanzano.es\/index.php?rest_route=%2Fwp%2Fv2%2Fmedia&parent=694"}],"wp:term":[{"taxonomy":"category","embeddable":true,"href":"https:\/\/javiermanzano.es\/index.php?rest_route=%2Fwp%2Fv2%2Fcategories&post=694"},{"taxonomy":"post_tag","embeddable":true,"href":"https:\/\/javiermanzano.es\/index.php?rest_route=%2Fwp%2Fv2%2Ftags&post=694"}],"curies":[{"name":"wp","href":"https:\/\/api.w.org\/{rel}","templated":true}]}}