{"id":678,"date":"2009-12-10T09:51:14","date_gmt":"2009-12-10T08:51:14","guid":{"rendered":"http:\/\/javiermanzano.es\/?p=678"},"modified":"2009-12-10T20:20:35","modified_gmt":"2009-12-10T19:20:35","slug":"gramatica-para-todos","status":"publish","type":"post","link":"https:\/\/javiermanzano.es\/?p=678","title":{"rendered":"Gram\u00e1tica para todos"},"content":{"rendered":"<p>Apreciado ministro de educaci\u00f3n, querido \u00c1ngel:<\/p>\n<p>Me dirijo a t\u00ed desde este Foro, que no es el mismo que compartimos tantas tardes pero que intenta serlo (te pondr\u00e9 de hecho una de \u00abtus\u00bb canciones), para permitirme cursarte una sugerencia que estimo tan urgente y necesaria como posible.<\/p>\n<p>Acaba de presentarse un \u00abobr\u00f3n\u00bb titulado \u00abNueva Gram\u00e1tica de la Lengua Espa\u00f1ola\u00bb que a mi juicio tiene una dimensi\u00f3n social estratosf\u00e9rica. Tanto como que deber\u00eda ser obligatorio que estuviera en todas las casas igual que antes, cuando\u00a0de peque\u00f1os, en los aparadores y estanter\u00edas hab\u00eda kilom\u00e9tricas enciclopedias que nuestros padres compraban a plazos con much\u00edsimo esfuerzo, y que de inmediato se convirt\u00edan en caudalosos manantiales de conocimiento en los que era divertid\u00edsimo chapotear y sumergirse. Ahora las nuevas tecnolog\u00edas han permitido ahorrar espacio en esos estantes aunque me temo que el efecto no es ni parecido porque en nada se parece hojear aleatoriamente con pegarse con un ordenador aunque el \u00abbicho\u00bb sea util\u00edsimo. Sea como fuere, y aunque fuese en formato inform\u00e1tico, insisto: deber\u00eda ser obligatorio que todos (TODOS) tuvi\u00e9semos ese impresionante manual.<\/p>\n<p>Se me ocurre por ello que ahora que estamos \u00abentra\u00f1ablemente navide\u00f1os\u00bb, y que empresas, organismos, y particulares\u00a0se desviven regalando cestas, agendas, y variados detalles (todos ellos con mucho de inutilidad intr\u00ednseca), se produjera un gesto \u00abINVERSOR\u00bb, mucho m\u00e1s provechoso que las bombillas de mi\/nuestro amigo Miguel, y se hiciera llegar cuanto antes a TODOS esa Nueva Gram\u00e1tica de la Lengua Espa\u00f1ola. Ser\u00eda un coste sin duda pero nunca un derroche sino una INVERSI\u00d3N, y en todo caso por mucho coste que supusiera estoy seguro que ser\u00eda mucho m\u00e1s provechoso y rentable que un par de campa\u00f1as publicitarias con el sello \u00abGobierno de Espa\u00f1a\u00bb.<\/p>\n<p>Aplaud\u00ed hasta romperme las manos la iniciativa (imprescindible, vital) de dar un ordenador a cada alumno, y, aunque largo me lo fies, creo recordar que el coste no era excesivo y s\u00ed asumible (por necesario). Qu\u00e9 mejor complemento que \u00aba cada alumno\u00a0un ordenador, en cada hogar una Gram\u00e1tica\u00bb.<\/p>\n<p>Coincidir\u00e1s conmigo\u00a0en que es indispensable y crucial conocer a la perfecci\u00f3n el material con el que se trabaja, y estar\u00e1s de acuerdo tambi\u00e9n en que la lengua es nuestra materia prima m\u00e1s b\u00e1sica, elemental, ineludible, irremplazable y fundamental. Es por todo ello (que no es poco) que insisto en la sugerencia o petici\u00f3n (\u00bfno se escriben tambi\u00e9n ahora las cartas a los reyes magos?): <strong>Gram\u00e1tica para Todos.<\/strong><\/p>\n<p>Una observaci\u00f3n final: desconozco si tienes o no ocasi\u00f3n de entremezclarte en los barrios con gentes venidas de Am\u00e9rica (nuestros hermanos de all\u00e1), pero debes saber en todo caso la grand\u00edsima pena que me causa escuchar c\u00f3mo\u00a0van perdiendo la riqueza, variedad y precisi\u00f3n de sus palabras una vez consumado el mestizaje con nuestros j\u00f3venes. Creo que el problema no es de aquellos sino de estos que a velocidad de v\u00e9rtigo van jibarizando la lengua al ritmo del \u00abidioma sms\u00bb. Es ciertamente triste, y es, a la vez, una se\u00f1al de alarma parpadeando angustiosamente. Un remedio, aunque no el \u00fanico, creo que pudiera vivir en el t\u00edtulo de este post.<\/p>\n<p>Un abrazo muy fuerte \u00c1ngel, y lo dicho, para t\u00ed la primera canci\u00f3n de hoy.<\/p>\n<p>PD: una petici\u00f3n m\u00e1s&#8230; Me estremece y entristece el cierto empanamiento de nuestros chavales con tanto tuenti, facebook, consolas, y dem\u00e1s. \u00bfNo ser\u00eda conveniente, primordial\u00a0y urgente\u00a0redactar para ellos una <strong>\u00abgram\u00e1tica parda\u00bb<\/strong>?<\/p>\n<p>A cuidarse!!!<\/p>\n<p>\u00a0<\/p>\n\n\n\n","protected":false},"excerpt":{"rendered":"<p>Apreciado ministro de educaci\u00f3n, querido \u00c1ngel: Me dirijo a t\u00ed desde este Foro, que no es el mismo que compartimos tantas tardes pero que intenta serlo (te pondr\u00e9 de hecho una de \u00abtus\u00bb canciones), para permitirme cursarte una sugerencia que estimo tan urgente y necesaria como posible. Acaba de presentarse un \u00abobr\u00f3n\u00bb titulado \u00abNueva Gram\u00e1tica [&hellip;]<\/p>\n","protected":false},"author":3,"featured_media":0,"comment_status":"open","ping_status":"open","sticky":false,"template":"","format":"standard","meta":{"footnotes":""},"categories":[1],"tags":[227,221,225,224,228,226],"class_list":["post-678","post","type-post","status-publish","format-standard","hentry","category-politica","tag-angel-gabilondo","tag-educacion","tag-gramatica","tag-gramatica-de-la-lengua-espanola","tag-inversion","tag-lengua"],"aioseo_notices":[],"_links":{"self":[{"href":"https:\/\/javiermanzano.es\/index.php?rest_route=\/wp\/v2\/posts\/678","targetHints":{"allow":["GET"]}}],"collection":[{"href":"https:\/\/javiermanzano.es\/index.php?rest_route=\/wp\/v2\/posts"}],"about":[{"href":"https:\/\/javiermanzano.es\/index.php?rest_route=\/wp\/v2\/types\/post"}],"author":[{"embeddable":true,"href":"https:\/\/javiermanzano.es\/index.php?rest_route=\/wp\/v2\/users\/3"}],"replies":[{"embeddable":true,"href":"https:\/\/javiermanzano.es\/index.php?rest_route=%2Fwp%2Fv2%2Fcomments&post=678"}],"version-history":[{"count":4,"href":"https:\/\/javiermanzano.es\/index.php?rest_route=\/wp\/v2\/posts\/678\/revisions"}],"predecessor-version":[{"id":685,"href":"https:\/\/javiermanzano.es\/index.php?rest_route=\/wp\/v2\/posts\/678\/revisions\/685"}],"wp:attachment":[{"href":"https:\/\/javiermanzano.es\/index.php?rest_route=%2Fwp%2Fv2%2Fmedia&parent=678"}],"wp:term":[{"taxonomy":"category","embeddable":true,"href":"https:\/\/javiermanzano.es\/index.php?rest_route=%2Fwp%2Fv2%2Fcategories&post=678"},{"taxonomy":"post_tag","embeddable":true,"href":"https:\/\/javiermanzano.es\/index.php?rest_route=%2Fwp%2Fv2%2Ftags&post=678"}],"curies":[{"name":"wp","href":"https:\/\/api.w.org\/{rel}","templated":true}]}}