{"id":657,"date":"2009-12-02T19:24:20","date_gmt":"2009-12-02T18:24:20","guid":{"rendered":"http:\/\/javiermanzano.es\/?p=657"},"modified":"2009-12-02T20:56:11","modified_gmt":"2009-12-02T19:56:11","slug":"3868946","status":"publish","type":"post","link":"https:\/\/javiermanzano.es\/?p=657","title":{"rendered":"3.868.946"},"content":{"rendered":"<p>O si se prefiere, 4.000.000 menos 131.054<\/p>\n<p>No es el share televisivo de la comparecencia parlamentaria de la ma\u00f1ana del 2 de diciembre (v\u00edspera de&#8230;). Es el n\u00famero de personas apuntadas en las listas del INEM a d\u00eda 30 de noviembre. Excluye obviamente a los \u00abNO apuntados\u00bb que ser\u00e1n, obviamente, un porr\u00f3n. Ni estos ni los otros habr\u00e1n seguido (\u00bfo s\u00ed?) esa comparecencia sobre la Ley de Econom\u00eda Sostenible en torno a la que ah\u00ed van cuatro o cinco apuntes. No van a ser, quede claro, sobre los\u00a0trazos gruesos y s\u00ed de los de letra peque\u00f1a que, a\u00fan peque\u00f1a, letra es.<\/p>\n<p>Vayan por delante un par de definiciones.<\/p>\n<p>Econom\u00eda: d\u00edcese del sistema de producci\u00f3n, distribuci\u00f3n, comercio y consumo de bienes y servicios de una sociedad o de un pa\u00eds. D\u00edcese tambi\u00e9n de la administraci\u00f3n organizada, moderada y cuidadosa del dinero o los bienes de una persona, una empresa, una sociedad\u00a0u otra\u00a0colectividad.<\/p>\n<p>Sostenible: d\u00edcese de aquello que se puede sostener. D\u00edcese tambi\u00e9n de aquello que es compatible con los recursos de que dispone una regi\u00f3n, una sociedad, etc.<\/p>\n<p>Casi que con las definiciones est\u00e1 mucho dicho con lo que pa qu\u00e9 decir m\u00e1s.<\/p>\n<p>En cuanto a los apuntes sobre esa Ley, entresacados -insisto- de su letra peque\u00f1a, ah\u00ed van algunos:<\/p>\n<p>-habr\u00e1 un plan de austeridad del Gobierno que tratar\u00e1 de extenderse a las Comunidades Aut\u00f3nomas para evitar sanciones de la Uni\u00f3n Europea.<\/p>\n<p>-no ser\u00e1 exigible la licencia municipal de apertura para nuevas empresas a cuya creaci\u00f3n se imprimir\u00e1 mayor rapidez en cuanto a los tr\u00e1mites administrativos.<\/p>\n<p>-habr\u00e1 incentivos fiscales al uso del transporte p\u00fablico.<\/p>\n<p>-se dar\u00e1 un impulso a la rehabilitaci\u00f3n de viviendas mediante nuevos est\u00edmulos fiscales entre los que figuran la reducci\u00f3n del IVA o una desgravaci\u00f3n en el IRPF para obras de mejora en la vivienda habitual.<\/p>\n<p>-se fomentar\u00e1 la educaci\u00f3n a distancia as\u00ed como la formaci\u00f3n en las empresas.<\/p>\n<p>Est\u00e1 todo eso, repito, entre la letra peque\u00f1a de la LES, pero no por ser peque\u00f1a es menos importante ni menos interesante. Apuntado queda y que cada cu\u00e1l lo valore como crea conveniente. Este foro est\u00e1 siempre abierto a comentarios de todo tipo. Por parte de Charolito, no comment. Al menos por el momento.<\/p>\n<p>\u00a0<\/p>\n<p>PD: sin relaci\u00f3n con lo anterior, o lo mismo s\u00ed, un comentario que Charolito escuch\u00f3 mientras procesionaba de barra en barra rindiendo pleites\u00eda a los santos taberneros: \u00abConfi\u00e9 en t\u00ed m\u00e1s que en nadie. \u00bfY ahora qu\u00e9?\u00bb. Tambi\u00e9n no comment.<\/p>\n<p><span class=\"frame-outer  small aligncenter size-full wp-image-665\"><span><span><span><span><a href=\"https:\/\/javiermanzano.es\/wp-content\/uploads\/2009\/12\/2.jpg\"><img loading=\"lazy\" decoding=\"async\" class=\"aligncenter size-full wp-image-665\" title=\"2\" src=\"https:\/\/javiermanzano.es\/wp-content\/uploads\/2009\/12\/2.jpg\" alt=\"2\" width=\"89\" height=\"112\" \/><\/a><\/span><\/span><\/span><\/span><\/span><\/p>\n<p>\u00a0<\/p>\n<p>A cuidarse!!!<\/p>\n<p>\u00a0<\/p>\n\n\n\n\n","protected":false},"excerpt":{"rendered":"<p>O si se prefiere, 4.000.000 menos 131.054 No es el share televisivo de la comparecencia parlamentaria de la ma\u00f1ana del 2 de diciembre (v\u00edspera de&#8230;). Es el n\u00famero de personas apuntadas en las listas del INEM a d\u00eda 30 de noviembre. Excluye obviamente a los \u00abNO apuntados\u00bb que ser\u00e1n, obviamente, un porr\u00f3n. Ni estos ni [&hellip;]<\/p>\n","protected":false},"author":3,"featured_media":0,"comment_status":"open","ping_status":"open","sticky":false,"template":"","format":"standard","meta":{"footnotes":""},"categories":[1],"tags":[219,222,221,220,216,193,56,218,217],"class_list":["post-657","post","type-post","status-publish","format-standard","hentry","category-politica","tag-austeridad","tag-confianza","tag-educacion","tag-empresas","tag-inem","tag-ley-de-economia-sostenible","tag-paro","tag-transporte","tag-vivienda"],"aioseo_notices":[],"_links":{"self":[{"href":"https:\/\/javiermanzano.es\/index.php?rest_route=\/wp\/v2\/posts\/657","targetHints":{"allow":["GET"]}}],"collection":[{"href":"https:\/\/javiermanzano.es\/index.php?rest_route=\/wp\/v2\/posts"}],"about":[{"href":"https:\/\/javiermanzano.es\/index.php?rest_route=\/wp\/v2\/types\/post"}],"author":[{"embeddable":true,"href":"https:\/\/javiermanzano.es\/index.php?rest_route=\/wp\/v2\/users\/3"}],"replies":[{"embeddable":true,"href":"https:\/\/javiermanzano.es\/index.php?rest_route=%2Fwp%2Fv2%2Fcomments&post=657"}],"version-history":[{"count":4,"href":"https:\/\/javiermanzano.es\/index.php?rest_route=\/wp\/v2\/posts\/657\/revisions"}],"predecessor-version":[{"id":660,"href":"https:\/\/javiermanzano.es\/index.php?rest_route=\/wp\/v2\/posts\/657\/revisions\/660"}],"wp:attachment":[{"href":"https:\/\/javiermanzano.es\/index.php?rest_route=%2Fwp%2Fv2%2Fmedia&parent=657"}],"wp:term":[{"taxonomy":"category","embeddable":true,"href":"https:\/\/javiermanzano.es\/index.php?rest_route=%2Fwp%2Fv2%2Fcategories&post=657"},{"taxonomy":"post_tag","embeddable":true,"href":"https:\/\/javiermanzano.es\/index.php?rest_route=%2Fwp%2Fv2%2Ftags&post=657"}],"curies":[{"name":"wp","href":"https:\/\/api.w.org\/{rel}","templated":true}]}}