{"id":56,"date":"2009-03-17T13:05:49","date_gmt":"2009-03-17T12:05:49","guid":{"rendered":"http:\/\/javiermanzano.es\/?p=56"},"modified":"2009-03-17T13:42:38","modified_gmt":"2009-03-17T12:42:38","slug":"y-ahora-van-a-por-el-sastre","status":"publish","type":"post","link":"https:\/\/javiermanzano.es\/?p=56","title":{"rendered":"Y ahora van a por el sastre"},"content":{"rendered":"<p>\u00a1Qu\u00e9 des-facha-tez!<\/p>\n<p>Los \u00abgolfos apandadores\u00bb con el \u00abdon\u00bb al frente\u00a0 escoltado por el de las chaquetas fantas\u00eda no cejan en su cacer\u00eda contra qui\u00e9nes han osado\u00a0dejarles las verg\u00fcenzas al aire. Ebrios de fustigar a la justicia ahora la toman con el sastre del \u00abvalenci\u00e1\u00bb (c\u00f3mo recuerda al contable \u00abfileso\u00bb) y en el en\u00e9simo arrebato de soberbia y des-facha-tez le llaman de todo menos bonito por desvelar trapicheos y mangoneos. Enfervorecidos en el ratito largo que acu\u00f1\u00f3 paco le dicen que ni es sastre ni testigo sino imputado, deslizan que hasta podr\u00eda ser un chorizo, y, como la lengua de momento no le pueden arrancar aunque querr\u00edan, la califican desde mentiroso a rid\u00edculo.\u00a0Lo hacen de forma coral aunque eligen como portavoz, \u00a1viva la des-facha-tez!, al \u00abinvasor\u00bb de Perejil y autor intelectual de uno de los mayores desprop\u00f3sitos que recordamos: lo del yak 42. \u00a1Qu\u00e9 l\u00e1stima de gente!\u00a0\u00a1Qu\u00e9 desverg\u00fcenza! M\u00e1s les valdr\u00eda confesar porque lo de encontrar las facturas es misi\u00f3n imposible y es adem\u00e1s la punta de un iceberg bien conocido por ellos: las mentiras masivas.<\/p>\n<p><strong><em>PD: hoy, de La Discoteca de El Foro de Charolito, un temazo de una banda impresionante: los muy buenos colegas de Vetusta\u00a0Morla con \u00abs\u00e1lvese quien pueda\u00bb. <\/em><\/strong>\u00a0\u00a0<\/p>\n\n","protected":false},"excerpt":{"rendered":"<p>\u00a1Qu\u00e9 des-facha-tez! Los \u00abgolfos apandadores\u00bb con el \u00abdon\u00bb al frente\u00a0 escoltado por el de las chaquetas fantas\u00eda no cejan en su cacer\u00eda contra qui\u00e9nes han osado\u00a0dejarles las verg\u00fcenzas al aire. Ebrios de fustigar a la justicia ahora la toman con el sastre del \u00abvalenci\u00e1\u00bb (c\u00f3mo recuerda al contable \u00abfileso\u00bb) y en el en\u00e9simo arrebato de [&hellip;]<\/p>\n","protected":false},"author":3,"featured_media":0,"comment_status":"open","ping_status":"open","sticky":false,"template":"","format":"standard","meta":{"footnotes":""},"categories":[1],"tags":[17,34,36,35,33,37],"class_list":["post-56","post","type-post","status-publish","format-standard","hentry","category-politica","tag-chaqueta-fantasia","tag-chorizo","tag-desfachatez","tag-mentiras","tag-sastre","tag-yak-42"],"aioseo_notices":[],"_links":{"self":[{"href":"https:\/\/javiermanzano.es\/index.php?rest_route=\/wp\/v2\/posts\/56","targetHints":{"allow":["GET"]}}],"collection":[{"href":"https:\/\/javiermanzano.es\/index.php?rest_route=\/wp\/v2\/posts"}],"about":[{"href":"https:\/\/javiermanzano.es\/index.php?rest_route=\/wp\/v2\/types\/post"}],"author":[{"embeddable":true,"href":"https:\/\/javiermanzano.es\/index.php?rest_route=\/wp\/v2\/users\/3"}],"replies":[{"embeddable":true,"href":"https:\/\/javiermanzano.es\/index.php?rest_route=%2Fwp%2Fv2%2Fcomments&post=56"}],"version-history":[{"count":7,"href":"https:\/\/javiermanzano.es\/index.php?rest_route=\/wp\/v2\/posts\/56\/revisions"}],"predecessor-version":[{"id":64,"href":"https:\/\/javiermanzano.es\/index.php?rest_route=\/wp\/v2\/posts\/56\/revisions\/64"}],"wp:attachment":[{"href":"https:\/\/javiermanzano.es\/index.php?rest_route=%2Fwp%2Fv2%2Fmedia&parent=56"}],"wp:term":[{"taxonomy":"category","embeddable":true,"href":"https:\/\/javiermanzano.es\/index.php?rest_route=%2Fwp%2Fv2%2Fcategories&post=56"},{"taxonomy":"post_tag","embeddable":true,"href":"https:\/\/javiermanzano.es\/index.php?rest_route=%2Fwp%2Fv2%2Ftags&post=56"}],"curies":[{"name":"wp","href":"https:\/\/api.w.org\/{rel}","templated":true}]}}