{"id":5095,"date":"2018-11-22T17:28:06","date_gmt":"2018-11-22T16:28:06","guid":{"rendered":"http:\/\/javiermanzano.es\/?p=5095"},"modified":"2018-11-22T17:28:06","modified_gmt":"2018-11-22T16:28:06","slug":"black-noir-nuevas-novelas-de-david-llorente-graziella-moreno-jose-maria-espinar-y-juan-enrique-soto","status":"publish","type":"post","link":"https:\/\/javiermanzano.es\/?p=5095","title":{"rendered":"Black &#038; Noir: Nuevas novelas de David Llorente, Graziella Moreno, Jos\u00e9 Mar\u00eda Espinar y Juan Enrique Soto"},"content":{"rendered":"<p>Viernes 23 de noviembre, 2018: <a href=\"https:\/\/blackandnoir.es\/\">Black &amp; Noir Ediciones<\/a> estrena la segunda fase de su producci\u00f3n literaria audiovisual con nuevos t\u00edtulos, nuevos contenidos extra y nuevas opciones y posibilidades: cuatro novelas, un centenar de videos, suscripci\u00f3n a los nuevos t\u00edtulos y sus extras a precios especiales y opci\u00f3n de compra de novela completa y extras a mitad de precio en el caso de los t\u00edtulos publicados hace un a\u00f1o. Black &amp; Noir son novelas exclusivas para leer \u00fanicamente en tel\u00e9fono m\u00f3vil con contenido audiovisual extra.<\/p>\n<p>Los nuevos t\u00edtulos y autores son: <strong>\u201cQuerida Elsa\u201d<\/strong>, de <strong>Graziella Moreno<\/strong>; <strong>\u201cEl caso Martel\u201d<\/strong>, de <strong>Jos\u00e9 Mar\u00eda Espinar<\/strong>; <strong>\u201cEl abismo\u201d<\/strong>, de <strong>Juan Enrique Soto<\/strong>; y <strong>\u201cLa luna cangrejo\u201d<\/strong>, de <strong>David Llorente<\/strong>, que regresa con su segunda novela para Black &amp; Noir. Estas novelas se distribuir\u00e1n por entregas semanales con contenidos extra, que se podr\u00e1n adquirir individualmente o mediante suscripci\u00f3n a precios especiales.<\/p>\n<p><span class=\"frame-outer  aligncenter size-full wp-image-5096\"><span><span><span><span><a href=\"https:\/\/javiermanzano.es\/wp-content\/uploads\/2018\/11\/los-nuevos.png\"><img loading=\"lazy\" decoding=\"async\" class=\"aligncenter size-full wp-image-5096\" src=\"https:\/\/javiermanzano.es\/wp-content\/uploads\/2018\/11\/los-nuevos.png\" alt=\"\" width=\"415\" height=\"208\" srcset=\"https:\/\/javiermanzano.es\/wp-content\/uploads\/2018\/11\/los-nuevos.png 1024w, https:\/\/javiermanzano.es\/wp-content\/uploads\/2018\/11\/los-nuevos-300x150.png 300w, https:\/\/javiermanzano.es\/wp-content\/uploads\/2018\/11\/los-nuevos-768x384.png 768w\" sizes=\"auto, (max-width: 1024px) 100vw, 1024px\" \/><\/a><\/span><\/span><\/span><\/span><\/span><\/p>\n<p><strong>Cuatro nuevas novelas<\/strong><\/p>\n<p><a href=\"https:\/\/blackandnoir.es\/graziella-moreno\/\"><strong>Graziella Moreno<\/strong><\/a>, jueza y escritora, habitual en los cert\u00e1menes literarios de g\u00e9nero negro, publica en Black &amp; Noir su cuarta novela, <a href=\"https:\/\/blackandnoir.es\/querida-elsa\"><strong>\u201cQuerida Elsa\u201d<\/strong><\/a>. Se trata de una historia de venganzas, cr\u00edmenes y traiciones en una de las familias de las mafias rusa y ucraniana que operan en la Costa Brava, y tiene como origen e hilo conductor una misteriosa necrol\u00f3gica que apareci\u00f3 publicada a lo largo de varios a\u00f1os en la prensa catalana. Compuesta por 16 cap\u00edtulos, cada uno de ellos lleva incluido un contenido extra audiovisual que ayuda a recorrer la trayectoria literaria de Graziella Moreno y sus relaciones con la escritura y la lectura, y donde la autora desvela sus t\u00e9cnicas narrativas o reflexiona sobre su profesi\u00f3n de jueza, sobre la maldad, o sobre sus pasiones como, por ejemplo, el universo g\u00f3tico.<\/p>\n<p><a href=\"https:\/\/blackandnoir.es\/jose-maria-espinar\/\"><strong>Jos\u00e9 Mar\u00eda Espinar<\/strong><\/a>, profesor universitario y escritor, entre otras actividades, publica <a href=\"https:\/\/blackandnoir.es\/el-caso-martel\"><strong>\u201cEl caso Martel\u201d<\/strong><\/a>, donde recupera a su personaje Milton V\u00e9rtebra, con el que gan\u00f3 los premios literarios \u201cGetafe Negro\u201d y \u201cSilverio Ca\u00f1ada\u201d, de la Semana Negra de Gij\u00f3n, con la obra \u201cEl paso del alma\u201d. En esta novela, el inspector Milton V\u00e9rtebra tendr\u00e1 que investigar el asesinato de una figura del toreo en el transcurso de una historia de envidias, celos, sicarios y traiciones. \u201cEl caso Martel\u201d tiene 17 cap\u00edtulos y cada uno de ellos incluye un contenido extra audiovisual en los que Espinar, adem\u00e1s de desvelar c\u00f3mo escribe, qu\u00e9 lee o c\u00f3mo empez\u00f3, va descubriendo varias de sus m\u00faltiples facetas: torero, mago, boxeador, poeta, profesor o m\u00fasico.<\/p>\n<p><a href=\"https:\/\/blackandnoir.es\/juan-enrique-soto\/\"><strong>Juan Enrique Soto<\/strong><\/a>, polic\u00eda, psic\u00f3logo y escritor, publica <a href=\"https:\/\/blackandnoir.es\/el-abismo\"><strong>\u201cEl abismo\u201d<\/strong><\/a>, que es la historia de un despiadado asesino en serie, Ismael. Tal y como dice el autor, y aqu\u00ed est\u00e1 la clave de la novela, <em>\u201cPartiendo de los conocimientos y la experiencia que me ha dado la investigaci\u00f3n criminal\u2026, he intentado llevar a la novela el mal que conozco y con el que trabajo para generar preguntas al lector, a la sociedad\u201d<\/em>. Soto, Doctor en Psicolog\u00eda, es Jefe de la Secci\u00f3n de An\u00e1lisis de Conducta del Cuerpo Nacional de Polic\u00eda, y, como tal, uno de los principales gestores del <em>true crime<\/em> en Espa\u00f1a. \u201cEl abismo\u201d est\u00e1 configurado en 13 entregas y cada una de ellas incluye un contenido extra audiovisual entre los que destacan, m\u00e1s all\u00e1 de los estrictamente literarios, los relativos a la teor\u00eda y pr\u00e1ctica del an\u00e1lisis de conducta y la neurocriminolog\u00eda, los secretos de la perfilaci\u00f3n criminal (<em>el profiler<\/em>) o la preparaci\u00f3n y realizaci\u00f3n de interrogatorios <em>psicopoliciales<\/em>. Soto, con una intensa trayectoria literaria (ensayo t\u00e9cnico, narrativa o poes\u00eda), ha intervenido en casos como el de Marta del Castillo (caso a\u00fan abierto), Jos\u00e9 Bret\u00f3n, el pederasta de Ciudad Lineal o el de Diana Quer, y es autor del m\u00e9todo V.E.R.A. para investigaci\u00f3n neurocriminal mediante el An\u00e1lisis de Conducta.<\/p>\n<p><a href=\"https:\/\/blackandnoir.es\/david-llorente\/\"><strong>David Llorente<\/strong><\/a>, uno de los escritores m\u00e1s premiados en novela (Silverio Ca\u00f1ada y Dashiell Hammett de Semana Negra de Gij\u00f3n; Valencia Negra; Francisco Umbral o Ram\u00f3n J. Sender) y teatro, vuelve a publicar en Black &amp; Noir despu\u00e9s de la impactante \u201cGodot: Pr\u00edncipe de Dinamarca\u201d (que tambi\u00e9n se reedita). La novela que aparece ahora se titula <a href=\"https:\/\/blackandnoir.es\/la-luna-cangrejo\"><strong>\u201cLa luna cangrejo\u201d<\/strong><\/a> y es un reto literario in\u00e9dito toda vez que Llorente la ir\u00e1 escribiendo en tiempo real, semana a semana, en funci\u00f3n del giro que vayan tomando los acontecimientos que se narran y su repercusi\u00f3n. El origen de \u201cLa luna cangrejo\u201d es el despiadado plan del protagonista, enfermo terminal de c\u00e1ncer, de ajustar cuentas con las injusticias sociales e individuales a trav\u00e9s de un escalofriante desdoblamiento de personalidad. <strong>\u201cLa luna cangrejo\u201d<\/strong> se compone de 16 cap\u00edtulos y cada uno de ellos incluye un contenido extra con la particularidad de que, adem\u00e1s de videoentrevistas, hay una segunda novela del autor, \u201cCartas de Praga\u201d con una extensi\u00f3n de 11 cap\u00edtulos a los que se acceder\u00e1 semanalmente mediante realidad aumentada.<\/p>\n<p><b>Suscripci\u00f3n y compra de novelas completas a precios especiales<\/b><\/p>\n<p><span class=\"frame-outer  aligncenter size-full wp-image-5098\"><span><span><span><span><a href=\"https:\/\/javiermanzano.es\/wp-content\/uploads\/2018\/11\/TODAS-LAS-NOVELAS.png\"><img loading=\"lazy\" decoding=\"async\" class=\"aligncenter size-full wp-image-5098\" src=\"https:\/\/javiermanzano.es\/wp-content\/uploads\/2018\/11\/TODAS-LAS-NOVELAS.png\" alt=\"\" width=\"415\" height=\"208\" srcset=\"https:\/\/javiermanzano.es\/wp-content\/uploads\/2018\/11\/TODAS-LAS-NOVELAS.png 1024w, https:\/\/javiermanzano.es\/wp-content\/uploads\/2018\/11\/TODAS-LAS-NOVELAS-300x150.png 300w, https:\/\/javiermanzano.es\/wp-content\/uploads\/2018\/11\/TODAS-LAS-NOVELAS-768x384.png 768w\" sizes=\"auto, (max-width: 1024px) 100vw, 1024px\" \/><\/a><\/span><\/span><\/span><\/span><\/span><\/p>\n<p><strong>\u00a0<\/strong>Las cuatro nuevas novelas que publica Black &amp; Noir se pueden adquirir por entregas semanales, al precio de 1,99\u20ac la entrega (cap\u00edtulo + extra), o mediante la opci\u00f3n de <strong>suscripci\u00f3n<\/strong> a precio especial y distribuci\u00f3n semanal (cap\u00edtulo + extra):<\/p>\n<p>\u201cQuerida Elsa\u201d, Graziella Moreno (16 cap\u00edtulos + 3h. de videos):\u00a0\u00a0\u00a0 22,99\u20ac<\/p>\n<p>\u201cEl caso Martel\u201d, Jos\u00e9 M. Espinar (17 cap\u00edtulos + 3h. de videos):\u00a0\u00a0\u00a0 23,99\u20ac<\/p>\n<p>\u201cEl abismo\u201d, Juan Enrique Soto (13 cap\u00edtulos + 3h. de videos):\u00a0\u00a0\u00a0\u00a0\u00a0\u00a0 18,99\u20ac<\/p>\n<p>\u201cLa luna cangrejo\u201d, D. Llorente (16 cap. + 2h videos + 2\u00aa novela):\u00a0 22,99\u20ac<\/p>\n<p>Adem\u00e1s de la opci\u00f3n de suscripci\u00f3n para las nuevas novelas que se publican, Black &amp; Noir habilita la opci\u00f3n <strong>compra de novela completa<\/strong> para los t\u00edtulos ya publicados, a precios especiales. Se trata de las novelas <a href=\"https:\/\/blackandnoir.es\/emma\/\"><strong>\u201cEmma\u201d<\/strong><\/a>, de <a href=\"https:\/\/blackandnoir.es\/rosa-ribas\"><strong>Rosa Ribas<\/strong><\/a>; <a href=\"https:\/\/blackandnoir.es\/madridprision\/\"><strong>\u201c#MadridPrisi\u00f3n\u201d<\/strong><\/a>, de <a href=\"https:\/\/blackandnoir.es\/paco-gomez-escribano\"><strong>Paco G\u00f3mez Escribano<\/strong><\/a>; <a href=\"https:\/\/blackandnoir.es\/vieja-entrepierna-humeante\/\"><strong>\u201cVieja entrepierna humeante\u201d<\/strong><\/a>, de <a href=\"https:\/\/blackandnoir.es\/manuel-barea\"><strong>Manuel Barea<\/strong><\/a>; y <a href=\"https:\/\/blackandnoir.es\/godot-principe-de-dinamarca\/\"><strong>\u201cGodot: Pr\u00edncipe de Dinamarca\u201d<\/strong><\/a>, de <a href=\"https:\/\/blackandnoir.es\/david-llorente\"><strong>David Llorente<\/strong><\/a>. Al optar por la compra de novela completa se accede al texto \u00edntegro original de cada t\u00edtulo con la totalidad de sus contenidos extra:<\/p>\n<p>\u201cEmma\u201d, Rosa Ribas (16 cap\u00edtulos + 4h. de videos):\u00a0\u00a0 16,99\u20ac<\/p>\n<p>\u201c#MadridPrisi\u00f3n\u201d, P.G. Escribano (23 cap. + 4h. videos + m\u00fasica + poes\u00eda):\u00a0\u00a0 22,99\u20ac<\/p>\n<p>\u201cVieja entrepierna humeante\u201d, M. Barea (27 cap. + 4h. videos + m\u00fasica + relatos): 26,99\u20ac<\/p>\n<p>\u201cGodot: Pr\u00edncipe de Dinamarca\u201d, D. Llorente (18 cap. + 4h. de videos):\u00a0\u00a0\u00a0 17,99\u20ac<\/p>\n<p>En todos los casos, el primer cap\u00edtulo (con su contenido extra) de cada una de las novelas estar\u00e1 disponible gratuitamente (FREE) en la app Black &amp; Noir.<\/p>\n<p><span class=\"frame-outer  aligncenter size-full wp-image-5099\"><span><span><span><span><a href=\"https:\/\/javiermanzano.es\/wp-content\/uploads\/2018\/11\/todos-ok.jpg\"><img loading=\"lazy\" decoding=\"async\" class=\"aligncenter size-full wp-image-5099\" src=\"https:\/\/javiermanzano.es\/wp-content\/uploads\/2018\/11\/todos-ok.jpg\" alt=\"\" width=\"415\" height=\"208\" srcset=\"https:\/\/javiermanzano.es\/wp-content\/uploads\/2018\/11\/todos-ok.jpg 1024w, https:\/\/javiermanzano.es\/wp-content\/uploads\/2018\/11\/todos-ok-300x150.jpg 300w, https:\/\/javiermanzano.es\/wp-content\/uploads\/2018\/11\/todos-ok-768x384.jpg 768w\" sizes=\"auto, (max-width: 1024px) 100vw, 1024px\" \/><\/a><\/span><\/span><\/span><\/span><\/span><\/p>\n<p><strong>Black &amp; Noir: novelas exclusivas con entrevistas \u00fanicas<\/strong><\/p>\n<p>Black &amp; Noir Ediciones es una editorial multimedia que publica novela negra para leer \u00fanicamente en smartphone a trav\u00e9s de su <strong>app gratuita<\/strong> disponible para <a href=\"https:\/\/itunes.apple.com\/es\/app\/black-noir\/id1291759575?mt=8\">IOS<\/a> y <a href=\"https:\/\/play.google.com\/store\/apps\/details?id=com.blacknoir\">Android<\/a>. Novelas exclusivas por entregas con contenido adicional \u00fanico en formato audiovisual a trav\u00e9s de Realidad Aumentada.<\/p>\n<p>Novelas in\u00e9ditas, concebidas, creadas y escritas para Black &amp; Noir. Y contenidos adicionales \u00fanicos con entrevistas exclusivas en las que los autores desvelan sus secretos literarios; reflexionan sobre la lectura, la escritura y la literatura; comparten rutas y propuestas gastron\u00f3micas; descubren sus profesiones, aficiones, costumbres, rituales y man\u00edas; rescatan textos in\u00e9ditos; o abren de par en par sus bibliotecas o sus discotecas.<\/p>\n<p>Para acceder a Black &amp; Noir solo hay que descargar gratuitamente la app, disponible en App Store y Google Play. Una vez instalada, en el men\u00fa de la aplicaci\u00f3n, junto a las distintas secciones con que cuenta, se explica con detalle el modo de usarla, as\u00ed como el funcionamiento de la <strong>Realidad Aumentada<\/strong>, <strong>RA<\/strong>, a trav\u00e9s de la que se accede a los contenidos adicionales. A este respecto, cabe destacar la modificaci\u00f3n que ahora se estrena para poder acceder a la RA enfocando la c\u00e1mara del dispositivo al reverso de los billetes de 5, 10, 20 y 50 euros.<\/p>\n<p style=\"text-align: left;\">Las nuevas novelas y videos, as\u00ed como las nuevas opciones y posibilidades, estar\u00e1n disponibles a partir del viernes <strong>23 de noviembre<\/strong>, por tiempo indefinido, a trav\u00e9s de la app Black &amp; Noir.<\/p>\n<p><iframe loading=\"lazy\" src=\"https:\/\/www.youtube.com\/embed\/59okoZgoiww\" width=\"480\" height=\"315\" frameborder=\"0\" allowfullscreen=\"allowfullscreen\"><span class=\"mce_SELRES_start\" style=\"width: 0px; line-height: 0; overflow: hidden; display: inline-block;\" data-mce-type=\"bookmark\">?<\/span><\/iframe><\/p>\n","protected":false},"excerpt":{"rendered":"<p>Viernes 23 de noviembre, 2018: Black &amp; Noir Ediciones estrena la segunda fase de su producci\u00f3n literaria audiovisual con nuevos t\u00edtulos, nuevos contenidos extra y nuevas opciones y posibilidades: cuatro novelas, un centenar de videos, suscripci\u00f3n a los nuevos t\u00edtulos y sus extras a precios especiales y opci\u00f3n de compra de novela completa y extras [&hellip;]<\/p>\n","protected":false},"author":3,"featured_media":0,"comment_status":"open","ping_status":"open","sticky":false,"template":"","format":"standard","meta":{"footnotes":""},"categories":[882,883],"tags":[884,518],"class_list":["post-5095","post","type-post","status-publish","format-standard","hentry","category-black-noir","category-novela","tag-black-noir","tag-novela-negra"],"aioseo_notices":[],"_links":{"self":[{"href":"https:\/\/javiermanzano.es\/index.php?rest_route=\/wp\/v2\/posts\/5095","targetHints":{"allow":["GET"]}}],"collection":[{"href":"https:\/\/javiermanzano.es\/index.php?rest_route=\/wp\/v2\/posts"}],"about":[{"href":"https:\/\/javiermanzano.es\/index.php?rest_route=\/wp\/v2\/types\/post"}],"author":[{"embeddable":true,"href":"https:\/\/javiermanzano.es\/index.php?rest_route=\/wp\/v2\/users\/3"}],"replies":[{"embeddable":true,"href":"https:\/\/javiermanzano.es\/index.php?rest_route=%2Fwp%2Fv2%2Fcomments&post=5095"}],"version-history":[{"count":9,"href":"https:\/\/javiermanzano.es\/index.php?rest_route=\/wp\/v2\/posts\/5095\/revisions"}],"predecessor-version":[{"id":5108,"href":"https:\/\/javiermanzano.es\/index.php?rest_route=\/wp\/v2\/posts\/5095\/revisions\/5108"}],"wp:attachment":[{"href":"https:\/\/javiermanzano.es\/index.php?rest_route=%2Fwp%2Fv2%2Fmedia&parent=5095"}],"wp:term":[{"taxonomy":"category","embeddable":true,"href":"https:\/\/javiermanzano.es\/index.php?rest_route=%2Fwp%2Fv2%2Fcategories&post=5095"},{"taxonomy":"post_tag","embeddable":true,"href":"https:\/\/javiermanzano.es\/index.php?rest_route=%2Fwp%2Fv2%2Ftags&post=5095"}],"curies":[{"name":"wp","href":"https:\/\/api.w.org\/{rel}","templated":true}]}}