{"id":4949,"date":"2016-05-22T18:06:11","date_gmt":"2016-05-22T16:06:11","guid":{"rendered":"http:\/\/javiermanzano.es\/?p=4949"},"modified":"2016-05-22T18:08:28","modified_gmt":"2016-05-22T16:08:28","slug":"manguis-por-canillejas","status":"publish","type":"post","link":"https:\/\/javiermanzano.es\/?p=4949","title":{"rendered":"Manguis por Canillejas"},"content":{"rendered":"<p><span class=\"frame-outer  alignleft wp-image-4953 size-thumbnail\"><span><span><span><span><a href=\"https:\/\/javiermanzano.es\/wp-content\/uploads\/2016\/05\/IMG_1177.jpg\"><img loading=\"lazy\" decoding=\"async\" class=\"alignleft wp-image-4953 size-thumbnail\" src=\"https:\/\/javiermanzano.es\/wp-content\/uploads\/2016\/05\/IMG_1177-150x150.jpg\" alt=\"IMG_1177\" width=\"150\" height=\"150\" \/><\/a><\/span><\/span><\/span><\/span><\/span><\/p>\n<p>&nbsp;<\/p>\n<p>\u00a1Cu\u00e1nto tiempo!<\/p>\n<p>\u00a1\u00a1Imperdonable!!<\/p>\n<p>Ya, pero aunque <em>no s\u00e9 si estoy en lo cierto, lo cierto es que estoy aqu\u00ed<\/em>.<\/p>\n<p>\u00bfJustificable? \u00a1S\u00ed!<\/p>\n<p>Siempre estamos. Ahora <em>algo mas<\/em> por <a href=\"http:\/\/revistafiatlux.com\/\">Fiat Lux<\/a>, trajinando cr\u00edmenes y novelas negras. Pasa y ver\u00e1s, es puro Black &amp; Noir.<\/p>\n<p>Y mientras vas y vienes, echa un vistazo a este \u00e1lbum de fotos de una excursi\u00f3n con G\u00f3mez Escribano y Manguis por <a href=\"https:\/\/open.spotify.com\/user\/radiofiatlux\/playlist\/0Ybgbt1dB6QQNzE3Nu08cf\">Canillejas<\/a>.<\/p>\n<p>\u00a1\u00a1Volver\u00e9!!<\/p>\n<p><iframe loading=\"lazy\" src=\"\/\/slides.com\/imagosm\/manguis-canillejas\/embed?style=hidden\" width=\"500\" height=\"400\" frameborder=\"0\" scrolling=\"no\" allowfullscreen=\"allowfullscreen\"><\/iframe><\/p>\n<p>&nbsp;<\/p>\n","protected":false},"excerpt":{"rendered":"<p>&nbsp; \u00a1Cu\u00e1nto tiempo! \u00a1\u00a1Imperdonable!! Ya, pero aunque no s\u00e9 si estoy en lo cierto, lo cierto es que estoy aqu\u00ed. \u00bfJustificable? \u00a1S\u00ed! Siempre estamos. Ahora algo mas por Fiat Lux, trajinando cr\u00edmenes y novelas negras. Pasa y ver\u00e1s, es puro Black &amp; Noir. Y mientras vas y vienes, echa un vistazo a este \u00e1lbum de [&hellip;]<\/p>\n","protected":false},"author":3,"featured_media":0,"comment_status":"open","ping_status":"open","sticky":false,"template":"","format":"standard","meta":{"footnotes":""},"categories":[1],"tags":[875,874,517,873,518],"class_list":["post-4949","post","type-post","status-publish","format-standard","hentry","category-politica","tag-blacnoir","tag-canillejas","tag-fiat-lux","tag-manguis","tag-novela-negra"],"aioseo_notices":[],"_links":{"self":[{"href":"https:\/\/javiermanzano.es\/index.php?rest_route=\/wp\/v2\/posts\/4949","targetHints":{"allow":["GET"]}}],"collection":[{"href":"https:\/\/javiermanzano.es\/index.php?rest_route=\/wp\/v2\/posts"}],"about":[{"href":"https:\/\/javiermanzano.es\/index.php?rest_route=\/wp\/v2\/types\/post"}],"author":[{"embeddable":true,"href":"https:\/\/javiermanzano.es\/index.php?rest_route=\/wp\/v2\/users\/3"}],"replies":[{"embeddable":true,"href":"https:\/\/javiermanzano.es\/index.php?rest_route=%2Fwp%2Fv2%2Fcomments&post=4949"}],"version-history":[{"count":9,"href":"https:\/\/javiermanzano.es\/index.php?rest_route=\/wp\/v2\/posts\/4949\/revisions"}],"predecessor-version":[{"id":4959,"href":"https:\/\/javiermanzano.es\/index.php?rest_route=\/wp\/v2\/posts\/4949\/revisions\/4959"}],"wp:attachment":[{"href":"https:\/\/javiermanzano.es\/index.php?rest_route=%2Fwp%2Fv2%2Fmedia&parent=4949"}],"wp:term":[{"taxonomy":"category","embeddable":true,"href":"https:\/\/javiermanzano.es\/index.php?rest_route=%2Fwp%2Fv2%2Fcategories&post=4949"},{"taxonomy":"post_tag","embeddable":true,"href":"https:\/\/javiermanzano.es\/index.php?rest_route=%2Fwp%2Fv2%2Ftags&post=4949"}],"curies":[{"name":"wp","href":"https:\/\/api.w.org\/{rel}","templated":true}]}}