{"id":4910,"date":"2016-01-26T23:01:19","date_gmt":"2016-01-26T22:01:19","guid":{"rendered":"http:\/\/javiermanzano.es\/?p=4910"},"modified":"2016-01-26T23:04:37","modified_gmt":"2016-01-26T22:04:37","slug":"david-llorente-madridfrontera","status":"publish","type":"post","link":"https:\/\/javiermanzano.es\/?p=4910","title":{"rendered":"David Llorente, Madrid:frontera"},"content":{"rendered":"<p><span class=\"frame-outer  alignleft size-medium wp-image-4911\"><span><span><span><span><a href=\"https:\/\/javiermanzano.es\/wp-content\/uploads\/2016\/01\/LlorenteDavid2.jpg\" rel=\"attachment wp-att-4911\"><img loading=\"lazy\" decoding=\"async\" class=\"alignleft size-medium wp-image-4911\" src=\"https:\/\/javiermanzano.es\/wp-content\/uploads\/2016\/01\/LlorenteDavid2-300x251.jpg\" alt=\"LlorenteDavid2\" width=\"300\" height=\"251\" srcset=\"https:\/\/javiermanzano.es\/wp-content\/uploads\/2016\/01\/LlorenteDavid2-300x251.jpg 300w, https:\/\/javiermanzano.es\/wp-content\/uploads\/2016\/01\/LlorenteDavid2-768x644.jpg 768w, https:\/\/javiermanzano.es\/wp-content\/uploads\/2016\/01\/LlorenteDavid2-1024x858.jpg 1024w\" sizes=\"auto, (max-width: 300px) 100vw, 300px\" \/><\/a><\/span><\/span><\/span><\/span><\/span><\/p>\n<p>&nbsp;<\/p>\n<p>\u00ab<em><strong>Madrid:frontera<\/strong> <\/em>es un ajuste de cuentas\u00bb.<\/p>\n<p>Conversaci\u00f3n con David Llorente sobre su novela reci\u00e9n publicada <em><strong>Madrid:frontera<\/strong><\/em>, y sobre \u00e9l.<\/p>\n<p>&nbsp;<\/p>\n<p>&nbsp;<\/p>\n<p><span class=\"frame-outer  alignright size-medium wp-image-4916\"><span><span><span><span><a href=\"https:\/\/javiermanzano.es\/wp-content\/uploads\/2016\/01\/LlorenteDavid.jpg\" rel=\"attachment wp-att-4916\"><img loading=\"lazy\" decoding=\"async\" class=\"alignright size-medium wp-image-4916\" src=\"https:\/\/javiermanzano.es\/wp-content\/uploads\/2016\/01\/LlorenteDavid-300x198.jpg\" alt=\"LlorenteDavid\" width=\"300\" height=\"198\" srcset=\"https:\/\/javiermanzano.es\/wp-content\/uploads\/2016\/01\/LlorenteDavid-300x198.jpg 300w, https:\/\/javiermanzano.es\/wp-content\/uploads\/2016\/01\/LlorenteDavid-768x506.jpg 768w, https:\/\/javiermanzano.es\/wp-content\/uploads\/2016\/01\/LlorenteDavid-1024x675.jpg 1024w\" sizes=\"auto, (max-width: 300px) 100vw, 300px\" \/><\/span><\/span><\/span><\/span><\/span><br \/>\n<\/a><\/p>\n<p>&nbsp;<\/p>\n<p>\u00ab<em><strong>Madrid:frontera<\/strong> <\/em>se escribi\u00f3 desde la indignaci\u00f3n, desde la rabia, desde el dolor&#8230; Es una novela social&#8230; El escritor tiene que comprometerse, no mirar para otro lado\u00bb.<\/p>\n<p>&nbsp;<\/p>\n<p>\u00abNos roban la identidad y sabemos que nos la est\u00e1n robando&#8230;, depende de nosotros dej\u00e1rnosla robar o no\u00bb.<\/p>\n<p>\u00abDavid, \u00bfconoces a alg\u00fan <em>Igi W. Manchester<\/em>? \u00bfPodr\u00edamos ponerle cara? \u00bfQui\u00e9n podr\u00eda ser?\u00bb.<\/p>\n<p>&nbsp;<\/p>\n<p><iframe loading=\"lazy\" src=\"https:\/\/w.soundcloud.com\/player\/?url=https%3A\/\/api.soundcloud.com\/tracks\/243943231&amp;auto_play=false&amp;hide_related=false&amp;show_comments=true&amp;show_user=true&amp;show_reposts=false&amp;visual=true\" width=\"100%\" height=\"300\" frameborder=\"no\" scrolling=\"no\"><\/iframe><\/p>\n<p>&nbsp;<\/p>\n<p><em><strong>Fotos: Laura Mu\u00f1oz.<\/strong><\/em><\/p>\n<p>&nbsp;<\/p>\n","protected":false},"excerpt":{"rendered":"<p>&nbsp; \u00abMadrid:frontera es un ajuste de cuentas\u00bb. Conversaci\u00f3n con David Llorente sobre su novela reci\u00e9n publicada Madrid:frontera, y sobre \u00e9l. &nbsp; &nbsp; &nbsp; \u00abMadrid:frontera se escribi\u00f3 desde la indignaci\u00f3n, desde la rabia, desde el dolor&#8230; Es una novela social&#8230; El escritor tiene que comprometerse, no mirar para otro lado\u00bb. &nbsp; \u00abNos roban la identidad y [&hellip;]<\/p>\n","protected":false},"author":3,"featured_media":0,"comment_status":"open","ping_status":"open","sticky":false,"template":"","format":"standard","meta":{"footnotes":""},"categories":[1],"tags":[867,680,865,866,846,863,518,864],"class_list":["post-4910","post","type-post","status-publish","format-standard","hentry","category-politica","tag-alreves","tag-david-llorente","tag-ficcion-negra","tag-igi-w-manchester","tag-madridfrontera","tag-novela","tag-novela-negra","tag-novela-social"],"aioseo_notices":[],"_links":{"self":[{"href":"https:\/\/javiermanzano.es\/index.php?rest_route=\/wp\/v2\/posts\/4910","targetHints":{"allow":["GET"]}}],"collection":[{"href":"https:\/\/javiermanzano.es\/index.php?rest_route=\/wp\/v2\/posts"}],"about":[{"href":"https:\/\/javiermanzano.es\/index.php?rest_route=\/wp\/v2\/types\/post"}],"author":[{"embeddable":true,"href":"https:\/\/javiermanzano.es\/index.php?rest_route=\/wp\/v2\/users\/3"}],"replies":[{"embeddable":true,"href":"https:\/\/javiermanzano.es\/index.php?rest_route=%2Fwp%2Fv2%2Fcomments&post=4910"}],"version-history":[{"count":11,"href":"https:\/\/javiermanzano.es\/index.php?rest_route=\/wp\/v2\/posts\/4910\/revisions"}],"predecessor-version":[{"id":4923,"href":"https:\/\/javiermanzano.es\/index.php?rest_route=\/wp\/v2\/posts\/4910\/revisions\/4923"}],"wp:attachment":[{"href":"https:\/\/javiermanzano.es\/index.php?rest_route=%2Fwp%2Fv2%2Fmedia&parent=4910"}],"wp:term":[{"taxonomy":"category","embeddable":true,"href":"https:\/\/javiermanzano.es\/index.php?rest_route=%2Fwp%2Fv2%2Fcategories&post=4910"},{"taxonomy":"post_tag","embeddable":true,"href":"https:\/\/javiermanzano.es\/index.php?rest_route=%2Fwp%2Fv2%2Ftags&post=4910"}],"curies":[{"name":"wp","href":"https:\/\/api.w.org\/{rel}","templated":true}]}}