{"id":4787,"date":"2015-09-08T15:45:03","date_gmt":"2015-09-08T14:45:03","guid":{"rendered":"http:\/\/javiermanzano.es\/?p=4787"},"modified":"2015-09-08T15:45:03","modified_gmt":"2015-09-08T14:45:03","slug":"otono-negro","status":"publish","type":"post","link":"https:\/\/javiermanzano.es\/?p=4787","title":{"rendered":"Oto\u00f1o Negro"},"content":{"rendered":"<p><em><span class=\"frame-outer  alignleft size-medium wp-image-4788\"><span><span><span><span><a href=\"https:\/\/javiermanzano.es\/wp-content\/uploads\/2015\/09\/11.jpg\"><img loading=\"lazy\" decoding=\"async\" class=\"alignleft size-medium wp-image-4788\" src=\"https:\/\/javiermanzano.es\/wp-content\/uploads\/2015\/09\/11-300x162.jpg\" alt=\"1\" width=\"300\" height=\"162\" srcset=\"https:\/\/javiermanzano.es\/wp-content\/uploads\/2015\/09\/11-300x162.jpg 300w, https:\/\/javiermanzano.es\/wp-content\/uploads\/2015\/09\/11-1024x554.jpg 1024w, https:\/\/javiermanzano.es\/wp-content\/uploads\/2015\/09\/11.jpg 1600w\" sizes=\"auto, (max-width: 300px) 100vw, 300px\" \/><\/a><\/span><\/span><\/span><\/span><\/span>\u00abHoy vamos a sobrevolar el oto\u00f1o negro, vamos a charlar de libros con el escritor de g\u00e9nero negro m\u00e1s premiado este a\u00f1o: Carlos Zan\u00f3n.<\/em><\/p>\n<p><em>Ya es parad\u00f3jico que tenga que cerrar la librer\u00eda referente en novela negra y se vayan a publicar este oto\u00f1o m\u00e1s de 40 t\u00edtulos de g\u00e9nero negro. O se compran m\u00e1s all\u00e1 de las librer\u00edas o las editoriales est\u00e1n disparando al aire y parece que esto va a ser que no.<\/em><\/p>\n<p><em>Vamos a hablar del oto\u00f1o negro pero antes, con un abrazo a Paco Camarasa y Monste de Negra y Criminal, subrayemos algo importante: un librero no es el que vende libros, o no solo; un librero es un prescriptor: aconseja, propone, sugiere, \u2026gu\u00eda. Un eslab\u00f3n esencial en el placer de la lectura, el \u00faltimo eslab\u00f3n entre el autor y el lector.<\/em><br \/>\n<em> Dicho eso\u2026: hablemos de libros, de novela negra.<\/em><\/p>\n<p><em><span class=\"frame-outer  alignright size-medium wp-image-4790\"><span><span><span><span><a href=\"https:\/\/javiermanzano.es\/wp-content\/uploads\/2015\/09\/21.jpg\"><img loading=\"lazy\" decoding=\"async\" class=\"alignright size-medium wp-image-4790\" src=\"https:\/\/javiermanzano.es\/wp-content\/uploads\/2015\/09\/21-300x300.jpg\" alt=\"2\" width=\"300\" height=\"300\" srcset=\"https:\/\/javiermanzano.es\/wp-content\/uploads\/2015\/09\/21-300x300.jpg 300w, https:\/\/javiermanzano.es\/wp-content\/uploads\/2015\/09\/21-150x150.jpg 150w, https:\/\/javiermanzano.es\/wp-content\/uploads\/2015\/09\/21.jpg 400w\" sizes=\"auto, (max-width: 300px) 100vw, 300px\" \/><\/a><\/span><\/span><\/span><\/span><\/span>M\u00e1s de 40 novedades se van a publicar este oto\u00f1o en Espa\u00f1a. Desde Don Winslow, reciente ganador del premio RBA, a Juli\u00e1n Ib\u00e1\u00f1ez, desde Jo Nesbo a Fred Vargas pasando por quien nos visita, Carlos Zan\u00f3n. Y sin olvidar al esp\u00edritu de Larsson que invocan con una secuela de Millenium.<\/em><\/p>\n<p><em>M\u00e1s de 40 t\u00edtulos, reediciones al margen, que\u2026 \u00bfreflejan el buen estado de salud del g\u00e9nero negro o la rentabilidad de la etiqueta? Se publica mucho, \u00bfse vende realmente tanto?&#8230; \u00bfY se lee tanto de verdad o es una atracci\u00f3n m\u00e1s del circo literario y todo su marketing? \u00bfTanta cantidad afecta a la calidad? \u00bfHay exceso de etiquetaje y abundancia de juntaletras? \u00bfC\u00f3mo separar el polvo de la paja? \u00bfPodr\u00eda ser que est\u00e9 empezando a haber s\u00edntomas de burbuja negroliteraria?<\/em><\/p>\n<p><em><span class=\"frame-outer  alignleft size-medium wp-image-4792\"><span><span><span><span><a href=\"https:\/\/javiermanzano.es\/wp-content\/uploads\/2015\/09\/31.jpg\"><img loading=\"lazy\" decoding=\"async\" class=\"alignleft size-medium wp-image-4792\" src=\"https:\/\/javiermanzano.es\/wp-content\/uploads\/2015\/09\/31-300x217.jpg\" alt=\"3\" width=\"300\" height=\"217\" srcset=\"https:\/\/javiermanzano.es\/wp-content\/uploads\/2015\/09\/31-300x217.jpg 300w, https:\/\/javiermanzano.es\/wp-content\/uploads\/2015\/09\/31.jpg 900w\" sizes=\"auto, (max-width: 300px) 100vw, 300px\" \/><\/a><\/span><\/span><\/span><\/span><\/span>Charlamos de todo esto con el escritor y cr\u00edtico literario Carlos Zan\u00f3n que en breve saca nueva novela y que con la \u00faltima hasta ahora, Yo fui Johnny Thunders, ha conseguido los principales premios este a\u00f1o empezando por Hammett de la Semana Negra de Gij\u00f3n\u00bb.<\/em><\/p>\n<p>Y ahora ya: \u00a1a escuchar!<\/p>\n<p>Antes, te recuerdo: puedes escuchar Las Cr\u00f3nicas Del V\u00e9rtigo los martes a las 10:45 en Las Ma\u00f1anas de RNE. Adem\u00e1s, puedes seguirnos en Twitter, @cronicasvertigo , y puedes contactar con nosotros y contarnos lo que quieras aqu\u00ed: lascronicasdelvertigo@gmail.com<\/p>\n<p>A cuidarse!!<\/p>\n<p><iframe loading=\"lazy\" src=\"http:\/\/www.ivoox.com\/player_ek_8184840_2_1.html?data=mZallp2YdI6ZmKiak5eJd6KnlJKSmaiRdo6ZmKiakpKJe6ShkZKSmaiRkMLnjKjfh6iXaaOnz87Qw9iPiMbgjLuSpZiJhZrm1c7U0YqWh4ymjpiah5yncavV187S1JCxpc%2FuwtPcj4qbh46o&amp;\" width=\"238\" height=\"48\" frameborder=\"0\" scrolling=\"no\" allowfullscreen=\"allowfullscreen\"><\/iframe><\/p>\n","protected":false},"excerpt":{"rendered":"<p>\u00abHoy vamos a sobrevolar el oto\u00f1o negro, vamos a charlar de libros con el escritor de g\u00e9nero negro m\u00e1s premiado este a\u00f1o: Carlos Zan\u00f3n. Ya es parad\u00f3jico que tenga que cerrar la librer\u00eda referente en novela negra y se vayan a publicar este oto\u00f1o m\u00e1s de 40 t\u00edtulos de g\u00e9nero negro. O se compran m\u00e1s [&hellip;]<\/p>\n","protected":false},"author":3,"featured_media":0,"comment_status":"open","ping_status":"open","sticky":false,"template":"","format":"standard","meta":{"footnotes":""},"categories":[1],"tags":[830,510,672,519,507,518,450,506],"class_list":["post-4787","post","type-post","status-publish","format-standard","hentry","category-politica","tag-carlos-zanon","tag-cronica-negra","tag-genero-negro","tag-las-cronicas-del-vertigo","tag-las-mananas-de-rne","tag-novela-negra","tag-radio","tag-rne"],"aioseo_notices":[],"_links":{"self":[{"href":"https:\/\/javiermanzano.es\/index.php?rest_route=\/wp\/v2\/posts\/4787","targetHints":{"allow":["GET"]}}],"collection":[{"href":"https:\/\/javiermanzano.es\/index.php?rest_route=\/wp\/v2\/posts"}],"about":[{"href":"https:\/\/javiermanzano.es\/index.php?rest_route=\/wp\/v2\/types\/post"}],"author":[{"embeddable":true,"href":"https:\/\/javiermanzano.es\/index.php?rest_route=\/wp\/v2\/users\/3"}],"replies":[{"embeddable":true,"href":"https:\/\/javiermanzano.es\/index.php?rest_route=%2Fwp%2Fv2%2Fcomments&post=4787"}],"version-history":[{"count":4,"href":"https:\/\/javiermanzano.es\/index.php?rest_route=\/wp\/v2\/posts\/4787\/revisions"}],"predecessor-version":[{"id":4794,"href":"https:\/\/javiermanzano.es\/index.php?rest_route=\/wp\/v2\/posts\/4787\/revisions\/4794"}],"wp:attachment":[{"href":"https:\/\/javiermanzano.es\/index.php?rest_route=%2Fwp%2Fv2%2Fmedia&parent=4787"}],"wp:term":[{"taxonomy":"category","embeddable":true,"href":"https:\/\/javiermanzano.es\/index.php?rest_route=%2Fwp%2Fv2%2Fcategories&post=4787"},{"taxonomy":"post_tag","embeddable":true,"href":"https:\/\/javiermanzano.es\/index.php?rest_route=%2Fwp%2Fv2%2Ftags&post=4787"}],"curies":[{"name":"wp","href":"https:\/\/api.w.org\/{rel}","templated":true}]}}