{"id":4745,"date":"2015-06-30T15:12:09","date_gmt":"2015-06-30T14:12:09","guid":{"rendered":"http:\/\/javiermanzano.es\/?p=4745"},"modified":"2015-06-30T15:12:09","modified_gmt":"2015-06-30T14:12:09","slug":"seprona-ola-de-calor","status":"publish","type":"post","link":"https:\/\/javiermanzano.es\/?p=4745","title":{"rendered":"Seprona, ola de calor"},"content":{"rendered":"<p><em><span class=\"frame-outer  alignleft size-medium wp-image-4746\"><span><span><span><span><a href=\"https:\/\/javiermanzano.es\/wp-content\/uploads\/2015\/06\/11.jpg\"><img loading=\"lazy\" decoding=\"async\" class=\"alignleft size-medium wp-image-4746\" src=\"https:\/\/javiermanzano.es\/wp-content\/uploads\/2015\/06\/11-300x272.jpg\" alt=\"1\" width=\"300\" height=\"272\" srcset=\"https:\/\/javiermanzano.es\/wp-content\/uploads\/2015\/06\/11-300x272.jpg 300w, https:\/\/javiermanzano.es\/wp-content\/uploads\/2015\/06\/11.jpg 551w\" sizes=\"auto, (max-width: 300px) 100vw, 300px\" \/><\/a><\/span><\/span><\/span><\/span><\/span>\u00abOla de calor igual a c\u00f3digo rojo en el Seprona. Hoy: los guardias de la naturaleza, la patrulla verde.<\/em><\/p>\n<p><em>Hay c\u00f3digo rojo en el Seprona, en el servicio de protecci\u00f3n de la naturaleza de la guardia civil; c\u00f3digo rojo por ola de calor. Sus casi 2000 agentes est\u00e1n en guardia: vigilando el monte, inspeccionando \u00e1reas recreativas, tendidos el\u00e9ctricos, quema de rastrojos\u2026; marcando de cerca las, nunca mejor dicho, zonas calientes\u2026, y tambi\u00e9n a los incendiarios y pir\u00f3manos recurrentes y que bien conocen.<\/em><\/p>\n<p><em><span class=\"frame-outer  alignright size-medium wp-image-4748\"><span><span><span><span><a href=\"https:\/\/javiermanzano.es\/wp-content\/uploads\/2015\/06\/2.jpg\"><img loading=\"lazy\" decoding=\"async\" class=\"alignright size-medium wp-image-4748\" src=\"https:\/\/javiermanzano.es\/wp-content\/uploads\/2015\/06\/2-300x199.jpg\" alt=\"2\" width=\"300\" height=\"199\" srcset=\"https:\/\/javiermanzano.es\/wp-content\/uploads\/2015\/06\/2-300x199.jpg 300w, https:\/\/javiermanzano.es\/wp-content\/uploads\/2015\/06\/2.jpg 900w\" sizes=\"auto, (max-width: 300px) 100vw, 300px\" \/><\/a><\/span><\/span><\/span><\/span><\/span>Actividad m\u00e1xima en este cuerpo, la patrulla verde, que cumple 27 a\u00f1os protegiendo la naturaleza y el medio ambiente con una media de actuaciones, en el caso de delitos, de unos 3000 al a\u00f1o.<\/em><\/p>\n<p><em>Hoy, agarrados a la ola de calor, vamos a conocer al Seprona. Sabremos c\u00f3mo trabajan en estos d\u00edas infernales, y sabremos tambi\u00e9n c\u00f3mo act\u00faan en otros de sus cometidos tambi\u00e9n interesantes y \u00fatiles:<\/em><\/p>\n<p><em>-el control de vertidos.<\/em><\/p>\n<p><em>-la delincuencia urban\u00edstica.<\/em><\/p>\n<p><em>-la protecci\u00f3n de la salud de los consumidores. Y anoten aqu\u00ed por ejemplo una reciente operaci\u00f3n, redada, contra el garraf\u00f3n en los vinos de Jerez, en los rebujitos; o el control de restaurantes donde sirven pajaritos fritos.<\/em><\/p>\n<p><em>-la caza y la pesca.<\/em><\/p>\n<p><em>-o la protecci\u00f3n de especies protegidas con mucho trabajo actualmente en la persecuci\u00f3n del tr\u00e1fico il\u00edcito de cuernos de rinoceronte que provienen no s\u00f3lo de cacer\u00edas en \u00c1frica sino tambi\u00e9n de asaltos en zoos o en museos como sucedi\u00f3 no hace mucho en Le\u00f3n.<\/em><\/p>\n<p><em><span class=\"frame-outer  alignleft size-medium wp-image-4750\"><span><span><span><span><a href=\"https:\/\/javiermanzano.es\/wp-content\/uploads\/2015\/06\/3.jpg\"><img loading=\"lazy\" decoding=\"async\" class=\"alignleft size-medium wp-image-4750\" src=\"https:\/\/javiermanzano.es\/wp-content\/uploads\/2015\/06\/3-230x300.jpg\" alt=\"3\" width=\"230\" height=\"300\" srcset=\"https:\/\/javiermanzano.es\/wp-content\/uploads\/2015\/06\/3-230x300.jpg 230w, https:\/\/javiermanzano.es\/wp-content\/uploads\/2015\/06\/3.jpg 383w\" sizes=\"auto, (max-width: 230px) 100vw, 230px\" \/><\/a><\/span><\/span><\/span><\/span><\/span>Es el Seprona de la guardia civil, la patrulla verde, 2000 agentes y 2000 veh\u00edculos para la protecci\u00f3n de la naturaleza. Una unidad con 27 de vida aunque el cometido de proteger la naturaleza la guardia civil es de 1845.<\/em><\/p>\n<p><em>Hoy recibimos a uno de los capitanes del Seprona que adem\u00e1s es ingeniero de montes, con querencia a incendios forestales. Se llama Salvador Ortega\u00bb.<\/em><\/p>\n<p>Y ahora ya: \u00a1a escuchar!<\/p>\n<p>Antes, te recuerdo: puedes escuchar Las Cr\u00f3nicas Del V\u00e9rtigo los martes a las 10:45 en Las Ma\u00f1anas de RNE. Adem\u00e1s, puedes seguirnos en Twitter, @cronicasvertigo , y puedes contactar con nosotros y contarnos lo que quieras aqu\u00ed: lascronicasdelvertigo@gmail.com<\/p>\n<p>A cuidarse!!<\/p>\n<p><iframe loading=\"lazy\" src=\"http:\/\/www.ivoox.com\/player_ek_4704842_2_1.html?data=lZydlp2Ydo6ZmKiak5yJd6KplZKSmaiRdo6ZmKiakpKJe6ShkZKSmaiRkMLnjKjfh6iXaaOnz87Qw9iPiMbgjLuSpZiJhZrm1c7U0YqWh4yokpKfj4qbh46%2BwtvWx9ePkcLi28bb0ZKJe6ShlQ%3D%3D&amp;\" width=\"238\" height=\"48\" frameborder=\"0\" scrolling=\"no\" allowfullscreen=\"allowfullscreen\"><\/iframe><\/p>\n","protected":false},"excerpt":{"rendered":"<p>\u00abOla de calor igual a c\u00f3digo rojo en el Seprona. Hoy: los guardias de la naturaleza, la patrulla verde. Hay c\u00f3digo rojo en el Seprona, en el servicio de protecci\u00f3n de la naturaleza de la guardia civil; c\u00f3digo rojo por ola de calor. Sus casi 2000 agentes est\u00e1n en guardia: vigilando el monte, inspeccionando \u00e1reas [&hellip;]<\/p>\n","protected":false},"author":3,"featured_media":0,"comment_status":"open","ping_status":"open","sticky":false,"template":"","format":"standard","meta":{"footnotes":""},"categories":[1],"tags":[510,207,827,688,519,507,825,449,826,450,506,824,508],"class_list":["post-4745","post","type-post","status-publish","format-standard","hentry","category-politica","tag-cronica-negra","tag-guardia-civil","tag-incendiarios","tag-incendios-forestales","tag-las-cronicas-del-vertigo","tag-las-mananas-de-rne","tag-ola-de-calor","tag-periodismo","tag-piromanos","tag-radio","tag-rne","tag-seprona","tag-sucesos"],"aioseo_notices":[],"_links":{"self":[{"href":"https:\/\/javiermanzano.es\/index.php?rest_route=\/wp\/v2\/posts\/4745","targetHints":{"allow":["GET"]}}],"collection":[{"href":"https:\/\/javiermanzano.es\/index.php?rest_route=\/wp\/v2\/posts"}],"about":[{"href":"https:\/\/javiermanzano.es\/index.php?rest_route=\/wp\/v2\/types\/post"}],"author":[{"embeddable":true,"href":"https:\/\/javiermanzano.es\/index.php?rest_route=\/wp\/v2\/users\/3"}],"replies":[{"embeddable":true,"href":"https:\/\/javiermanzano.es\/index.php?rest_route=%2Fwp%2Fv2%2Fcomments&post=4745"}],"version-history":[{"count":4,"href":"https:\/\/javiermanzano.es\/index.php?rest_route=\/wp\/v2\/posts\/4745\/revisions"}],"predecessor-version":[{"id":4752,"href":"https:\/\/javiermanzano.es\/index.php?rest_route=\/wp\/v2\/posts\/4745\/revisions\/4752"}],"wp:attachment":[{"href":"https:\/\/javiermanzano.es\/index.php?rest_route=%2Fwp%2Fv2%2Fmedia&parent=4745"}],"wp:term":[{"taxonomy":"category","embeddable":true,"href":"https:\/\/javiermanzano.es\/index.php?rest_route=%2Fwp%2Fv2%2Fcategories&post=4745"},{"taxonomy":"post_tag","embeddable":true,"href":"https:\/\/javiermanzano.es\/index.php?rest_route=%2Fwp%2Fv2%2Ftags&post=4745"}],"curies":[{"name":"wp","href":"https:\/\/api.w.org\/{rel}","templated":true}]}}