{"id":4724,"date":"2015-06-16T12:22:09","date_gmt":"2015-06-16T11:22:09","guid":{"rendered":"http:\/\/javiermanzano.es\/?p=4724"},"modified":"2015-06-16T12:22:09","modified_gmt":"2015-06-16T11:22:09","slug":"el-crimen-de-asunta-claves-y-secretos","status":"publish","type":"post","link":"https:\/\/javiermanzano.es\/?p=4724","title":{"rendered":"El crimen de Asunta, claves y secretos"},"content":{"rendered":"<p><em><span class=\"frame-outer  alignleft size-medium wp-image-4725\"><span><span><span><span><a href=\"https:\/\/javiermanzano.es\/wp-content\/uploads\/2015\/06\/1380307110_373643_1380307250_noticia_normal1.jpg\"><img loading=\"lazy\" decoding=\"async\" class=\"alignleft size-medium wp-image-4725\" src=\"https:\/\/javiermanzano.es\/wp-content\/uploads\/2015\/06\/1380307110_373643_1380307250_noticia_normal1-201x300.jpg\" alt=\"1380307110_373643_1380307250_noticia_normal[1]\" width=\"201\" height=\"300\" srcset=\"https:\/\/javiermanzano.es\/wp-content\/uploads\/2015\/06\/1380307110_373643_1380307250_noticia_normal1-201x300.jpg 201w, https:\/\/javiermanzano.es\/wp-content\/uploads\/2015\/06\/1380307110_373643_1380307250_noticia_normal1.jpg 300w\" sizes=\"auto, (max-width: 201px) 100vw, 201px\" \/><\/a><\/span><\/span><\/span><\/span><\/span>\u00abHablamos hoy del caso Asunta. Ver\u00e1s, la semana que viene ten\u00eda que empezar el juicio por ese asesinato pero\u2026, \u00a1qu\u00e9 tendr\u00e1 este caso! que el juicio se ha tenido que aplazar porque los jurados renunciar a serlo.<\/em><\/p>\n<p><em>Hoy\u2026: las claves del crimen de Asunta.<\/em><\/p>\n<p><em>No se ha encontrado respuesta al por qu\u00e9. Y si eso es tremendo, escalofriante es la NO respuesta a la otra pregunta de doble filo: para qu\u00e9.<\/em><\/p>\n<p><em>Hace hoy 532 d\u00edas. Fue un s\u00e1bado, 21 de septiembre, a las 7 de la tarde, cuando la peque\u00f1a Asunta Basterra Porto era asfixiada hasta la muerte por sus padres. Diremos presuntamente pero por imperativo legal porque tanto Rosario como Alfonso anegaron de mentiras la instrucci\u00f3n de un sumario en el que ambos entraron como imputados s\u00f3lo unas horas despu\u00e9s de que fuera encontrado el cad\u00e1ver de la ni\u00f1a en una pista forestal a las afueras de Santiago de Compostela.<\/em><\/p>\n<p><em><span class=\"frame-outer  alignright size-medium wp-image-4727\"><span><span><span><span><a href=\"https:\/\/javiermanzano.es\/wp-content\/uploads\/2015\/06\/1380112542_extras_ladillos_1_01.jpg\"><img loading=\"lazy\" decoding=\"async\" class=\"alignright size-medium wp-image-4727\" src=\"https:\/\/javiermanzano.es\/wp-content\/uploads\/2015\/06\/1380112542_extras_ladillos_1_01-300x191.jpg\" alt=\"1380112542_extras_ladillos_1_0[1]\" width=\"300\" height=\"191\" srcset=\"https:\/\/javiermanzano.es\/wp-content\/uploads\/2015\/06\/1380112542_extras_ladillos_1_01-300x191.jpg 300w, https:\/\/javiermanzano.es\/wp-content\/uploads\/2015\/06\/1380112542_extras_ladillos_1_01.jpg 470w\" sizes=\"auto, (max-width: 300px) 100vw, 300px\" \/><\/a><\/span><\/span><\/span><\/span><\/span>Decenas y decenas de mentiras, ella desde el desequilibrio mental y \u00e9l desde una frialdad que da miedo. Embustes y falsedades sin fin, pero tambi\u00e9n alguna traici\u00f3n del subconsciente que hace bueno aquello de que no hay crimen perfecto: el padre, horas despu\u00e9s del crimen, tras denunciar la desaparici\u00f3n de la ni\u00f1a, le dijo al polic\u00eda que registraba su casa que Asunta iba a aparecer muerta y que esperaba que no la hubieran violado. Tremendo.<\/em><\/p>\n<p><em>Y terrible, irracional, todo lo que vino despu\u00e9s. Desde el hallazgo en un papelera de casa, en los primeros momentos despu\u00e9s del crimen, de restos de cuerdas como las que ten\u00eda el cad\u00e1ver; <span class=\"frame-outer  alignleft size-medium wp-image-4729\"><span><span><span><span><a href=\"https:\/\/javiermanzano.es\/wp-content\/uploads\/2015\/06\/S05D48121.jpg\"><img loading=\"lazy\" decoding=\"async\" class=\"alignleft size-medium wp-image-4729\" src=\"https:\/\/javiermanzano.es\/wp-content\/uploads\/2015\/06\/S05D48121-300x168.jpg\" alt=\"S05D4812[1]\" width=\"300\" height=\"168\" srcset=\"https:\/\/javiermanzano.es\/wp-content\/uploads\/2015\/06\/S05D48121-300x168.jpg 300w, https:\/\/javiermanzano.es\/wp-content\/uploads\/2015\/06\/S05D48121.jpg 980w\" sizes=\"auto, (max-width: 300px) 100vw, 300px\" \/><\/a><\/span><\/span><\/span><\/span><\/span>a la constataci\u00f3n de que el plan para matar a Asunta lo perge\u00f1aron al menos tres meses antes de cometerlo, y volvemos a usar el presuntamente, cuando en julio madre y padre comienzan a dar a la ni\u00f1a cantidades industriales de Orfidal. La misma droga con la que la atiborraron en la comida que compartieron los 3 aquel \u00faltima d\u00eda en la vida de Asunta. Un almuerzo precedido por una escena terror\u00edfica: la madre y la ni\u00f1a organizando los horarios del nuevo curso escolar cuando ya estaba decidido su ajusticiamiento.<\/em><\/p>\n<p><em><span class=\"frame-outer  alignright size-medium wp-image-4731\"><span><span><span><span><a href=\"https:\/\/javiermanzano.es\/wp-content\/uploads\/2015\/06\/asunta-11.gif\"><img loading=\"lazy\" decoding=\"async\" class=\"alignright size-medium wp-image-4731\" src=\"https:\/\/javiermanzano.es\/wp-content\/uploads\/2015\/06\/asunta-11-205x300.gif\" alt=\"asunta-1[1]\" width=\"205\" height=\"300\" \/><\/a><\/span><\/span><\/span><\/span><\/span>Por qu\u00e9. Para qu\u00e9. Esos dos terribles preguntas sin respuesta quiz\u00e1 puedan explicar porque los miembros del jurado no han querido serlo y el juicio ha tenido que aplazarse.<\/em><\/p>\n<p><em>El asesinato de Asunta, claves y secretos. De eso hablamos esta ma\u00f1ana, lo hacemos con la periodista que m\u00e1s sabe de este caso, autora del libro \u201cEl crimen de Asunta\u201d: <a href=\"http:\/\/cruzmorcillo.blogspot.com.es\/\">Cruz Morcillo<\/a>\u00ab.<\/em><\/p>\n<p>Y ahora ya: \u00a1a escuchar!<\/p>\n<p>Antes, te recuerdo: puedes escuchar Las Cr\u00f3nicas Del V\u00e9rtigo los martes a las 10:45 en Las Ma\u00f1anas de RNE. Adem\u00e1s, puedes seguirnos en Twitter, @cronicasvertigo , y puedes contactar con nosotros y contarnos lo que quieras aqu\u00ed: lascronicasdelvertigo@gmail.com<\/p>\n<p>A cuidarse!!<\/p>\n<p><iframe loading=\"lazy\" src=\"http:\/\/www.ivoox.com\/player_ek_4646715_2_1.html?data=lZuhmJyVeY6ZmKiak5eJd6KmlJKSmaiRdo6ZmKiakpKJe6ShkZKSmaiRkMLnjKjfh6iXaaOnz87Qw9iPiMbgjLuSpZiJhZrm1c7U0YqWh4ynmpKfj4qbh46%2BwtvWx9ePkcLi28bb0ZKJe6ShlQ%3D%3D&amp;\" width=\"238\" height=\"48\" frameborder=\"0\" scrolling=\"no\" allowfullscreen=\"allowfullscreen\"><\/iframe><\/p>\n","protected":false},"excerpt":{"rendered":"<p>\u00abHablamos hoy del caso Asunta. Ver\u00e1s, la semana que viene ten\u00eda que empezar el juicio por ese asesinato pero\u2026, \u00a1qu\u00e9 tendr\u00e1 este caso! que el juicio se ha tenido que aplazar porque los jurados renunciar a serlo. Hoy\u2026: las claves del crimen de Asunta. No se ha encontrado respuesta al por qu\u00e9. Y si eso [&hellip;]<\/p>\n","protected":false},"author":3,"featured_media":0,"comment_status":"open","ping_status":"open","sticky":false,"template":"","format":"standard","meta":{"footnotes":""},"categories":[1],"tags":[819,817,510,816,519,507,821,449,450,506,818,820,508],"class_list":["post-4724","post","type-post","status-publish","format-standard","hentry","category-politica","tag-alfonso-basterra","tag-asunta","tag-cronica-negra","tag-cruz-morcillo","tag-las-cronicas-del-vertigo","tag-las-mananas-de-rne","tag-orfidal","tag-periodismo","tag-radio","tag-rne","tag-rosario-porto","tag-santiago-de-compostela","tag-sucesos"],"aioseo_notices":[],"_links":{"self":[{"href":"https:\/\/javiermanzano.es\/index.php?rest_route=\/wp\/v2\/posts\/4724","targetHints":{"allow":["GET"]}}],"collection":[{"href":"https:\/\/javiermanzano.es\/index.php?rest_route=\/wp\/v2\/posts"}],"about":[{"href":"https:\/\/javiermanzano.es\/index.php?rest_route=\/wp\/v2\/types\/post"}],"author":[{"embeddable":true,"href":"https:\/\/javiermanzano.es\/index.php?rest_route=\/wp\/v2\/users\/3"}],"replies":[{"embeddable":true,"href":"https:\/\/javiermanzano.es\/index.php?rest_route=%2Fwp%2Fv2%2Fcomments&post=4724"}],"version-history":[{"count":5,"href":"https:\/\/javiermanzano.es\/index.php?rest_route=\/wp\/v2\/posts\/4724\/revisions"}],"predecessor-version":[{"id":4733,"href":"https:\/\/javiermanzano.es\/index.php?rest_route=\/wp\/v2\/posts\/4724\/revisions\/4733"}],"wp:attachment":[{"href":"https:\/\/javiermanzano.es\/index.php?rest_route=%2Fwp%2Fv2%2Fmedia&parent=4724"}],"wp:term":[{"taxonomy":"category","embeddable":true,"href":"https:\/\/javiermanzano.es\/index.php?rest_route=%2Fwp%2Fv2%2Fcategories&post=4724"},{"taxonomy":"post_tag","embeddable":true,"href":"https:\/\/javiermanzano.es\/index.php?rest_route=%2Fwp%2Fv2%2Ftags&post=4724"}],"curies":[{"name":"wp","href":"https:\/\/api.w.org\/{rel}","templated":true}]}}