{"id":464,"date":"2009-10-15T13:09:20","date_gmt":"2009-10-15T12:09:20","guid":{"rendered":"http:\/\/javiermanzano.es\/?p=464"},"modified":"2009-10-17T09:55:37","modified_gmt":"2009-10-17T08:55:37","slug":"caso-gurppel-mentiras-masivas-preside-rajoy","status":"publish","type":"post","link":"https:\/\/javiermanzano.es\/?p=464","title":{"rendered":"Caso GurPPel: mentiras masivas, preside Rajoy"},"content":{"rendered":"<p>Esperp\u00e9ntico, surrealista y hasta escalofriante el \u00faltimo episodio (por el momento) del caso gur<em>PP<\/em>el que acaba de protagonizar Nanin Rajoy y que se puede resumir como la quintaesencia de las mentiras masivas que es lo que ahora se lleva en su partido.<\/p>\n<p>Capaz como pocos de decir en apenas un segundo una cosa y la contraria, el rizo lo ha rizado diciendo que a Costa se le ha cesado por no dar la talla (\u00abel cese se debe a que a un secretario general hay que pedirle un plus de exigencia y responsabilidad\u00bb) para acto seguido afirmar que \u00abCosta pidi\u00f3 la suspensi\u00f3n de sus funciones como secretario general y como portavoz parlamentario\u00bb. \u00bfEn qu\u00e9 quedamos, se le ces\u00f3 (por no dar la talla) o se ces\u00f3 a s\u00ed mismo?<\/p>\n<p>No contento con eso, Rajoy hace saber tambi\u00e9n que el propio Costa ha pedido comparecer ante el tribunal de derechos y garant\u00edas. Gran novedad, \u00e9l no s\u00f3lo no dijo eso sino que pidi\u00f3 una investigaci\u00f3n. \u00bfEn qu\u00e9 quedamos, pide que LE investiguen o pide que\u00a0SE investigue?<\/p>\n<p>Y a m\u00e1s a m\u00e1s, enredado entre tanta mentira masiva, dice Nanin que a \u00e9l Camps no le ha mentido. \u00bfQuiere decir por tanto que a\u00a0\u00e9l s\u00ed le dijo que NO pagaba sus trajes (una evidencia judicialmente hablando),\u00a0mientras que al resto dijo que S\u00cd se pagaba sus trajes? Apoyo cerrado (aparentemente) a Camps y la cuesti\u00f3n en este punto es \u00bfpor qu\u00e9?&#8230; \u00bfHay respuesta?&#8230; Charolito est\u00e1 convencido de que s\u00ed la hay y se remite a la teor\u00eda de los g\u00fcevos comunicantes posteada ayer en este Foro.<\/p>\n<p>Y de vuelta al chou de Nanin, conviene no perder de vista tampoco que Rajoy afirma que no consentir\u00e1 conductas que puedan\u00a0avergonzar a los militantes y a los votantes del PP. \u00bfNo le parece\u00a0vergonzoso y\/o vergonzante aquello del \u00abte quiero un huevo\u00bb?<\/p>\n<p>En definitiva&#8230;: lamentable. Caso Gur<em>PP<\/em>el: mentiras masivas, preside Rajoy. Un personaje que hoy se ha mostrado, adem\u00e1s de colorado, como aprendiz de fil\u00f3sofo diciendo, tomemos nota: \u00abla vida son resultados y los resultados son los que son\u00bb. Impresionante.<\/p>\n<p>\u00a0<\/p>\n<p>A cuidarse!!!<\/p>\n<p>\u00a0<\/p>\n\n\n\n","protected":false},"excerpt":{"rendered":"<p>Esperp\u00e9ntico, surrealista y hasta escalofriante el \u00faltimo episodio (por el momento) del caso gurPPel que acaba de protagonizar Nanin Rajoy y que se puede resumir como la quintaesencia de las mentiras masivas que es lo que ahora se lleva en su partido. Capaz como pocos de decir en apenas un segundo una cosa y la [&hellip;]<\/p>\n","protected":false},"author":3,"featured_media":0,"comment_status":"open","ping_status":"open","sticky":false,"template":"","format":"standard","meta":{"footnotes":""},"categories":[1],"tags":[16,31,167,156,35,54],"class_list":["post-464","post","type-post","status-publish","format-standard","hentry","category-politica","tag-camps","tag-corrupcion","tag-costa","tag-gurtel","tag-mentiras","tag-rajoy"],"aioseo_notices":[],"_links":{"self":[{"href":"https:\/\/javiermanzano.es\/index.php?rest_route=\/wp\/v2\/posts\/464","targetHints":{"allow":["GET"]}}],"collection":[{"href":"https:\/\/javiermanzano.es\/index.php?rest_route=\/wp\/v2\/posts"}],"about":[{"href":"https:\/\/javiermanzano.es\/index.php?rest_route=\/wp\/v2\/types\/post"}],"author":[{"embeddable":true,"href":"https:\/\/javiermanzano.es\/index.php?rest_route=\/wp\/v2\/users\/3"}],"replies":[{"embeddable":true,"href":"https:\/\/javiermanzano.es\/index.php?rest_route=%2Fwp%2Fv2%2Fcomments&post=464"}],"version-history":[{"count":5,"href":"https:\/\/javiermanzano.es\/index.php?rest_route=\/wp\/v2\/posts\/464\/revisions"}],"predecessor-version":[{"id":467,"href":"https:\/\/javiermanzano.es\/index.php?rest_route=\/wp\/v2\/posts\/464\/revisions\/467"}],"wp:attachment":[{"href":"https:\/\/javiermanzano.es\/index.php?rest_route=%2Fwp%2Fv2%2Fmedia&parent=464"}],"wp:term":[{"taxonomy":"category","embeddable":true,"href":"https:\/\/javiermanzano.es\/index.php?rest_route=%2Fwp%2Fv2%2Fcategories&post=464"},{"taxonomy":"post_tag","embeddable":true,"href":"https:\/\/javiermanzano.es\/index.php?rest_route=%2Fwp%2Fv2%2Ftags&post=464"}],"curies":[{"name":"wp","href":"https:\/\/api.w.org\/{rel}","templated":true}]}}