{"id":4481,"date":"2014-12-31T09:28:06","date_gmt":"2014-12-31T08:28:06","guid":{"rendered":"http:\/\/javiermanzano.es\/?p=4481"},"modified":"2014-12-31T09:28:06","modified_gmt":"2014-12-31T08:28:06","slug":"novela-negra-y-gastronomia","status":"publish","type":"post","link":"https:\/\/javiermanzano.es\/?p=4481","title":{"rendered":"Novela Negra y Gastronom\u00eda"},"content":{"rendered":"<p><em><span class=\"frame-outer  alignleft size-medium wp-image-4484\"><span><span><span><span><a href=\"https:\/\/javiermanzano.es\/wp-content\/uploads\/2014\/12\/untitled.png\"><img loading=\"lazy\" decoding=\"async\" class=\"alignleft size-medium wp-image-4484\" src=\"https:\/\/javiermanzano.es\/wp-content\/uploads\/2014\/12\/untitled-300x216.png\" alt=\"untitled\" width=\"300\" height=\"216\" srcset=\"https:\/\/javiermanzano.es\/wp-content\/uploads\/2014\/12\/untitled-300x216.png 300w, https:\/\/javiermanzano.es\/wp-content\/uploads\/2014\/12\/untitled.png 567w\" sizes=\"auto, (max-width: 300px) 100vw, 300px\" \/><\/a><\/span><\/span><\/span><\/span><\/span>\u00abHoy hablamos de novela negra y gastronom\u00eda y preparamos un men\u00fa de nochevieja negrocriminal.<\/em><\/p>\n<p><em>Piensas: \u201celementos que maridan con la novela negra\u201d. Y a la cabeza te vienen, adem\u00e1s de los obvios, pues por ejemplo: el jazz, el tabaco, el whisky\u2026 \u00bfTambi\u00e9n la gastronom\u00eda?&#8230;, pues s\u00ed, tambi\u00e9n la gastronom\u00eda: en Agatha Christie, en Simenon, en Higshmith, en Hammett, en Camilleri, en M\u00e1rkaris, en Padura\u2026<\/em><\/p>\n<p><em> Pepe Carvalho y Manuel V\u00e1zquez Montalb\u00e1n, tanto monta, son la mejor definici\u00f3n de \u2018novela negra y gastronom\u00eda\u2019. No la \u00fanica, pero s\u00ed la m\u00e1s popular. Son gloriosas no s\u00f3lo las comilonas que se pega el detective como tambi\u00e9n las recetas que dispara con todos sus preparativos, desde el mercado a los fogones.<span class=\"frame-outer  aligncenter size-full wp-image-4482\"><span><span><span><span><a href=\"https:\/\/javiermanzano.es\/wp-content\/uploads\/2014\/12\/comilona1.jpg\"><img loading=\"lazy\" decoding=\"async\" class=\"aligncenter size-full wp-image-4482\" src=\"https:\/\/javiermanzano.es\/wp-content\/uploads\/2014\/12\/comilona1.jpg\" alt=\"comilona[1]\" width=\"415\" height=\"148\" srcset=\"https:\/\/javiermanzano.es\/wp-content\/uploads\/2014\/12\/comilona1.jpg 913w, https:\/\/javiermanzano.es\/wp-content\/uploads\/2014\/12\/comilona1-300x107.jpg 300w\" sizes=\"auto, (max-width: 913px) 100vw, 913px\" \/><\/a><\/span><\/span><\/span><\/span><\/span><\/em><\/p>\n<p><em> Con ellos presidiendo la mesa, hoy vamos a perpetrar un men\u00fa \u2018negrocriminal\u2019 para la nochevieja, con recetas que aparecen en novelas o con platos y bebidas de protagonistas de novelas policiacas. Y mientras lo vamos haciendo, charlaremos de esos libros, de esos autores, de esos personajes\u2026, de novela negra y gastronom\u00eda.<\/em><br \/>\n<em> Los ma\u00eetres van a ser Carvalho y Montalb\u00e1n; Manchette; Montalbano y Camilleri; Marlowe y Chandler; y Sepulturero Jones, Ata\u00fad Jonhson y Chester Himes.<\/em><\/p>\n<p><span class=\"frame-outer  alignright size-medium wp-image-4486\"><span><span><span><span><a href=\"https:\/\/javiermanzano.es\/wp-content\/uploads\/2014\/12\/portada.jpg\"><img loading=\"lazy\" decoding=\"async\" class=\"alignright size-medium wp-image-4486\" src=\"https:\/\/javiermanzano.es\/wp-content\/uploads\/2014\/12\/portada-300x198.jpg\" alt=\"portada\" width=\"300\" height=\"198\" srcset=\"https:\/\/javiermanzano.es\/wp-content\/uploads\/2014\/12\/portada-300x198.jpg 300w, https:\/\/javiermanzano.es\/wp-content\/uploads\/2014\/12\/portada-1024x675.jpg 1024w, https:\/\/javiermanzano.es\/wp-content\/uploads\/2014\/12\/portada.jpg 1600w\" sizes=\"auto, (max-width: 300px) 100vw, 300px\" \/><\/a><\/span><\/span><\/span><\/span><\/span>Y la Chef es la escritora y periodista experta en gastronom\u00eda Yanet Acosta. Es autora de la novela \u2018El Chef ha muerto\u2019 que arranca con la noticia de la muerte del cocinero m\u00e1s famoso del mundo, podr\u00eda recordar a Adri\u00e1, atragantado cuando com\u00eda un pulpo crudo. El protagonista es un detective llamado Ven Cabreira que s\u00f3lo come latas de fabada y que perdi\u00f3 el sentido del gusto. Toda la novela transita entre restaurantes, chefs, estrellas Michelin\u2026: mejilla a la sal, verg\u00fcenza en salsa verde, salpic\u00f3n de ausencias, fetiche de bacalao, resurrecci\u00f3n de fabada\u2026 Hay cocina minimalista y ultramoderna y hay cocina cl\u00e1sica, hay mucha intriga y acci\u00f3n, es divertida y lleva sorpresas\u2026, se lee de un bocado.<\/p>\n<p><em> Y con todos esos ingredientes, preparemos una cena negracriminal para fin de a\u00f1o\u00bb.<\/em><\/p>\n<p>Y ahora ya: \u00a1a escuchar!<\/p>\n<p>Antes, te recuerdo: puedes escuchar Las Cr\u00f3nicas Del V\u00e9rtigo los martes a las 10:45 en <a href=\"http:\/\/www.rtve.es\/radio\/las-mananas-de-rne\/\">Las Ma\u00f1anas de RNE<\/a>. Adem\u00e1s, puedes seguirnos en Twitter, @cronicasvertigo , y puedes contactar con nosotros y contarnos lo que quieras aqu\u00ed: lascronicasdelvertigo@gmail.com<\/p>\n<p>A cuidarse!! Feliz 15!!!<\/p>\n<p><iframe loading=\"lazy\" src=\"http:\/\/www.ivoox.com\/player_ek_3907239_2_1.html?data=lJ6dmZeXfY6ZmKiakp6Jd6KmmZKSmaiRdo6ZmKiakpKJe6ShkZKSmaiRkMLnjKjfh6iXaaOnz87Qw9iPiMbgjLuSpZiJhZrm1c7U0YqWh4ylmZKfj4qbh46%2BwtvWx9ePkcLi28bb0ZKJe6ShlQ%3D%3D&amp;\" width=\"238\" height=\"48\" frameborder=\"0\" scrolling=\"no\" allowfullscreen=\"allowfullscreen\"><\/iframe><\/p>\n","protected":false},"excerpt":{"rendered":"<p>\u00abHoy hablamos de novela negra y gastronom\u00eda y preparamos un men\u00fa de nochevieja negrocriminal. Piensas: \u201celementos que maridan con la novela negra\u201d. Y a la cabeza te vienen, adem\u00e1s de los obvios, pues por ejemplo: el jazz, el tabaco, el whisky\u2026 \u00bfTambi\u00e9n la gastronom\u00eda?&#8230;, pues s\u00ed, tambi\u00e9n la gastronom\u00eda: en Agatha Christie, en Simenon, en [&hellip;]<\/p>\n","protected":false},"author":3,"featured_media":0,"comment_status":"open","ping_status":"open","sticky":false,"template":"","format":"standard","meta":{"footnotes":""},"categories":[1],"tags":[510,519,507,745,449,506,508,746],"class_list":["post-4481","post","type-post","status-publish","format-standard","hentry","category-politica","tag-cronica-negra","tag-las-cronicas-del-vertigo","tag-las-mananas-de-rne","tag-novela-negra-y-gastronomia","tag-periodismo","tag-rne","tag-sucesos","tag-yanet-acosta"],"aioseo_notices":[],"_links":{"self":[{"href":"https:\/\/javiermanzano.es\/index.php?rest_route=\/wp\/v2\/posts\/4481","targetHints":{"allow":["GET"]}}],"collection":[{"href":"https:\/\/javiermanzano.es\/index.php?rest_route=\/wp\/v2\/posts"}],"about":[{"href":"https:\/\/javiermanzano.es\/index.php?rest_route=\/wp\/v2\/types\/post"}],"author":[{"embeddable":true,"href":"https:\/\/javiermanzano.es\/index.php?rest_route=\/wp\/v2\/users\/3"}],"replies":[{"embeddable":true,"href":"https:\/\/javiermanzano.es\/index.php?rest_route=%2Fwp%2Fv2%2Fcomments&post=4481"}],"version-history":[{"count":9,"href":"https:\/\/javiermanzano.es\/index.php?rest_route=\/wp\/v2\/posts\/4481\/revisions"}],"predecessor-version":[{"id":4493,"href":"https:\/\/javiermanzano.es\/index.php?rest_route=\/wp\/v2\/posts\/4481\/revisions\/4493"}],"wp:attachment":[{"href":"https:\/\/javiermanzano.es\/index.php?rest_route=%2Fwp%2Fv2%2Fmedia&parent=4481"}],"wp:term":[{"taxonomy":"category","embeddable":true,"href":"https:\/\/javiermanzano.es\/index.php?rest_route=%2Fwp%2Fv2%2Fcategories&post=4481"},{"taxonomy":"post_tag","embeddable":true,"href":"https:\/\/javiermanzano.es\/index.php?rest_route=%2Fwp%2Fv2%2Ftags&post=4481"}],"curies":[{"name":"wp","href":"https:\/\/api.w.org\/{rel}","templated":true}]}}