{"id":446,"date":"2009-10-14T09:55:49","date_gmt":"2009-10-14T08:55:49","guid":{"rendered":"http:\/\/javiermanzano.es\/?p=446"},"modified":"2009-10-14T20:39:22","modified_gmt":"2009-10-14T19:39:22","slug":"caso-gurppel-la-teoria-de-los-guevos-comunicantes","status":"publish","type":"post","link":"https:\/\/javiermanzano.es\/?p=446","title":{"rendered":"Caso GurPPel: la teor\u00eda de los g\u00fcevos comunicantes"},"content":{"rendered":"<p>\u00a1\u00a1\u00a1Menudo espect\u00e1culo est\u00e1 dando el ex-Nanin ex-Rajoy y sus \u00bfex?-secuaces!!!<\/p>\n<p>Claro que la cuesti\u00f3n no es otra que \u00a1\u00bfpor qu\u00e9?!, y la explicaci\u00f3n en este justo momento (y minuto) s\u00f3lo la encuentra Charolito en la \u00abteor\u00eda de los g\u00fcevos comunicantes\u00bb que llega despu\u00e9s de la de \u00abqu\u00e9 cojonazos\u00bb y\u00a0la de \u00abpa cojones los m\u00edos\u00bb.<\/p>\n<p>Esta\u00a0nueva teor\u00eda de \u00ablos g\u00fcevos comunicantes\u00bb que se ha instalado en el gur<em>PP<\/em>el\u00a0es tambi\u00e9n simple y m\u00e1s vieja que la tos: todos se tienen cogidos por los g\u00fcevos y seg\u00fan vayan viniendo los acontecimientos se los van apretando unos a otros consiguiendo que en vez de voces atronadoras surgan chilliditos entrecortados y que en lugar de \u00f3rdenes firmes salgan estertores encadenados en dialecto \u00abcallo m\u00e1s que lo que digo\u00bb.<\/p>\n<p>En eso est\u00e1n todos (menos los Albertos que siguen deleit\u00e1ndose con la inexorable\u00a0llegada de \u00absu tiempo\u00bb), y haciendo y practicanto eso (\u00abla teor\u00eda de los g\u00fcevos comunicantes) est\u00e1n evidenciando lo que es y ha sido un secreto a voces (en el gur<em>PP<\/em>el y en otros): que nadie quiere a nadie, que todos odian a todos (y hasta se odian a si mismos), y que para llegar a cualquier sitio (y no s\u00f3lo a lo m\u00e1s alto) hay que ejercer sin piedad ni compasi\u00f3n \u00abel atilismo\u00bb (si es preciso contra uno mismo). En definitiva, que se arrancaron las caretas a g\u00fcevazo limpio mostrando a las claras lo que hay detr\u00e1s (o debajo) de las fachas.<\/p>\n<p>Veremos qu\u00e9 ocurre y sobre todo cuando porque se han lanzado al hundimiento a tal velocidad que en el transcurso de un minuto son capaces de mentir cien veces, enga\u00f1ar doscientas, y apu\u00f1alarse trescientas. Todo espolvoreado con la fren\u00e9tica pr\u00e1ctica de \u00abla teor\u00eda de los g\u00fcevos comunicantes\u00bb.<\/p>\n<p>\u00a0<\/p>\n<p>A cuidarse!!!<\/p>\n<p>\u00a0<\/p>\n\n\n\n","protected":false},"excerpt":{"rendered":"<p>\u00a1\u00a1\u00a1Menudo espect\u00e1culo est\u00e1 dando el ex-Nanin ex-Rajoy y sus \u00bfex?-secuaces!!! Claro que la cuesti\u00f3n no es otra que \u00a1\u00bfpor qu\u00e9?!, y la explicaci\u00f3n en este justo momento (y minuto) s\u00f3lo la encuentra Charolito en la \u00abteor\u00eda de los g\u00fcevos comunicantes\u00bb que llega despu\u00e9s de la de \u00abqu\u00e9 cojonazos\u00bb y\u00a0la de \u00abpa cojones los m\u00edos\u00bb. Esta\u00a0nueva [&hellip;]<\/p>\n","protected":false},"author":3,"featured_media":0,"comment_status":"open","ping_status":"open","sticky":false,"template":"","format":"standard","meta":{"footnotes":""},"categories":[1],"tags":[161,16,31,167,156,25,54,168],"class_list":["post-446","post","type-post","status-publish","format-standard","hentry","category-politica","tag-alberto","tag-camps","tag-corrupcion","tag-costa","tag-gurtel","tag-mentira","tag-rajoy","tag-traicion"],"aioseo_notices":[],"_links":{"self":[{"href":"https:\/\/javiermanzano.es\/index.php?rest_route=\/wp\/v2\/posts\/446","targetHints":{"allow":["GET"]}}],"collection":[{"href":"https:\/\/javiermanzano.es\/index.php?rest_route=\/wp\/v2\/posts"}],"about":[{"href":"https:\/\/javiermanzano.es\/index.php?rest_route=\/wp\/v2\/types\/post"}],"author":[{"embeddable":true,"href":"https:\/\/javiermanzano.es\/index.php?rest_route=\/wp\/v2\/users\/3"}],"replies":[{"embeddable":true,"href":"https:\/\/javiermanzano.es\/index.php?rest_route=%2Fwp%2Fv2%2Fcomments&post=446"}],"version-history":[{"count":5,"href":"https:\/\/javiermanzano.es\/index.php?rest_route=\/wp\/v2\/posts\/446\/revisions"}],"predecessor-version":[{"id":448,"href":"https:\/\/javiermanzano.es\/index.php?rest_route=\/wp\/v2\/posts\/446\/revisions\/448"}],"wp:attachment":[{"href":"https:\/\/javiermanzano.es\/index.php?rest_route=%2Fwp%2Fv2%2Fmedia&parent=446"}],"wp:term":[{"taxonomy":"category","embeddable":true,"href":"https:\/\/javiermanzano.es\/index.php?rest_route=%2Fwp%2Fv2%2Fcategories&post=446"},{"taxonomy":"post_tag","embeddable":true,"href":"https:\/\/javiermanzano.es\/index.php?rest_route=%2Fwp%2Fv2%2Ftags&post=446"}],"curies":[{"name":"wp","href":"https:\/\/api.w.org\/{rel}","templated":true}]}}