{"id":4377,"date":"2014-10-28T14:01:00","date_gmt":"2014-10-28T13:01:00","guid":{"rendered":"http:\/\/javiermanzano.es\/?p=4377"},"modified":"2014-10-28T14:01:00","modified_gmt":"2014-10-28T13:01:00","slug":"los-negociadores-de-la-policia","status":"publish","type":"post","link":"https:\/\/javiermanzano.es\/?p=4377","title":{"rendered":"Los Negociadores de la Polic\u00eda"},"content":{"rendered":"<p><em>\u00ab<span class=\"frame-outer  alignleft size-medium wp-image-4380\"><span><span><span><span><a href=\"https:\/\/javiermanzano.es\/wp-content\/uploads\/2014\/10\/23.jpg\"><img loading=\"lazy\" decoding=\"async\" class=\"alignleft size-medium wp-image-4380\" src=\"https:\/\/javiermanzano.es\/wp-content\/uploads\/2014\/10\/23-300x200.jpg\" alt=\"2\" width=\"300\" height=\"200\" srcset=\"https:\/\/javiermanzano.es\/wp-content\/uploads\/2014\/10\/23-300x200.jpg 300w, https:\/\/javiermanzano.es\/wp-content\/uploads\/2014\/10\/23-1024x682.jpg 1024w\" sizes=\"auto, (max-width: 300px) 100vw, 300px\" \/><\/a><\/span><\/span><\/span><\/span><\/span>Hoy somos rehenes en un secuestro&#8230;, pero nos van a liberar. Hoy vamos a conocer a los negociadores de la polic\u00eda.<\/em><\/p>\n<p><em>Son 6 en la unidad central y uno en cada jefatura superior. Act\u00faan en cr\u00edmenes en acci\u00f3n: secuestros, atracos con rehenes, extorsiones, intentos de suicidio, violencia de g\u00e9nero\u2026<\/em><\/p>\n<p><em>Su arma es la palabra; su objetivo ganar tiempo. Expertos en gestionar el miedo, domesticar la adrenalina y construir confianza; desde su puesta en marcha, como grupo como tal, han resuelto medio centenar de secuestros y decenas de extorsiones; tambi\u00e9n sustracciones de menores o desapariciones.<\/em><\/p>\n<p><em><span class=\"frame-outer  alignright size-medium wp-image-4382\"><span><span><span><span><a href=\"https:\/\/javiermanzano.es\/wp-content\/uploads\/2014\/10\/31.jpg\"><img loading=\"lazy\" decoding=\"async\" class=\"alignright size-medium wp-image-4382\" src=\"https:\/\/javiermanzano.es\/wp-content\/uploads\/2014\/10\/31-300x207.jpg\" alt=\"3\" width=\"300\" height=\"207\" srcset=\"https:\/\/javiermanzano.es\/wp-content\/uploads\/2014\/10\/31-300x207.jpg 300w, https:\/\/javiermanzano.es\/wp-content\/uploads\/2014\/10\/31.jpg 567w\" sizes=\"auto, (max-width: 300px) 100vw, 300px\" \/><\/a><\/span><\/span><\/span><\/span><\/span>El nombre de esta unidad es Equipo Nacional de Negociadores de la polic\u00eda y forma parte de la Secci\u00f3n de Secuestros y Extorsiones. Ahora cumplen 14 a\u00f1os, con esa denominaci\u00f3n; su primera misi\u00f3n fue liberar a unos empresarios espa\u00f1oles secuestrados en Georgia en 2002; y una de sus actuaciones m\u00e1s conocidas recientemente fue solventar el secuestro virtual en M\u00e9xico de los componentes del grupo musical Delorean.<\/em><\/p>\n<p><em>Est\u00e1n operativos las 24 horas del d\u00eda, trabajan en equipo \u2013en contra de la imagen que tenemos por el cine-, y en su divisa pone \u201cinmediatez y especializaci\u00f3n\u201d\u2026 Dicho de otro modo: act\u00faan r\u00e1pido y son un comod\u00edn para el malo, la puerta de salida para su frustraci\u00f3n.<\/em><\/p>\n<p><em><span class=\"frame-outer  alignleft size-medium wp-image-4379\"><span><span><span><span><a href=\"https:\/\/javiermanzano.es\/wp-content\/uploads\/2014\/10\/Alberto-Carba-en-plenas-Cr\u00f3nicas-Del-V\u00e9rtigo.jpg\"><img loading=\"lazy\" decoding=\"async\" class=\"alignleft size-medium wp-image-4379\" src=\"https:\/\/javiermanzano.es\/wp-content\/uploads\/2014\/10\/Alberto-Carba-en-plenas-Cr\u00f3nicas-Del-V\u00e9rtigo-300x168.jpg\" alt=\"Alberto Carba en plenas Cr\u00f3nicas Del V\u00e9rtigo\" width=\"300\" height=\"168\" srcset=\"https:\/\/javiermanzano.es\/wp-content\/uploads\/2014\/10\/Alberto-Carba-en-plenas-Cr\u00f3nicas-Del-V\u00e9rtigo-300x168.jpg 300w, https:\/\/javiermanzano.es\/wp-content\/uploads\/2014\/10\/Alberto-Carba-en-plenas-Cr\u00f3nicas-Del-V\u00e9rtigo.jpg 1024w\" sizes=\"auto, (max-width: 300px) 100vw, 300px\" \/><\/a><\/span><\/span><\/span><\/span><\/span>Emp\u00e1ticos, comunicadores, imaginativos, con m\u00e1ximo control emocional\u2026; los negociadores no aconsejan, preguntan; no ordenan ni amenazan, escuchan; no mercadean, negocian.<\/em><\/p>\n<p><em>Son los negociadores de la polic\u00eda y su jefe es Alberto Carba, jefe de la secci\u00f3n de secuestros y extorsiones\u00bb.<\/em><\/p>\n<p>Y ahora ya: \u00a1a escuchar!<\/p>\n<p>Antes, te recuerdo: puedes escuchar Las Cr\u00f3nicas Del V\u00e9rtigo los martes a las 10:45 en Las Ma\u00f1anas de RNE. Adem\u00e1s, puedes seguirnos en Twitter, @cronicasvertigo , y puedes contactar con nosotros y contarnos lo que quieras aqu\u00ed: lascronicasdelvertigo@gmail.com<\/p>\n<p>A cuidarse!!<\/p>\n<p>&nbsp;<\/p>\n<p><iframe loading=\"lazy\" src=\"http:\/\/www.ivoox.com\/player_ek_3664424_2_1.html?data=lJujlpmWeI6ZmKiakp6Jd6KokpKSmaiRdo6ZmKiakpKJe6ShkZKSmaiRkMLnjKjfh6iXaaOnz87Qw9iPiMbgjLuSpZiJhZrm1c7U0YqWh4ytjpeah5yncavV187S1JCxpc%2FuwtPcj4qbh46o&amp;\" width=\"238\" height=\"48\" frameborder=\"0\" scrolling=\"no\" allowfullscreen=\"allowfullscreen\"><\/iframe><\/p>\n","protected":false},"excerpt":{"rendered":"<p>\u00abHoy somos rehenes en un secuestro&#8230;, pero nos van a liberar. Hoy vamos a conocer a los negociadores de la polic\u00eda. Son 6 en la unidad central y uno en cada jefatura superior. Act\u00faan en cr\u00edmenes en acci\u00f3n: secuestros, atracos con rehenes, extorsiones, intentos de suicidio, violencia de g\u00e9nero\u2026 Su arma es la palabra; su [&hellip;]<\/p>\n","protected":false},"author":3,"featured_media":0,"comment_status":"open","ping_status":"open","sticky":false,"template":"","format":"standard","meta":{"footnotes":""},"categories":[1],"tags":[718,510,719,519,507,720,449,524,450,721,508],"class_list":["post-4377","post","type-post","status-publish","format-standard","hentry","category-politica","tag-alberto-carba","tag-cronica-negra","tag-grupo-de-negociadores","tag-las-cronicas-del-vertigo","tag-las-mananas-de-rne","tag-negociadores","tag-periodismo","tag-policia","tag-radio","tag-seccion-de-secuestros-y-extorsiones","tag-sucesos"],"aioseo_notices":[],"_links":{"self":[{"href":"https:\/\/javiermanzano.es\/index.php?rest_route=\/wp\/v2\/posts\/4377","targetHints":{"allow":["GET"]}}],"collection":[{"href":"https:\/\/javiermanzano.es\/index.php?rest_route=\/wp\/v2\/posts"}],"about":[{"href":"https:\/\/javiermanzano.es\/index.php?rest_route=\/wp\/v2\/types\/post"}],"author":[{"embeddable":true,"href":"https:\/\/javiermanzano.es\/index.php?rest_route=\/wp\/v2\/users\/3"}],"replies":[{"embeddable":true,"href":"https:\/\/javiermanzano.es\/index.php?rest_route=%2Fwp%2Fv2%2Fcomments&post=4377"}],"version-history":[{"count":6,"href":"https:\/\/javiermanzano.es\/index.php?rest_route=\/wp\/v2\/posts\/4377\/revisions"}],"predecessor-version":[{"id":4386,"href":"https:\/\/javiermanzano.es\/index.php?rest_route=\/wp\/v2\/posts\/4377\/revisions\/4386"}],"wp:attachment":[{"href":"https:\/\/javiermanzano.es\/index.php?rest_route=%2Fwp%2Fv2%2Fmedia&parent=4377"}],"wp:term":[{"taxonomy":"category","embeddable":true,"href":"https:\/\/javiermanzano.es\/index.php?rest_route=%2Fwp%2Fv2%2Fcategories&post=4377"},{"taxonomy":"post_tag","embeddable":true,"href":"https:\/\/javiermanzano.es\/index.php?rest_route=%2Fwp%2Fv2%2Ftags&post=4377"}],"curies":[{"name":"wp","href":"https:\/\/api.w.org\/{rel}","templated":true}]}}