{"id":4320,"date":"2014-09-16T12:44:18","date_gmt":"2014-09-16T11:44:18","guid":{"rendered":"http:\/\/javiermanzano.es\/?p=4320"},"modified":"2014-09-16T12:44:18","modified_gmt":"2014-09-16T11:44:18","slug":"sergio-vera-lector-voraz-de-novela-negra-invidente","status":"publish","type":"post","link":"https:\/\/javiermanzano.es\/?p=4320","title":{"rendered":"Sergio Vera: lector voraz de Novela Negra, invidente"},"content":{"rendered":"<p><em><span class=\"frame-outer  alignleft size-medium wp-image-4322\"><span><span><span><span><a href=\"https:\/\/javiermanzano.es\/wp-content\/uploads\/2014\/09\/SN2012-Con-AndreuMartin1.jpg\"><img loading=\"lazy\" decoding=\"async\" class=\"alignleft size-medium wp-image-4322\" src=\"https:\/\/javiermanzano.es\/wp-content\/uploads\/2014\/09\/SN2012-Con-AndreuMartin1-300x225.jpg\" alt=\"SN2012 Con AndreuMartin[1]\" width=\"300\" height=\"225\" srcset=\"https:\/\/javiermanzano.es\/wp-content\/uploads\/2014\/09\/SN2012-Con-AndreuMartin1-300x225.jpg 300w, https:\/\/javiermanzano.es\/wp-content\/uploads\/2014\/09\/SN2012-Con-AndreuMartin1-1024x768.jpg 1024w, https:\/\/javiermanzano.es\/wp-content\/uploads\/2014\/09\/SN2012-Con-AndreuMartin1.jpg 1600w\" sizes=\"auto, (max-width: 300px) 100vw, 300px\" \/><\/a><\/span><\/span><\/span><\/span><\/span>\u00abHoy vamos a conocer a un erudito de la novela negra y policiaca, a un lector compulsivo de novela negra\u2026, es ciego.<\/em><\/p>\n<p><em>Conquense del 86, Sergio Vera se qued\u00f3 ciego a los 18 a\u00f1os por una negligencia m\u00e9dica; entonces estudiaba, que ya es mala pata, medicina. Lejos de amilanarse, se crece en la adversidad y con un tes\u00f3n y una voluntad que muchos querr\u00edamos, se licencia en magisterio de lenguas extranjeras y psico-pedagog\u00eda, obtiene una beca, de las dif\u00edciles, en Formaci\u00f3n de Profesorado Universitario y comienza su tesis doctoral sobre, anoten: comprensi\u00f3n lectora y promoci\u00f3n de literatura infantil. No se queda ah\u00ed sino que adem\u00e1s se vuelca en la creaci\u00f3n y desarrollo de clubes de lectura en sitios tan diversos como un centro penitenciario, Aldeas Infantiles o las bibliotecas p\u00fablicas de Cuenca. Y por si todo eso no fuera suficiente, adem\u00e1s se lanza en cuerpo y alma a la novela negra no s\u00f3lo leyendo, de o\u00eddo claro est\u00e1, todo cuando se publica a una velocidad de 4 o 5 libros a la semana, sino tambi\u00e9n creando el encuentro negrocriminal <a href=\"http:\/\/casasahorcadas.blogspot.com.es\/\">Casas Ahorcadas<\/a>, rese\u00f1ando en diversas publicaciones, o presentando novedades editoriales del g\u00e9nero negro en las m\u00e1s prestigiosas ferias.<\/em><\/p>\n<p><em> <span class=\"frame-outer  alignright size-medium wp-image-4324\"><span><span><span><span><a href=\"https:\/\/javiermanzano.es\/wp-content\/uploads\/2014\/09\/Sergio-Vera.jpg\"><img loading=\"lazy\" decoding=\"async\" class=\"alignright size-medium wp-image-4324\" src=\"https:\/\/javiermanzano.es\/wp-content\/uploads\/2014\/09\/Sergio-Vera-199x300.jpg\" alt=\"Sergio Vera\" width=\"199\" height=\"300\" srcset=\"https:\/\/javiermanzano.es\/wp-content\/uploads\/2014\/09\/Sergio-Vera-199x300.jpg 199w, https:\/\/javiermanzano.es\/wp-content\/uploads\/2014\/09\/Sergio-Vera.jpg 644w\" sizes=\"auto, (max-width: 199px) 100vw, 199px\" \/><\/a><\/span><\/span><\/span><\/span><\/span>Sergio Vera, todo un ejemplo de vida, y, sin la menor duda, una autoridad de primer nivel en el \u00e1mbito de la novela negra, reconocido y respetado como tal por escritores y editores.<\/em><\/p>\n<p><em> A \u00e9l es a quien vamos a conocer hoy y de su mano vamos a descubrir \u00e1ngulos interesantes del g\u00e9nero negro al que tambi\u00e9n se aproxima escribiendo;\u00a0no, que sepamos, delinquiendo.<\/em><\/p>\n<p><em> \u00bfC\u00f3mo lo hizo? \u00bfC\u00f3mo lo hace? \u00bfCu\u00e1l es su an\u00e1lisis del momento actual de la novela negra, qu\u00e9 le sobra y qu\u00e9 le falta? \u00bfQu\u00e9 autores no especialmente conocidos no deber\u00edamos dejar de conocer? \u00bfQu\u00e9 recomendaciones comparte con nosotros?<\/em><\/p>\n<p><em> En fin, porque en el territorio de las cr\u00f3nicas del v\u00e9rtigo no s\u00f3lo hay polic\u00edas y ladrones, forenses o psiquiatras, criminalistas o detectives\u2026; hoy un erudito del g\u00e9nero, aunque \u00e9l diga lo contrario, para recibir esta ma\u00f1ana una clase magistral de novela negra\u00bb.<\/em><\/p>\n<p>Y ahora ya: \u00a1a escuchar!<\/p>\n<p>Antes, te recuerdo: puedes escuchar Las Cr\u00f3nicas Del V\u00e9rtigo los martes a las 10:45 en <a href=\"http:\/\/www.rtve.es\/radio\/las-mananas-de-rne\/\">Las Ma\u00f1anas de RNE<\/a>. Adem\u00e1s, puedes seguirnos en Twitter, @cronicasvertigo , y puedes contactar con nosotros y contarnos lo que quieras aqu\u00ed: lascronicasdelvertigo@gmail.com<\/p>\n<p>A cuidarse!!<\/p>\n<p>&nbsp;<\/p>\n<p><iframe loading=\"lazy\" src=\"http:\/\/www.ivoox.com\/player_ek_3499641_2_1.html?data=lJmmm5uYdY6ZmKiak5iJd6KlmZKSmaiRdo6ZmKiakpKJe6ShkZKSmaiRkMLnjKjfh6iXaaOnz87Qw9iPiMbgjLuSpZiJhZrm1c7U0YqWh4ynjpeah5yncavV187S1JCxpc%2FuwtPcj4qbh46o&amp;\" width=\"238\" height=\"48\" frameborder=\"0\" scrolling=\"no\" allowfullscreen=\"allowfullscreen\"><\/iframe><\/p>\n","protected":false},"excerpt":{"rendered":"<p>\u00abHoy vamos a conocer a un erudito de la novela negra y policiaca, a un lector compulsivo de novela negra\u2026, es ciego. Conquense del 86, Sergio Vera se qued\u00f3 ciego a los 18 a\u00f1os por una negligencia m\u00e9dica; entonces estudiaba, que ya es mala pata, medicina. Lejos de amilanarse, se crece en la adversidad y [&hellip;]<\/p>\n","protected":false},"author":3,"featured_media":0,"comment_status":"open","ping_status":"open","sticky":false,"template":"","format":"standard","meta":{"footnotes":""},"categories":[1],"tags":[700,510,519,507,518,449,450,506,699,508],"class_list":["post-4320","post","type-post","status-publish","format-standard","hentry","category-politica","tag-casas-ahorcadas","tag-cronica-negra","tag-las-cronicas-del-vertigo","tag-las-mananas-de-rne","tag-novela-negra","tag-periodismo","tag-radio","tag-rne","tag-sergio-vera","tag-sucesos"],"aioseo_notices":[],"_links":{"self":[{"href":"https:\/\/javiermanzano.es\/index.php?rest_route=\/wp\/v2\/posts\/4320","targetHints":{"allow":["GET"]}}],"collection":[{"href":"https:\/\/javiermanzano.es\/index.php?rest_route=\/wp\/v2\/posts"}],"about":[{"href":"https:\/\/javiermanzano.es\/index.php?rest_route=\/wp\/v2\/types\/post"}],"author":[{"embeddable":true,"href":"https:\/\/javiermanzano.es\/index.php?rest_route=\/wp\/v2\/users\/3"}],"replies":[{"embeddable":true,"href":"https:\/\/javiermanzano.es\/index.php?rest_route=%2Fwp%2Fv2%2Fcomments&post=4320"}],"version-history":[{"count":5,"href":"https:\/\/javiermanzano.es\/index.php?rest_route=\/wp\/v2\/posts\/4320\/revisions"}],"predecessor-version":[{"id":4327,"href":"https:\/\/javiermanzano.es\/index.php?rest_route=\/wp\/v2\/posts\/4320\/revisions\/4327"}],"wp:attachment":[{"href":"https:\/\/javiermanzano.es\/index.php?rest_route=%2Fwp%2Fv2%2Fmedia&parent=4320"}],"wp:term":[{"taxonomy":"category","embeddable":true,"href":"https:\/\/javiermanzano.es\/index.php?rest_route=%2Fwp%2Fv2%2Fcategories&post=4320"},{"taxonomy":"post_tag","embeddable":true,"href":"https:\/\/javiermanzano.es\/index.php?rest_route=%2Fwp%2Fv2%2Ftags&post=4320"}],"curies":[{"name":"wp","href":"https:\/\/api.w.org\/{rel}","templated":true}]}}