{"id":4308,"date":"2014-09-09T15:09:32","date_gmt":"2014-09-09T14:09:32","guid":{"rendered":"http:\/\/javiermanzano.es\/?p=4308"},"modified":"2014-09-09T15:09:32","modified_gmt":"2014-09-09T14:09:32","slug":"el-pederasta-en-serie-de-madrid","status":"publish","type":"post","link":"https:\/\/javiermanzano.es\/?p=4308","title":{"rendered":"El pederasta en serie de Madrid"},"content":{"rendered":"<p><em><span class=\"frame-outer  alignleft size-medium wp-image-4309\"><span><span><span><span><a href=\"https:\/\/javiermanzano.es\/wp-content\/uploads\/2014\/09\/301.jpg\"><img loading=\"lazy\" decoding=\"async\" class=\"alignleft size-medium wp-image-4309\" src=\"https:\/\/javiermanzano.es\/wp-content\/uploads\/2014\/09\/301-300x161.jpg\" alt=\"30[1]\" width=\"300\" height=\"161\" srcset=\"https:\/\/javiermanzano.es\/wp-content\/uploads\/2014\/09\/301-300x161.jpg 300w, https:\/\/javiermanzano.es\/wp-content\/uploads\/2014\/09\/301.jpg 644w\" sizes=\"auto, (max-width: 300px) 100vw, 300px\" \/><\/a><\/span><\/span><\/span><\/span><\/span>\u00abHoy el pederasta en serie de Madrid. Vamos a intentar trazar su perfil.<\/em><\/p>\n<p><em>Si adem\u00e1s de lo que busque buscaba tambi\u00e9n su minuto de gloria, el degenerado calificado como \u201cenemigo p\u00fablico n\u00famero 1\u201d tiene que estar que se sale porque acumula miles de minutos. Tantos como que ma\u00f1ana se cumplir\u00e1n 5 meses de su primera actuaci\u00f3n, aunque se sospecha que ahora hace un a\u00f1o pudo haber comenzado su caza.<\/em><\/p>\n<p><em> Hablamos, ya lo saben, de un tipo del que apenas se sabe nada, al menos que haya trascendido, que secuestra ni\u00f1as, lleva 3 que pudieran ser 4, las retiene durante horas y las deja con s\u00edntomas de haberlas drogado y lavadas. Un tipo osado toda vez que act\u00faa en la calle, que no es algo muy normal en este tipo de delincuentes; un tipo h\u00e1bil sin duda puesto que act\u00faa en lugares donde no hay, y \u00e9l lo sabe, c\u00e1maras de videovigilancia; y un tipo provocador, o as\u00ed puede parecerlo, ya que algunas de sus actuaciones las ha realizado en el entorno de la zona con m\u00e1s polic\u00edas de toda Espa\u00f1a: Canillas, en Madrid, donde est\u00e1 el macro complejo policial.<\/em><\/p>\n<p><em>  <span class=\"frame-outer  alignright size-medium wp-image-4312\"><span><span><span><span><a href=\"https:\/\/javiermanzano.es\/wp-content\/uploads\/2014\/09\/Consejos-para-evitar-los-secuestros1.jpg\"><img loading=\"lazy\" decoding=\"async\" class=\"alignright size-medium wp-image-4312\" src=\"https:\/\/javiermanzano.es\/wp-content\/uploads\/2014\/09\/Consejos-para-evitar-los-secuestros1-300x170.jpg\" alt=\"Consejos-para-evitar-los-secuestros[1]\" width=\"300\" height=\"170\" srcset=\"https:\/\/javiermanzano.es\/wp-content\/uploads\/2014\/09\/Consejos-para-evitar-los-secuestros1-300x170.jpg 300w, https:\/\/javiermanzano.es\/wp-content\/uploads\/2014\/09\/Consejos-para-evitar-los-secuestros1.jpg 654w\" sizes=\"auto, (max-width: 300px) 100vw, 300px\" \/><\/a><\/span><\/span><\/span><\/span><\/span>En suma, delicados interrogantes que intentan despejar a toda m\u00e1quina un despliegue policial sin precedentes a la caza y captura de este pederasta en serie. Como ejemplo sirve un dato: se han investigado casi 3 millones de veh\u00edculos, de matr\u00edculas m\u00e1s exactamente.<\/em><br \/>\n<em> Que es prioridad m\u00e1xima es indiscutible, tan es as\u00ed que la polic\u00eda ha mantenido diversas reuniones con colectivos vecinales y directores de colegios de 3 distritos de Madrid por los que adem\u00e1s se ha multiplicado el n\u00famero de c\u00e1maras de seguridad. Todo, eso s\u00ed, de la manera m\u00e1s profesional posible para que no se dispare por completo la alarma ahora que comienza el curso escolar. El mayor temor, l\u00f3gicamente, es que vuelva a actuar.<\/em><\/p>\n<p><em> En todo ese escenario tan inquietante, de los de v\u00e9rtigo v\u00e9rtigo, planteamos el programa de hoy. Queremos intentar trazar un perfil de este delincuente, por no llamarle otra cosa: porqu\u00e9 hace lo que hace, c\u00f3mo podr\u00eda ser tanto en acci\u00f3n como en su vida \u201centre <span class=\"frame-outer  alignleft size-medium wp-image-4316\"><span><span><span><span><a href=\"https:\/\/javiermanzano.es\/wp-content\/uploads\/2014\/09\/garrido21.jpg\"><img loading=\"lazy\" decoding=\"async\" class=\"alignleft size-medium wp-image-4316\" src=\"https:\/\/javiermanzano.es\/wp-content\/uploads\/2014\/09\/garrido21-300x225.jpg\" alt=\"garrido2[1]\" width=\"300\" height=\"225\" srcset=\"https:\/\/javiermanzano.es\/wp-content\/uploads\/2014\/09\/garrido21-300x225.jpg 300w, https:\/\/javiermanzano.es\/wp-content\/uploads\/2014\/09\/garrido21.jpg 856w\" sizes=\"auto, (max-width: 300px) 100vw, 300px\" \/><\/a><\/span><\/span><\/span><\/span><\/span>comillas\u201d normal, qu\u00e9 buscar\u00e1 en tanto que sea por lo que fuere no se ha hablado de agresiones sexuales, qu\u00e9 halo delincuencial puede tener como para que surjan, como as\u00ed parece, imitadores\u2026<\/em><\/p>\n<p><em> En fin, cuestiones delicadas y cuestiones importantes que abordamos con la compa\u00f1\u00eda de uno de los crimin\u00f3logos m\u00e1s prestigiosos y reconocidos, Vicente Garrido, que ha sido consultor de Naciones Unidas para la prevenci\u00f3n de la delincuencia juvenil, que ha estudiado a fondo los par\u00e1metros de actuaci\u00f3n de los delincuentes sexuales, adem\u00e1s de los psic\u00f3patas, y que, entre otras muchas cosas, tiene una veintena de libros publicados, muchos de ellos obras de referencia en el \u00e1mbito de la criminolog\u00eda.\u00bb<\/em><\/p>\n<p>Y ahora ya: \u00a1a escuchar!<\/p>\n<p>Antes, te recuerdo: puedes escuchar Las Cr\u00f3nicas Del V\u00e9rtigo los martes a las 10:45 en <a href=\"http:\/\/www.rtve.es\/radio\/las-mananas-de-rne\/\">Las Ma\u00f1anas de RNE<\/a>. Adem\u00e1s, puedes seguirnos en Twitter, @cronicasvertigo , y puedes contactar con nosotros y contarnos lo que quieras aqu\u00ed: lascronicasdelvertigo@gmail.com<\/p>\n<p>A cuidarse!!<\/p>\n<p>&nbsp;<\/p>\n<p><iframe loading=\"lazy\" src=\"http:\/\/www.ivoox.com\/player_ek_3478420_2_1.html?data=lJmkmpmWdI6ZmKiak5aJd6Kpl5KSmaiRdo6ZmKiakpKJe6ShkZKSmaiRkMLnjKjfh6iXaaOnz87Qw9iPiMbgjLuSpZiJhZrm1c7U0YqWh4ymjpeah5yncavV187S1JCxpc%2FuwtPcj4qbh46o&amp;\" width=\"238\" height=\"48\" frameborder=\"0\" scrolling=\"no\" allowfullscreen=\"allowfullscreen\"><\/iframe><\/p>\n","protected":false},"excerpt":{"rendered":"<p>\u00abHoy el pederasta en serie de Madrid. Vamos a intentar trazar su perfil. Si adem\u00e1s de lo que busque buscaba tambi\u00e9n su minuto de gloria, el degenerado calificado como \u201cenemigo p\u00fablico n\u00famero 1\u201d tiene que estar que se sale porque acumula miles de minutos. Tantos como que ma\u00f1ana se cumplir\u00e1n 5 meses de su primera [&hellip;]<\/p>\n","protected":false},"author":3,"featured_media":0,"comment_status":"open","ping_status":"open","sticky":false,"template":"","format":"standard","meta":{"footnotes":""},"categories":[1],"tags":[696,698,510,519,507,76,695,449,524,450,506,508,697],"class_list":["post-4308","post","type-post","status-publish","format-standard","hentry","category-politica","tag-ciudad-lineal","tag-criminologo","tag-cronica-negra","tag-las-cronicas-del-vertigo","tag-las-mananas-de-rne","tag-madrid","tag-pederasta","tag-periodismo","tag-policia","tag-radio","tag-rne","tag-sucesos","tag-vicente-garrido"],"aioseo_notices":[],"_links":{"self":[{"href":"https:\/\/javiermanzano.es\/index.php?rest_route=\/wp\/v2\/posts\/4308","targetHints":{"allow":["GET"]}}],"collection":[{"href":"https:\/\/javiermanzano.es\/index.php?rest_route=\/wp\/v2\/posts"}],"about":[{"href":"https:\/\/javiermanzano.es\/index.php?rest_route=\/wp\/v2\/types\/post"}],"author":[{"embeddable":true,"href":"https:\/\/javiermanzano.es\/index.php?rest_route=\/wp\/v2\/users\/3"}],"replies":[{"embeddable":true,"href":"https:\/\/javiermanzano.es\/index.php?rest_route=%2Fwp%2Fv2%2Fcomments&post=4308"}],"version-history":[{"count":6,"href":"https:\/\/javiermanzano.es\/index.php?rest_route=\/wp\/v2\/posts\/4308\/revisions"}],"predecessor-version":[{"id":4318,"href":"https:\/\/javiermanzano.es\/index.php?rest_route=\/wp\/v2\/posts\/4308\/revisions\/4318"}],"wp:attachment":[{"href":"https:\/\/javiermanzano.es\/index.php?rest_route=%2Fwp%2Fv2%2Fmedia&parent=4308"}],"wp:term":[{"taxonomy":"category","embeddable":true,"href":"https:\/\/javiermanzano.es\/index.php?rest_route=%2Fwp%2Fv2%2Fcategories&post=4308"},{"taxonomy":"post_tag","embeddable":true,"href":"https:\/\/javiermanzano.es\/index.php?rest_route=%2Fwp%2Fv2%2Ftags&post=4308"}],"curies":[{"name":"wp","href":"https:\/\/api.w.org\/{rel}","templated":true}]}}