{"id":4210,"date":"2014-06-03T13:05:32","date_gmt":"2014-06-03T12:05:32","guid":{"rendered":"http:\/\/javiermanzano.es\/?p=4210"},"modified":"2014-06-03T13:05:56","modified_gmt":"2014-06-03T12:05:56","slug":"novela-negra-y-cronica-negra","status":"publish","type":"post","link":"https:\/\/javiermanzano.es\/?p=4210","title":{"rendered":"Novela Negra y Cr\u00f3nica Negra"},"content":{"rendered":"<p><span class=\"frame-outer  alignleft size-medium wp-image-4211\"><span><span><span><span><a href=\"https:\/\/javiermanzano.es\/wp-content\/uploads\/2014\/06\/1.jpg\"><img loading=\"lazy\" decoding=\"async\" class=\"alignleft size-medium wp-image-4211\" src=\"https:\/\/javiermanzano.es\/wp-content\/uploads\/2014\/06\/1-225x300.jpg\" alt=\"1\" width=\"225\" height=\"300\" srcset=\"https:\/\/javiermanzano.es\/wp-content\/uploads\/2014\/06\/1-225x300.jpg 225w, https:\/\/javiermanzano.es\/wp-content\/uploads\/2014\/06\/1.jpg 612w\" sizes=\"auto, (max-width: 225px) 100vw, 225px\" \/><\/a><\/span><\/span><\/span><\/span><\/span>\u00ab<em>En medio de estas horas tan vertiginosas, hoy, reci\u00e9n inaugurada en Madrid la Feria del Libro, \u2026hoy vamos\u2026 a editar libros: g\u00e9nero negro, tanto novela negra como cr\u00f3nica negra.<\/em><\/p>\n<p><em>Acaba de cumplir 173 a\u00f1os la novela negra, tal y como la conocemos, y por extensi\u00f3n el g\u00e9nero negro. S\u00ed que parece indiscutible que sus or\u00edgenes habr\u00eda que buscarlos en el principio de los tiempos, cuando por Atapuerca uno mat\u00f3 a otro y un tercero lo cont\u00f3, cr\u00f3nica negra, o, por ce\u00f1irnos a un libro, cuando Ca\u00edn mat\u00f3 a Abel y alguien lo escribi\u00f3, cr\u00f3nica negra-novela negra.<\/em><\/p>\n<p><em>Sea como fuere, las enciclopedias dicen que el padre de la novela negra, y por extensi\u00f3n el g\u00e9nero negro, fue el norteamericano Edgar Allan Poe cuando en abril de 1841 se entretuvo en escribir y publicar \u201cLos Cr\u00edmenes de la calle Morgue\u201d. Ah\u00ed dicen que fue cuando se abri\u00f3 la espita de un g\u00e9nero condenado a triunfar desde su mismo nacimiento toda vez que conjuga, como compuso Alan Parsons, historias de misterio e imaginaci\u00f3n; toda vez que se asienta no ya en el morbo sino en esa cara B de la vida que hacemos como que no queremos verla pero que la escrutamos y devoramos con fruici\u00f3n.<\/em><\/p>\n<p><em><span class=\"frame-outer  alignright size-medium wp-image-4213\"><span><span><span><span><a href=\"https:\/\/javiermanzano.es\/wp-content\/uploads\/2014\/06\/2.jpg\"><img loading=\"lazy\" decoding=\"async\" class=\"alignright size-medium wp-image-4213\" src=\"https:\/\/javiermanzano.es\/wp-content\/uploads\/2014\/06\/2-300x168.jpg\" alt=\"2\" width=\"300\" height=\"168\" srcset=\"https:\/\/javiermanzano.es\/wp-content\/uploads\/2014\/06\/2-300x168.jpg 300w, https:\/\/javiermanzano.es\/wp-content\/uploads\/2014\/06\/2.jpg 1024w\" sizes=\"auto, (max-width: 300px) 100vw, 300px\" \/><\/a><\/span><\/span><\/span><\/span><\/span>Quiz\u00e1 sea eso o quiz\u00e1 est\u00e9 ah\u00ed el porqu\u00e9 del \u00e9xito, interminable e imperecedero, de este g\u00e9nero que produce al a\u00f1o centenares de libros, tanto de ficci\u00f3n como de no ficci\u00f3n, y decenas y decenas de pel\u00edculas, obras de teatro, pinturas, canciones, comics, simposios, exposiciones\u2026, y todo el abanico de expresiones art\u00edsticas. As\u00ed ha venido siendo desde tiempos inmemoriales y as\u00ed ser\u00e1 porque en fondo, se quiera o no, \u201ctodos somos criminales\u201d.<\/em><\/p>\n<p><em>De novela negra por tanto hablamos hoy, y por extensi\u00f3n de g\u00e9nero negro. \u00bfY con qui\u00e9n vamos a hacerlo, con qui\u00e9n vamos a charlarlo? Pues con quienes son el eslab\u00f3n entre el creador y el lector: con editores. No editores de los grandes sellos o las grandes multinacionales sino editores casi artesanos que son a fin de cuentas los que mantienen vivo el inmenso placer de la lectura.<\/em><\/p>\n<p><em>Hemos invitado a dos: un editor de novela negra curtido en mil batallas, y un editor de cr\u00f3nica negra que poco a poco se va haciendo hueco.<\/em><\/p>\n<p><em><span class=\"frame-outer  alignleft size-medium wp-image-4215\"><span><span><span><span><a href=\"https:\/\/javiermanzano.es\/wp-content\/uploads\/2014\/06\/Muerto-el-perro-Salem1.png\"><img loading=\"lazy\" decoding=\"async\" class=\"alignleft size-medium wp-image-4215\" src=\"https:\/\/javiermanzano.es\/wp-content\/uploads\/2014\/06\/Muerto-el-perro-Salem1-300x192.png\" alt=\"Muerto-el-perro-Salem[1]\" width=\"300\" height=\"192\" srcset=\"https:\/\/javiermanzano.es\/wp-content\/uploads\/2014\/06\/Muerto-el-perro-Salem1-300x192.png 300w, https:\/\/javiermanzano.es\/wp-content\/uploads\/2014\/06\/Muerto-el-perro-Salem1.png 908w\" sizes=\"auto, (max-width: 300px) 100vw, 300px\" \/><\/a><\/span><\/span><\/span><\/span><\/span>El veterano, el de la novela negra, es una de las voces m\u00e1s autorizadas en el mundo editorial. Se llama Pere Sureda, es responsable de Navona Editorial y m\u00e1s espec\u00edficamente de una de sus colecciones, Navona Negra, con la que ha publicado exquisiteces como la pionera y emblem\u00e1tica novela de Edgar Allan Poe \u201cLos Casos de Auguste Dupin\u201d, la muy recomendable \u201cV\u00edctimas\u201d de Jonathan Kellerman, o la que se ha convertido en bandera de la colecci\u00f3n: la recientemente premiada en Valencia Negra \u201cMuerto El Perro\u201d de Carlos Salem que ya va por la tercera edici\u00f3n, que se dice pronto.<\/em><\/p>\n<p><em><span class=\"frame-outer  alignright size-medium wp-image-4217\"><span><span><span><span><a href=\"https:\/\/javiermanzano.es\/wp-content\/uploads\/2014\/06\/CronicasQuinquis_Portada.31.jpg\"><img loading=\"lazy\" decoding=\"async\" class=\"alignright size-medium wp-image-4217\" src=\"https:\/\/javiermanzano.es\/wp-content\/uploads\/2014\/06\/CronicasQuinquis_Portada.31-232x300.jpg\" alt=\"CronicasQuinquis_Portada.3[1]\" width=\"232\" height=\"300\" srcset=\"https:\/\/javiermanzano.es\/wp-content\/uploads\/2014\/06\/CronicasQuinquis_Portada.31-232x300.jpg 232w, https:\/\/javiermanzano.es\/wp-content\/uploads\/2014\/06\/CronicasQuinquis_Portada.31-793x1024.jpg 793w, https:\/\/javiermanzano.es\/wp-content\/uploads\/2014\/06\/CronicasQuinquis_Portada.31.jpg 1397w\" sizes=\"auto, (max-width: 232px) 100vw, 232px\" \/><\/a><\/span><\/span><\/span><\/span><\/span>El novel, el de la cr\u00f3nica negra, se llama Alberto S\u00e1ez y es uno de los 4 socios de un editorial muy interesante llamada Libros Del KO cuyo objetivo es ni m\u00e1s ni menos que recuperar el libro como formato period\u00edstico. Hacen a todo, siempre y cuando est\u00e9 relacionado con el periodismo\u2026: desde la cr\u00f3nica deportiva a las cr\u00f3nicas de corresponsales de guerra pasando por la cr\u00f3nica negra con t\u00edtulos como \u201cCr\u00f3nicas Quinquis\u201d de Javier Valenzuela, \u201cCr\u00f3nicas de La Mafia\u201d de I\u00f1igo Dom\u00ednguez, o \u201cD\u00eda de Visita\u201d de Marco Avil\u00e9s que retrata la vida en la c\u00e1rcel de mujeres de Lima. Tambi\u00e9n podr\u00eda entrar en este apartado, porque la atm\u00f3sfera es muy \u201ccr\u00f3nica negra\u201d, el reci\u00e9n publicado \u201cLa edad de oro del boxeo, 15 asaltos de leyenda\u201d del maestro periodista malague\u00f1o Manuel Alc\u00e1ntara.<\/em><\/p>\n<p><em>Novela negra y g\u00e9nero negro en estas Cr\u00f3nicas Del V\u00e9rtigo de hoy, coincidiendo con la feria del libro de Madrid\u00bb.<\/em><\/p>\n<p>Y ahora ya: \u00a1a escuchar!<\/p>\n<p>Antes, te recuerdo: puedes escuchar Las Cr\u00f3nicas Del V\u00e9rtigo los martes a las 11:30 en <a href=\"http:\/\/www.rtve.es\/radio\/las-mananas-de-rne\/\">Las Ma\u00f1anas de RNE<\/a>. Adem\u00e1s, puedes seguirnos en Twitter, @cronicasvertigo , y puedes contactar con nosotros y contarnos lo que quieras aqu\u00ed: lascronicasdelvertigo@gmail.com<\/p>\n<p>A cuidarse!!<\/p>\n<p>&nbsp;<\/p>\n<p><iframe loading=\"lazy\" src=\"http:\/\/www.ivoox.com\/player_ek_3182593_2_1.html?data=lJallJqdd46ZmKiak5qJd6KllJKSmaiRdo6ZmKiakpKJe6ShkZKSmaiRh9OZpJiSpJjSrcTV1JDRx9GPmoa3lIqum9fYrcjjhpewjZiccYarpJK3w9vNqdOfrsbb3MbSs46ZmKialg%3D%3D&amp;\" width=\"238\" height=\"48\" frameborder=\"0\" scrolling=\"no\" allowfullscreen=\"allowfullscreen\"><\/iframe><\/p>\n","protected":false},"excerpt":{"rendered":"<p>\u00abEn medio de estas horas tan vertiginosas, hoy, reci\u00e9n inaugurada en Madrid la Feria del Libro, \u2026hoy vamos\u2026 a editar libros: g\u00e9nero negro, tanto novela negra como cr\u00f3nica negra. Acaba de cumplir 173 a\u00f1os la novela negra, tal y como la conocemos, y por extensi\u00f3n el g\u00e9nero negro. S\u00ed que parece indiscutible que sus or\u00edgenes [&hellip;]<\/p>\n","protected":false},"author":3,"featured_media":0,"comment_status":"open","ping_status":"open","sticky":false,"template":"","format":"standard","meta":{"footnotes":""},"categories":[1],"tags":[663,510,519,507,664,661,662,518,660,450,506,508],"class_list":["post-4210","post","type-post","status-publish","format-standard","hentry","category-politica","tag-alberto-saez","tag-cronica-negra","tag-las-cronicas-del-vertigo","tag-las-mananas-de-rne","tag-libos-del-ko","tag-navona-editorial","tag-navona-negra","tag-novela-negra","tag-pere-sureda","tag-radio","tag-rne","tag-sucesos"],"aioseo_notices":[],"_links":{"self":[{"href":"https:\/\/javiermanzano.es\/index.php?rest_route=\/wp\/v2\/posts\/4210","targetHints":{"allow":["GET"]}}],"collection":[{"href":"https:\/\/javiermanzano.es\/index.php?rest_route=\/wp\/v2\/posts"}],"about":[{"href":"https:\/\/javiermanzano.es\/index.php?rest_route=\/wp\/v2\/types\/post"}],"author":[{"embeddable":true,"href":"https:\/\/javiermanzano.es\/index.php?rest_route=\/wp\/v2\/users\/3"}],"replies":[{"embeddable":true,"href":"https:\/\/javiermanzano.es\/index.php?rest_route=%2Fwp%2Fv2%2Fcomments&post=4210"}],"version-history":[{"count":4,"href":"https:\/\/javiermanzano.es\/index.php?rest_route=\/wp\/v2\/posts\/4210\/revisions"}],"predecessor-version":[{"id":4218,"href":"https:\/\/javiermanzano.es\/index.php?rest_route=\/wp\/v2\/posts\/4210\/revisions\/4218"}],"wp:attachment":[{"href":"https:\/\/javiermanzano.es\/index.php?rest_route=%2Fwp%2Fv2%2Fmedia&parent=4210"}],"wp:term":[{"taxonomy":"category","embeddable":true,"href":"https:\/\/javiermanzano.es\/index.php?rest_route=%2Fwp%2Fv2%2Fcategories&post=4210"},{"taxonomy":"post_tag","embeddable":true,"href":"https:\/\/javiermanzano.es\/index.php?rest_route=%2Fwp%2Fv2%2Ftags&post=4210"}],"curies":[{"name":"wp","href":"https:\/\/api.w.org\/{rel}","templated":true}]}}