{"id":4082,"date":"2014-04-08T13:26:21","date_gmt":"2014-04-08T12:26:21","guid":{"rendered":"http:\/\/javiermanzano.es\/?p=4082"},"modified":"2014-04-08T13:26:21","modified_gmt":"2014-04-08T12:26:21","slug":"la-policia-del-graffiti","status":"publish","type":"post","link":"https:\/\/javiermanzano.es\/?p=4082","title":{"rendered":"La polic\u00eda del graffiti"},"content":{"rendered":"<p><em><span class=\"frame-outer  alignleft size-medium wp-image-4083\"><span><span><span><span><a href=\"https:\/\/javiermanzano.es\/wp-content\/uploads\/2014\/03\/22.jpg\"><img loading=\"lazy\" decoding=\"async\" class=\"alignleft size-medium wp-image-4083\" alt=\"2\" src=\"https:\/\/javiermanzano.es\/wp-content\/uploads\/2014\/03\/22-300x177.jpg\" width=\"300\" height=\"177\" srcset=\"https:\/\/javiermanzano.es\/wp-content\/uploads\/2014\/03\/22-300x177.jpg 300w, https:\/\/javiermanzano.es\/wp-content\/uploads\/2014\/03\/22.jpg 931w\" sizes=\"auto, (max-width: 300px) 100vw, 300px\" \/><\/a><\/span><\/span><\/span><\/span><\/span>\u00abHoy aerosoles, metros y trenes\u2026; hoy \u201cla polic\u00eda del grafiti\u201d.<\/em><\/p>\n<p><em>Que el graffiti es arte y que es cultura en el \u00e1mbito del hip hip, es algo indiscutible. Otra cosa bien distinta es cuando un grafitero que se emplea a fondo en metros y trenes dice que no es justo pagar 6000 euros por pintar un cercan\u00edas y a\u00f1ade: \u201cbastante m\u00e1s se gastan ellos por todos los destrozos que les causamos d\u00eda tras d\u00eda\u201d. Est\u00e1 claro que as\u00ed se traspasa la l\u00ednea y que el arte deja de serlo para instalarse en el territorio del delito. Ese mismo grafitero al que cit\u00e1bamos, su nombre es KIRAX y uno de los m\u00e1s activos en ferrocarriles, dice: \u201cen vez de muros prefiero pintar trenes, y dentro de los trenes los metros pero tambi\u00e9n cercan\u00edas, tranv\u00edas, euskotrenes, feves\u2026, \u2026todo lo que sean vagones que vayan sobre ra\u00edles son bienvenidos a mi \u00e1lbum\u201d.<\/em> <em> <\/em><\/p>\n<p><em>S\u00f3lo en RENFE, los da\u00f1os causados el a\u00f1o pasado por este tipo de graffiteros superaron los 19 millones de euros. En el metro, otro tanto de lo mismo. Da\u00f1os muy cuantiosos por una actividad desenfrenada como indican las estad\u00edsticas: s\u00f3lo en Madrid, y en lo que va de a\u00f1o, unas 200 acciones, de media unas 2 al d\u00eda.<\/em><\/p>\n<p><em> \u00bfC\u00f3mo se definen esas acciones con la legislaci\u00f3n en la mano? Pues simple y llanamente \u201cdelitos de da\u00f1os, de des\u00f3rdenes p\u00fablicos, o de detenci\u00f3n ilegal\u201d\u2026 Delitos aunque no suelen conllevar m\u00e1s que multas.<\/em> <em> <span class=\"frame-outer  alignright size-medium wp-image-4085\"><span><span><span><span><a href=\"https:\/\/javiermanzano.es\/wp-content\/uploads\/2014\/03\/1-KIRAX.jpg\"><img loading=\"lazy\" decoding=\"async\" class=\"alignright size-medium wp-image-4085\" alt=\"1 KIRAX\" src=\"https:\/\/javiermanzano.es\/wp-content\/uploads\/2014\/03\/1-KIRAX-300x195.jpg\" width=\"300\" height=\"195\" srcset=\"https:\/\/javiermanzano.es\/wp-content\/uploads\/2014\/03\/1-KIRAX-300x195.jpg 300w, https:\/\/javiermanzano.es\/wp-content\/uploads\/2014\/03\/1-KIRAX.jpg 645w\" sizes=\"auto, (max-width: 300px) 100vw, 300px\" \/><\/a><\/span><\/span><\/span><\/span><\/span><\/em><\/p>\n<p><em>Sea como fuere son delitos y para hacerles frente se crearon en Madrid en julio del a\u00f1o pasado los grupos de graffitis de la polic\u00eda nacional que dependen de la Brigada M\u00f3vil de la Polic\u00eda en el Transporte. Unas unidades especializadas que han conseguido reducir este tipo de actuaciones; que tienen identificados, s\u00f3lo en Madrid, a casi un centenar de estos graffiteros; y que ya han detenido a los considerados l\u00edderes de estos grupos: <a href=\"http:\/\/www.youtube.com\/watch?v=xw2-SAe8e6c&amp;feature=em-subs_digest \">LOSE<\/a>, en los del metro; KIRAX en los del ferrocarril.<\/em> <em> <\/em><\/p>\n<p><em>En ambos casos, LOSE y KIRAX han conseguido ser l\u00edderes en ese tipo de graffiteros por haber encabezado las actuaciones de mayor riesgo y haberlas mostrado, porque como nos dicen estos polic\u00edas \u201csi no publicas el graffiti, si los dem\u00e1s no lo ven, no eres nadie\u201d. Y los dos lo han hecho y lo hacen, y no s\u00f3lo aqu\u00ed sino tambi\u00e9n en Atenas, en Par\u00eds, en Londres\u2026, en Nueva York\u2026<\/em> <em> <\/em><\/p>\n<p><em>\u00bfC\u00f3mo act\u00faan ellos y sus bandas? Pues literalmente como comandos perfectamente organizados y con informaci\u00f3n de primer nivel. Un ejemplo: en el caso del metro, consiguen la informaci\u00f3n exacta del itinerario en el que quieren actuar, casi casi el plano del t\u00fanel entre dos estaciones, y con esos datos manipulan las salidas de emergencia en las galer\u00edas de ventilaci\u00f3n para una vez <span class=\"frame-outer  alignleft size-medium wp-image-4087\"><span><span><span><span><a href=\"https:\/\/javiermanzano.es\/wp-content\/uploads\/2014\/03\/4-LOSE.jpg\"><img loading=\"lazy\" decoding=\"async\" class=\"alignleft size-medium wp-image-4087\" alt=\"4 LOSE\" src=\"https:\/\/javiermanzano.es\/wp-content\/uploads\/2014\/03\/4-LOSE-300x196.jpg\" width=\"300\" height=\"196\" srcset=\"https:\/\/javiermanzano.es\/wp-content\/uploads\/2014\/03\/4-LOSE-300x196.jpg 300w, https:\/\/javiermanzano.es\/wp-content\/uploads\/2014\/03\/4-LOSE.jpg 640w\" sizes=\"auto, (max-width: 300px) 100vw, 300px\" \/><\/a><\/span><\/span><\/span><\/span><\/span>neutralizadas sus alarmas usarlas para salir. Tambi\u00e9n han cronometrado lo que tarda el convoy en hacer ese recorrido para confirmar el tiempo del que van a disponer. Con toda la informaci\u00f3n, una parte de la banda viaja en el vag\u00f3n y acceden a la cabina de conducci\u00f3n que est\u00e1 en cola para activar el freno de emergencia, lo que se llama \u201cpalancazo\u201d. Con el convoy detenido en el t\u00fanel, sacan de debajo de los asientos las escalerillas de evacuaci\u00f3n para usarlas como andamios, entran los compinches por las salidas de emergencia que hab\u00edan manipulado, y en 10-15 minutos pintan el convoy empezando siempre por la firma. Completada la acci\u00f3n, por las mismas trampillas de evacuaci\u00f3n se dan a la fuga. Todo eso con viajeros en el vag\u00f3n y con el convoy detenido en medio del t\u00fanel.<\/em> <em> <\/em><\/p>\n<p><em>As\u00ed es como ellos act\u00faan y lo que hoy vamos a conocer es c\u00f3mo act\u00faa contra eso y contra esos\u2026 la polic\u00eda del graffiti.<\/em><\/p>\n<p><em>Nos acompa\u00f1an para ello dos agentes, dos oficiales de esta unidad perteneciente a la Brigada M\u00f3vil de la Polic\u00eda en el Transporte: Juli\u00e1n Leva, jefe del grupo de grafitis en metro de Madrid, y David Miguel del grupo de grafitis en ferrocarril. Los dos por cierto traen noticias frescas: la semana pasada fueron detenidos dos grafiteros de renfe y uno de metro, se les imputan da\u00f1os por valor de casi 300.000 euros\u00bb.<\/em><\/p>\n<p>Y ahora ya: \u00a1a escuchar!<\/p>\n<p>Antes, te recuerdo: puedes escuchar Las Cr\u00f3nicas Del V\u00e9rtigo los martes a las 11:30 en <a href=\"http:\/\/www.rtve.es\/radio\/las-mananas-de-rne\/\">Las Ma\u00f1anas de RNE<\/a>. Adem\u00e1s, puedes seguirnos en Twitter, @cronicasvertigo , y puedes contactar con nosotros y contarnos lo que quieras aqu\u00ed: <a href=\"mailto:lascronicasdelvertigo@gmail.com\">lascronicasdelvertigo@gmail.com<\/a><\/p>\n<p>A cuidarse!!<\/p>\n<p>&nbsp;<\/p>\n<p><iframe loading=\"lazy\" src=\"http:\/\/www.ivoox.com\/player_ek_3004819_1.html\" height=\"48\" width=\"238\" allowfullscreen=\"\" frameborder=\"0\" scrolling=\"no\"><\/iframe><\/p>\n","protected":false},"excerpt":{"rendered":"<p>\u00abHoy aerosoles, metros y trenes\u2026; hoy \u201cla polic\u00eda del grafiti\u201d. Que el graffiti es arte y que es cultura en el \u00e1mbito del hip hip, es algo indiscutible. Otra cosa bien distinta es cuando un grafitero que se emplea a fondo en metros y trenes dice que no es justo pagar 6000 euros por pintar [&hellip;]<\/p>\n","protected":false},"author":3,"featured_media":0,"comment_status":"open","ping_status":"open","sticky":false,"template":"","format":"standard","meta":{"footnotes":""},"categories":[1],"tags":[510,607,609,519,507,608,610,524,441,506,508],"class_list":["post-4082","post","type-post","status-publish","format-standard","hentry","category-politica","tag-cronica-negra","tag-graffiti","tag-kirax","tag-las-cronicas-del-vertigo","tag-las-mananas-de-rne","tag-lose","tag-metro","tag-policia","tag-renfe","tag-rne","tag-sucesos"],"aioseo_notices":[],"_links":{"self":[{"href":"https:\/\/javiermanzano.es\/index.php?rest_route=\/wp\/v2\/posts\/4082","targetHints":{"allow":["GET"]}}],"collection":[{"href":"https:\/\/javiermanzano.es\/index.php?rest_route=\/wp\/v2\/posts"}],"about":[{"href":"https:\/\/javiermanzano.es\/index.php?rest_route=\/wp\/v2\/types\/post"}],"author":[{"embeddable":true,"href":"https:\/\/javiermanzano.es\/index.php?rest_route=\/wp\/v2\/users\/3"}],"replies":[{"embeddable":true,"href":"https:\/\/javiermanzano.es\/index.php?rest_route=%2Fwp%2Fv2%2Fcomments&post=4082"}],"version-history":[{"count":7,"href":"https:\/\/javiermanzano.es\/index.php?rest_route=\/wp\/v2\/posts\/4082\/revisions"}],"predecessor-version":[{"id":4122,"href":"https:\/\/javiermanzano.es\/index.php?rest_route=\/wp\/v2\/posts\/4082\/revisions\/4122"}],"wp:attachment":[{"href":"https:\/\/javiermanzano.es\/index.php?rest_route=%2Fwp%2Fv2%2Fmedia&parent=4082"}],"wp:term":[{"taxonomy":"category","embeddable":true,"href":"https:\/\/javiermanzano.es\/index.php?rest_route=%2Fwp%2Fv2%2Fcategories&post=4082"},{"taxonomy":"post_tag","embeddable":true,"href":"https:\/\/javiermanzano.es\/index.php?rest_route=%2Fwp%2Fv2%2Ftags&post=4082"}],"curies":[{"name":"wp","href":"https:\/\/api.w.org\/{rel}","templated":true}]}}