{"id":4059,"date":"2014-03-11T13:17:09","date_gmt":"2014-03-11T12:17:09","guid":{"rendered":"http:\/\/javiermanzano.es\/?p=4059"},"modified":"2014-03-11T19:27:53","modified_gmt":"2014-03-11T18:27:53","slug":"11-m-samur","status":"publish","type":"post","link":"https:\/\/javiermanzano.es\/?p=4059","title":{"rendered":"11-M, SAMUR"},"content":{"rendered":"<p><em><span class=\"frame-outer  alignleft size-medium wp-image-4060\"><span><span><span><span><a href=\"https:\/\/javiermanzano.es\/wp-content\/uploads\/2014\/03\/2.jpg\"><img loading=\"lazy\" decoding=\"async\" class=\"alignleft size-medium wp-image-4060\" alt=\"2\" src=\"https:\/\/javiermanzano.es\/wp-content\/uploads\/2014\/03\/2-300x211.jpg\" width=\"300\" height=\"211\" srcset=\"https:\/\/javiermanzano.es\/wp-content\/uploads\/2014\/03\/2-300x211.jpg 300w, https:\/\/javiermanzano.es\/wp-content\/uploads\/2014\/03\/2.jpg 850w\" sizes=\"auto, (max-width: 300px) 100vw, 300px\" \/><\/a><\/span><\/span><\/span><\/span><\/span>\u00abHoy, 11-M, vamos a conocer el trabajo de unos de los h\u00e9roes de aquel d\u00eda: el SAMUR, \u00e1ngeles de la guarda.<\/em><\/p>\n<p><em> En apenas 2 horas atendieron a casi 700 heridos cr\u00edticos, muy graves o graves\u2026, y adem\u00e1s a otras 1300 personas. Dicho de otro modo: el 11-M tocaron a 3 heridos por SAMUR en unas pocas horas, convirti\u00e9ndose sin quererlo en referente internacional en la gesti\u00f3n de emergencias. Dos ejemplos tan s\u00f3lo: en 2 horas hab\u00edan evacuado a todas las v\u00edctimas; en s\u00f3lo 6 horas completaron una informaci\u00f3n tan vital en esos momentos como el listado completo de 680 heridos cr\u00edticos y muy graves, con nombres y apellidos y hospitales o centros en los que estaban ingresados.<\/em><\/p>\n<p><em> Vivieron momentos terribles que a todos ellos cambiaron y que en todos ellos dejaron huella. Especialmente en aquel pabell\u00f3n 6 de IFEMA donde m\u00e1s de 200 familias aguardaban en estado de shock informaci\u00f3n sobre los suyos\u2026, informaciones que nuestro invitado esta ma\u00f1ana tuvo que ir dando casi una por una titul\u00e1ndolo aquello alg\u00fan medio como \u201cel heraldo de la muerte\u201d.<\/em><\/p>\n<p><em> As\u00ed actuaron muy en l\u00edneas generales aquel 11 de marzo de hace 10 a\u00f1os, un d\u00eda en el que, adem\u00e1s de los terror\u00edficos atentados, se produjeron en Madrid entre las 8 y las 11 de la ma\u00f1ana 41 emergencias que tambi\u00e9n atendieron.<\/em><\/p>\n<p><em> Es el SAMUR, son los SAMUR.<\/em><\/p>\n<p><em> Viven pendientes de la hora dorada, que es la ventana cr\u00edtica para salvar una vida, y respiran tiempo porque en caso de un infarto tiempo es igual a m\u00fasculo, porque en caso de un ictus tiempo es igual a cerebro, y porque en ning\u00fan caso pueden pasar m\u00e1s de 9 minutos desde que entra la llamada de emergencia hasta que el SAMUR llega al lugar de los hechos.<\/em><\/p>\n<p><em> <span class=\"frame-outer  alignright size-medium wp-image-4062\"><span><span><span><span><a href=\"https:\/\/javiermanzano.es\/wp-content\/uploads\/2014\/03\/1.jpg\"><img loading=\"lazy\" decoding=\"async\" class=\"alignright size-medium wp-image-4062\" alt=\"1\" src=\"https:\/\/javiermanzano.es\/wp-content\/uploads\/2014\/03\/1-300x168.jpg\" width=\"300\" height=\"168\" srcset=\"https:\/\/javiermanzano.es\/wp-content\/uploads\/2014\/03\/1-300x168.jpg 300w, https:\/\/javiermanzano.es\/wp-content\/uploads\/2014\/03\/1.jpg 644w\" sizes=\"auto, (max-width: 300px) 100vw, 300px\" \/><\/a><\/span><\/span><\/span><\/span><\/span>En Madrid, en la ciudad de Madrid, son 650 profesionales y 2000 voluntarios,\u2026 con un centenar de veh\u00edculos\u2026, y todo eso que acabamos de decir del tiempo lo hacen 350 veces al d\u00eda\u2026, 14 veces por hora\u2026; \u2026130.000 veces al a\u00f1o. La mitad, accidentes; la otra mitad de intervenciones se engloban bajo la denominaci\u00f3n \u201cenfermedades comunes\u201d. En unos y otros casos, la frase m\u00e1gica para el llamante es \u201cla ambulancia est\u00e1 de camino\u201d.<\/em><\/p>\n<p><em> As\u00ed es el \u201ctraje\u201d del SAMUR\u2026, dentro de \u00e9l, hoy aqu\u00ed, el jefe de comunicaciones y miembro fundador de este servicio en Madrid: Javier Quiroga.<\/em><\/p>\n<p><em>PD: recomendaciones de Las Cr\u00f3nicas Del V\u00e9rtigo.<\/em><\/p>\n<p><em> El libro que proponemos hoy es una peculiar y muy divertida novela negra ubicada en Bilbao y protagonizada por un inmigrante de Burkina Faso que entre sus m\u00faltiples ocupaciones tiene la de detective. Se llama Mohamoud Tour\u00e9 y mientras completa la b\u00fasqueda que le han encargado (un libro, una dentadura postiza y un consolador) se ve inmerso en una investigaci\u00f3n sobre narcotr\u00e1fico con asesinatos y torturas incluidas.<\/em><\/p>\n<p><em>\u00a0La novela, que lo mismo estremece que hace echarse unas risas, se titula \u201c612 euros\u201d y es de Jon Arretxe\u2026, \u201c612 euros\u201d.<\/em><\/p>\n<p><em> Y la canci\u00f3n, exquisita y todo un cl\u00e1sico, la hemos sacado del pelicul\u00f3n que perdi\u00f3 en los \u00d3scar, y a ver porqu\u00e9, \u201cEl lobo de Wall Street\u201d del gran Martin Scorsese que es uno de los habituales de esta secci\u00f3n. La interpreta de forma deliciosa Eartha Kitt; se titula \u201c<a href=\"http:\/\/www.youtube.com\/watch?v=6BvL-i--8Ws\">C\u2019est si bon<\/a>\u201d\u2026\u00bb.<\/em><\/p>\n<p>Y ahora ya: \u00a1a escuchar!<\/p>\n<p>Antes, te recuerdo: puedes escuchar Las Cr\u00f3nicas Del V\u00e9rtigo los martes a las 11:30 en <a href=\"http:\/\/www.rtve.es\/radio\/las-mananas-de-rne\/\">Las Ma\u00f1anas de RNE<\/a>. Adem\u00e1s, puedes seguirnos en Twitter, @cronicasvertigo , y puedes contactar con nosotros y contarnos lo que quieras aqu\u00ed: lascronicasdelvertigo@gmail.com<\/p>\n<p>A cuidarse!!<\/p>\n<p>&nbsp;<\/p>\n<p><iframe loading=\"lazy\" width=\"238\" height=\"48\" frameborder=\"0\" allowfullscreen=\"\" scrolling=\"no\" src=\"http:\/\/www.ivoox.com\/player_ek_2909971_1.html\"><\/iframe><\/p>\n","protected":false},"excerpt":{"rendered":"<p>\u00abHoy, 11-M, vamos a conocer el trabajo de unos de los h\u00e9roes de aquel d\u00eda: el SAMUR, \u00e1ngeles de la guarda. En apenas 2 horas atendieron a casi 700 heridos cr\u00edticos, muy graves o graves\u2026, y adem\u00e1s a otras 1300 personas. Dicho de otro modo: el 11-M tocaron a 3 heridos por SAMUR en unas [&hellip;]<\/p>\n","protected":false},"author":3,"featured_media":0,"comment_status":"open","ping_status":"open","sticky":false,"template":"","format":"standard","meta":{"footnotes":""},"categories":[1],"tags":[601,510,519,507,450,506,600,508],"class_list":["post-4059","post","type-post","status-publish","format-standard","hentry","category-politica","tag-11-m","tag-cronica-negra","tag-las-cronicas-del-vertigo","tag-las-mananas-de-rne","tag-radio","tag-rne","tag-samur","tag-sucesos"],"aioseo_notices":[],"_links":{"self":[{"href":"https:\/\/javiermanzano.es\/index.php?rest_route=\/wp\/v2\/posts\/4059","targetHints":{"allow":["GET"]}}],"collection":[{"href":"https:\/\/javiermanzano.es\/index.php?rest_route=\/wp\/v2\/posts"}],"about":[{"href":"https:\/\/javiermanzano.es\/index.php?rest_route=\/wp\/v2\/types\/post"}],"author":[{"embeddable":true,"href":"https:\/\/javiermanzano.es\/index.php?rest_route=\/wp\/v2\/users\/3"}],"replies":[{"embeddable":true,"href":"https:\/\/javiermanzano.es\/index.php?rest_route=%2Fwp%2Fv2%2Fcomments&post=4059"}],"version-history":[{"count":8,"href":"https:\/\/javiermanzano.es\/index.php?rest_route=\/wp\/v2\/posts\/4059\/revisions"}],"predecessor-version":[{"id":4072,"href":"https:\/\/javiermanzano.es\/index.php?rest_route=\/wp\/v2\/posts\/4059\/revisions\/4072"}],"wp:attachment":[{"href":"https:\/\/javiermanzano.es\/index.php?rest_route=%2Fwp%2Fv2%2Fmedia&parent=4059"}],"wp:term":[{"taxonomy":"category","embeddable":true,"href":"https:\/\/javiermanzano.es\/index.php?rest_route=%2Fwp%2Fv2%2Fcategories&post=4059"},{"taxonomy":"post_tag","embeddable":true,"href":"https:\/\/javiermanzano.es\/index.php?rest_route=%2Fwp%2Fv2%2Ftags&post=4059"}],"curies":[{"name":"wp","href":"https:\/\/api.w.org\/{rel}","templated":true}]}}