{"id":4016,"date":"2014-02-06T00:57:26","date_gmt":"2014-02-05T23:57:26","guid":{"rendered":"http:\/\/javiermanzano.es\/?p=4016"},"modified":"2014-02-06T00:57:39","modified_gmt":"2014-02-05T23:57:39","slug":"los-grandes-nombres-que-faltan-en-la-gurtel-saldran-de-las-comisiones-rogatorias-pendientes","status":"publish","type":"post","link":"https:\/\/javiermanzano.es\/?p=4016","title":{"rendered":"\u00abLos grandes nombres que faltan en la G\u00fcrtel saldr\u00e1n de las comisiones rogatorias pendientes\u00bb"},"content":{"rendered":"<p><span class=\"frame-outer  alignleft size-medium wp-image-4017\"><span><span><span><span><a href=\"https:\/\/javiermanzano.es\/wp-content\/uploads\/2014\/02\/1.gif\"><img loading=\"lazy\" decoding=\"async\" class=\"alignleft size-medium wp-image-4017\" alt=\"1\" src=\"https:\/\/javiermanzano.es\/wp-content\/uploads\/2014\/02\/1-300x217.gif\" width=\"300\" height=\"217\" \/><\/a><\/span><\/span><\/span><\/span><\/span>Hoy hace cinco a\u00f1os que Garz\u00f3n, la Audiencia Nacional, activ\u00f3 judicialmente el \u00abcaso G\u00fcrtel\u00bb, y hoy, cinco a\u00f1os despu\u00e9s, habla el abogado <strong>\u00c1ngel Galindo<\/strong> que destap\u00f3 toda la trama junto al exconcejal del PP <a href=\"https:\/\/javiermanzano.es\/?p=3732\">Jos\u00e9 Luis Pe\u00f1as<\/a>.<\/p>\n<p>Galindo es una de las personas que m\u00e1s sabe de este esc\u00e1ndalo de corrupci\u00f3n, el mayor de la historia de Espa\u00f1a, y prueba de ello no son tan s\u00f3lo las actuaciones realizadas y por completarse, sino tambi\u00e9n el acoso al que el PP le ha sometido, a \u00e9l y a su cliente Pe\u00f1as: dos querellas contra Galindo con petici\u00f3n de c\u00e1rcel e inhabilitaci\u00f3n, las dos ganadas por el abogado, y 54 recursos de amparo contra el PP\u00a0ganados por Pe\u00f1as y Galindo en el Tribunal Constitucional por vulneraci\u00f3n de derechos fundamentales. Est\u00e1 claro que saben y que saben mucho.<\/p>\n<p>En la entrevista que hemos mantenido con \u00c1ngel Galindo son muy elocuentes algunos silencios, muy sugerente lo que va deslizando entre l\u00edneas, y muy enjundiosos\u00a0los titulares que\u00a0deja:<\/p>\n<p><strong><em>-\u00abLos grandes nombres que faltan en la G\u00fcrtel saldr\u00e1n de las comisiones rogatorias pendientes&#8230; Grandes titulares de cuentas en para\u00edsos fiscales pueden verse destapados por estas investigaciones a punto de concluir\u00bb.<\/em><\/strong><\/p>\n<p><strong><em>-\u00abB\u00e1rcenas tiene las piezas que faltan en el puzle, las piezas para completar el caso G\u00fcrtel\u00bb.<\/em><\/strong><\/p>\n<p><strong><em>-\u00abLa investigaci\u00f3n sobre Cascos puede traer una pieza separada y el caso G\u00fcrtel crecer\u00e1 hacia Asturias\u00bb.<\/em><\/strong><\/p>\n<p><strong><em>-\u00abAznar no pod\u00eda estar al margen, no pod\u00eda ser ajeno&#8230; Era muy dif\u00edcil moverse con la soltura que lo hac\u00edan sin el permiso de los que mandaban&#8230; G\u00fcrtel representa los a\u00f1os de impunidad durante el aznarismo\u00bb.<\/em><\/strong><\/p>\n<p><strong><em>-\u00abRajoy debi\u00f3 haber ido a los tribunales por el conocimiento que ten\u00eda de la trama. Conoc\u00eda la existencia de Correa y sus manejos y no hizo lo que deber\u00eda haber hecho: ir a la polic\u00eda, a la fiscal\u00eda anticorrupci\u00f3n y a los jueces. Hoy tenemos caso G\u00fcrtel por Pe\u00f1as, no tenemos caso G\u00fcrtel porque Rajoy lo denunciara&#8230;; por Rajoy tendr\u00edamos a la trama robando por las administraciones\u00bb.<\/em><\/strong><\/p>\n<p><span class=\"frame-outer  alignright size-medium wp-image-4019\"><span><span><span><span><a href=\"https:\/\/javiermanzano.es\/wp-content\/uploads\/2014\/02\/2.gif\"><img loading=\"lazy\" decoding=\"async\" class=\"alignright size-medium wp-image-4019\" alt=\"2\" src=\"https:\/\/javiermanzano.es\/wp-content\/uploads\/2014\/02\/2-300x208.gif\" width=\"300\" height=\"208\" \/><\/a><\/span><\/span><\/span><\/span><\/span>Y, adem\u00e1s, referencias a Esperanza Aguirre, a Javier Arenas, a Alejandro Agag, al tamayazo y su conexi\u00f3n con la G\u00fcrtel&#8230; <em>\u00abHay mucha gente que nunca saldr\u00e1 y que est\u00e1n muy cerca de lo que Ruz est\u00e1 tocando, y si vamos un poco m\u00e1s all\u00e1 la sorpresa ser\u00e1 may\u00fascula\u00bb<\/em>.<\/p>\n<p>Habla \u00c1ngel Galindo, el abogado que destap\u00f3 la trama G\u00fcrtel junto al exconcejal del PP Jos\u00e9 Luis Pe\u00f1as.<\/p>\n<p><iframe loading=\"lazy\" src=\"http:\/\/www.ivoox.com\/player_ek_2804519_1.html\" height=\"48\" width=\"238\" allowfullscreen=\"\" frameborder=\"0\" scrolling=\"no\"><\/iframe><\/p>\n","protected":false},"excerpt":{"rendered":"<p>Hoy hace cinco a\u00f1os que Garz\u00f3n, la Audiencia Nacional, activ\u00f3 judicialmente el \u00abcaso G\u00fcrtel\u00bb, y hoy, cinco a\u00f1os despu\u00e9s, habla el abogado \u00c1ngel Galindo que destap\u00f3 toda la trama junto al exconcejal del PP Jos\u00e9 Luis Pe\u00f1as. Galindo es una de las personas que m\u00e1s sabe de este esc\u00e1ndalo de corrupci\u00f3n, el mayor de la [&hellip;]<\/p>\n","protected":false},"author":3,"featured_media":0,"comment_status":"open","ping_status":"open","sticky":false,"template":"","format":"standard","meta":{"footnotes":""},"categories":[1],"tags":[581,578,580,577,583,31,155,576,492,156,579,490,575,491,493,574,24,582],"class_list":["post-4016","post","type-post","status-publish","format-standard","hentry","category-politica","tag-alejandro-agag","tag-angel-galindo","tag-audiencia-nacional","tag-baltasar-garzon","tag-caso-gurtel","tag-corrupcion","tag-esperanza-aguirre","tag-francisco-alvarez-cascos","tag-francisco-correa","tag-gurtel","tag-javier-arenas","tag-jose-luis-penas","tag-jose-maria-aznar","tag-juez-ruz","tag-luis-barcenas","tag-mariano-rajoy","tag-pp","tag-trama-gurtel"],"aioseo_notices":[],"_links":{"self":[{"href":"https:\/\/javiermanzano.es\/index.php?rest_route=\/wp\/v2\/posts\/4016","targetHints":{"allow":["GET"]}}],"collection":[{"href":"https:\/\/javiermanzano.es\/index.php?rest_route=\/wp\/v2\/posts"}],"about":[{"href":"https:\/\/javiermanzano.es\/index.php?rest_route=\/wp\/v2\/types\/post"}],"author":[{"embeddable":true,"href":"https:\/\/javiermanzano.es\/index.php?rest_route=\/wp\/v2\/users\/3"}],"replies":[{"embeddable":true,"href":"https:\/\/javiermanzano.es\/index.php?rest_route=%2Fwp%2Fv2%2Fcomments&post=4016"}],"version-history":[{"count":4,"href":"https:\/\/javiermanzano.es\/index.php?rest_route=\/wp\/v2\/posts\/4016\/revisions"}],"predecessor-version":[{"id":4022,"href":"https:\/\/javiermanzano.es\/index.php?rest_route=\/wp\/v2\/posts\/4016\/revisions\/4022"}],"wp:attachment":[{"href":"https:\/\/javiermanzano.es\/index.php?rest_route=%2Fwp%2Fv2%2Fmedia&parent=4016"}],"wp:term":[{"taxonomy":"category","embeddable":true,"href":"https:\/\/javiermanzano.es\/index.php?rest_route=%2Fwp%2Fv2%2Fcategories&post=4016"},{"taxonomy":"post_tag","embeddable":true,"href":"https:\/\/javiermanzano.es\/index.php?rest_route=%2Fwp%2Fv2%2Ftags&post=4016"}],"curies":[{"name":"wp","href":"https:\/\/api.w.org\/{rel}","templated":true}]}}