{"id":3984,"date":"2014-01-28T14:51:35","date_gmt":"2014-01-28T13:51:35","guid":{"rendered":"http:\/\/javiermanzano.es\/?p=3984"},"modified":"2014-01-28T16:32:16","modified_gmt":"2014-01-28T15:32:16","slug":"bcnegra-2014","status":"publish","type":"post","link":"https:\/\/javiermanzano.es\/?p=3984","title":{"rendered":"BCNegra 2014"},"content":{"rendered":"<p><em><span class=\"frame-outer  alignleft size-medium wp-image-3986\"><span><span><span><span><a href=\"https:\/\/javiermanzano.es\/wp-content\/uploads\/2014\/01\/untitled.png\"><img loading=\"lazy\" decoding=\"async\" class=\"alignleft size-medium wp-image-3986\" alt=\"untitled\" src=\"https:\/\/javiermanzano.es\/wp-content\/uploads\/2014\/01\/untitled-300x186.png\" width=\"300\" height=\"186\" srcset=\"https:\/\/javiermanzano.es\/wp-content\/uploads\/2014\/01\/untitled-300x186.png 300w, https:\/\/javiermanzano.es\/wp-content\/uploads\/2014\/01\/untitled.png 584w\" sizes=\"auto, (max-width: 300px) 100vw, 300px\" \/><\/a><\/span><\/span><\/span><\/span><\/span>\u00ab\u00bfInfluye en la criminalidad el dise\u00f1o de una ciudad?<\/em><\/p>\n<p><em> \u00bfEst\u00e1 en la tele la mejor novela negra?<\/em><\/p>\n<p><em> \u00bfPor qu\u00e9 el Vaticano se presta tanto a literatura negracriminal?<\/em><\/p>\n<p><em> \u00bfQui\u00e9n asesin\u00f3 al periodismo?<\/em><\/p>\n<p><em>Esas son algunas de las preguntas a las que se buscar\u00e1n respuestas en la novena edici\u00f3n de BCNegra, Barcelona Negra, que comienza pasado ma\u00f1ana d\u00eda 30 y termina el 8 de febrero. M\u00e1s de 60 actividades programadas que incluyen desde cine a exposiciones pasando por m\u00fasica o una mejillonada, y que se asienta en 15 mesas redondas, 9 charlas, y la presencia de los mejores novelistas negrocriminales, capitaneados todos ellos por el gran maestro siciliano Andrea Camilleri que recibe el premio Pepe Carvalho por el conjunto de su imprescindible obra y su genial comisario Montalbano.<\/em><\/p>\n<p><em> <span class=\"frame-outer  alignright size-medium wp-image-3988\"><span><span><span><span><a href=\"https:\/\/javiermanzano.es\/wp-content\/uploads\/2014\/01\/Camarasa.jpg\"><img loading=\"lazy\" decoding=\"async\" class=\"alignright size-medium wp-image-3988\" alt=\"Camarasa\" src=\"https:\/\/javiermanzano.es\/wp-content\/uploads\/2014\/01\/Camarasa-200x300.jpg\" width=\"200\" height=\"300\" srcset=\"https:\/\/javiermanzano.es\/wp-content\/uploads\/2014\/01\/Camarasa-200x300.jpg 200w, https:\/\/javiermanzano.es\/wp-content\/uploads\/2014\/01\/Camarasa.jpg 300w\" sizes=\"auto, (max-width: 200px) 100vw, 200px\" \/><\/a><\/span><\/span><\/span><\/span><\/span>Suculentos ingredientes para una cita obligatoria en torno a lo que los organizadores definen como \u201cuna narrativa cada vez m\u00e1s necesaria\u201d; la novela negrocriminal que sigue siendo f\u00e9rtil y pujante, pese a la crisis, o precisamente por la crisis. 10 d\u00edas para empaparse de todos los elementos de las zonas oscuras, de lo que est\u00e1 detr\u00e1s. 10 d\u00edas para debatir el estado de la novela negra, su asentado presente en este tan delicado presente, su potente pasado y\u2026 \u00bfsu prometedor futuro?<\/em><\/p>\n<p><em> Hablamos de Barcelona Negra a partir de esto que leemos en su presentaci\u00f3n: \u201csi es febrero, si oyes hablar de cr\u00edmenes y delitos de papel, si oyes hablar de novela negra\u2026, no tengas ninguna duda: est\u00e1s en Barcelona y esto es BCNegra\u201d.<\/em><\/p>\n<p><em> Y para hablar de ello nos acompa\u00f1a, desde Barcelona, el cerebro de todo esto y adem\u00e1s due\u00f1o de una de las librer\u00edas imprescindibles en el g\u00e9nero, \u201cNegra Y Criminal\u201d. \u00c9l es Paco Camarasa\u00bb.<\/em><\/p>\n<p>Y ahora ya: \u00a1a escuchar!<\/p>\n<p>Antes, te recuerdo: puedes escuchar Las Cr\u00f3nicas Del V\u00e9rtigo los martes a las 11:30 en Las Ma\u00f1anas de RNE. Adem\u00e1s, puedes seguirnos en Twitter, @cronicasvertigo , y puedes contactar con nosotros y contarnos lo que quieras aqu\u00ed: <a href=\"mailto:lascronicasdelvertigo@gmail.com\">lascronicasdelvertigo@gmail.com<\/a><\/p>\n<p>A cuidarse!!<\/p>\n<p>&nbsp;<\/p>\n<p><iframe loading=\"lazy\" src=\"http:\/\/www.ivoox.com\/player_ek_2771718_1.html\" height=\"48\" width=\"238\" allowfullscreen=\"\" frameborder=\"0\" scrolling=\"no\"><\/iframe><\/p>\n","protected":false},"excerpt":{"rendered":"<p>\u00ab\u00bfInfluye en la criminalidad el dise\u00f1o de una ciudad? \u00bfEst\u00e1 en la tele la mejor novela negra? \u00bfPor qu\u00e9 el Vaticano se presta tanto a literatura negracriminal? \u00bfQui\u00e9n asesin\u00f3 al periodismo? Esas son algunas de las preguntas a las que se buscar\u00e1n respuestas en la novena edici\u00f3n de BCNegra, Barcelona Negra, que comienza pasado ma\u00f1ana [&hellip;]<\/p>\n","protected":false},"author":3,"featured_media":0,"comment_status":"open","ping_status":"open","sticky":false,"template":"","format":"standard","meta":{"footnotes":""},"categories":[1],"tags":[565,566,509,519,507,518,450,506,508],"class_list":["post-3984","post","type-post","status-publish","format-standard","hentry","category-politica","tag-barcelona-negra","tag-bcnegra-2014","tag-crimen","tag-las-cronicas-del-vertigo","tag-las-mananas-de-rne","tag-novela-negra","tag-radio","tag-rne","tag-sucesos"],"aioseo_notices":[],"_links":{"self":[{"href":"https:\/\/javiermanzano.es\/index.php?rest_route=\/wp\/v2\/posts\/3984","targetHints":{"allow":["GET"]}}],"collection":[{"href":"https:\/\/javiermanzano.es\/index.php?rest_route=\/wp\/v2\/posts"}],"about":[{"href":"https:\/\/javiermanzano.es\/index.php?rest_route=\/wp\/v2\/types\/post"}],"author":[{"embeddable":true,"href":"https:\/\/javiermanzano.es\/index.php?rest_route=\/wp\/v2\/users\/3"}],"replies":[{"embeddable":true,"href":"https:\/\/javiermanzano.es\/index.php?rest_route=%2Fwp%2Fv2%2Fcomments&post=3984"}],"version-history":[{"count":5,"href":"https:\/\/javiermanzano.es\/index.php?rest_route=\/wp\/v2\/posts\/3984\/revisions"}],"predecessor-version":[{"id":3991,"href":"https:\/\/javiermanzano.es\/index.php?rest_route=\/wp\/v2\/posts\/3984\/revisions\/3991"}],"wp:attachment":[{"href":"https:\/\/javiermanzano.es\/index.php?rest_route=%2Fwp%2Fv2%2Fmedia&parent=3984"}],"wp:term":[{"taxonomy":"category","embeddable":true,"href":"https:\/\/javiermanzano.es\/index.php?rest_route=%2Fwp%2Fv2%2Fcategories&post=3984"},{"taxonomy":"post_tag","embeddable":true,"href":"https:\/\/javiermanzano.es\/index.php?rest_route=%2Fwp%2Fv2%2Ftags&post=3984"}],"curies":[{"name":"wp","href":"https:\/\/api.w.org\/{rel}","templated":true}]}}