{"id":3968,"date":"2014-01-14T13:37:37","date_gmt":"2014-01-14T12:37:37","guid":{"rendered":"http:\/\/javiermanzano.es\/?p=3968"},"modified":"2014-01-14T13:37:37","modified_gmt":"2014-01-14T12:37:37","slug":"unidad-de-prevencion-y-reaccion","status":"publish","type":"post","link":"https:\/\/javiermanzano.es\/?p=3968","title":{"rendered":"Unidad de Prevenci\u00f3n y Reacci\u00f3n"},"content":{"rendered":"<p><em><span class=\"frame-outer  alignleft size-medium wp-image-3970\"><span><span><span><span><a href=\"https:\/\/javiermanzano.es\/wp-content\/uploads\/2014\/01\/2.jpg\"><img loading=\"lazy\" decoding=\"async\" class=\"alignleft size-medium wp-image-3970\" alt=\"2\" src=\"https:\/\/javiermanzano.es\/wp-content\/uploads\/2014\/01\/2-300x212.jpg\" width=\"300\" height=\"212\" srcset=\"https:\/\/javiermanzano.es\/wp-content\/uploads\/2014\/01\/2-300x212.jpg 300w, https:\/\/javiermanzano.es\/wp-content\/uploads\/2014\/01\/2.jpg 560w\" sizes=\"auto, (max-width: 300px) 100vw, 300px\" \/><\/a><\/span><\/span><\/span><\/span><\/span>\u201cAsumimos la custodia y restablecemos el orden\u201d. Hoy vamos a conocer a polic\u00edas de acci\u00f3n: la UPR.<\/em><\/p>\n<p><em>UPR. Unidad de Prevenci\u00f3n y Reacci\u00f3n. M\u00e1s de 2000 agentes en toda Espa\u00f1a; el grupo m\u00e1s importante, el que vamos a conocer, est\u00e1 en Madrid: son 400 polic\u00edas.<\/em><\/p>\n<p><em> Cada d\u00eda, como media, realizan, en Madrid, una decena de detenciones\u2026 Y eso, que seg\u00fan subrayan, su misi\u00f3n no es detener sino evitar delitos.\u00a0<\/em><\/p>\n<p><em> Sus funciones son: prevenir la delincuencia, mantener el orden p\u00fablico, colaborar con otras unidades policiales, y estar en alerta permanente por posibles situaciones de emergencia o calamidad. Prevenci\u00f3n y Reacci\u00f3n. Nunca de forma aut\u00f3noma, siempre en apoyo de otras unidades. Desde el refuerzo definitivo en una operaci\u00f3n contra atracadores o narcotraficantes hasta la custodia y vigilancia de un transporte de presos; desde el apoyo en la protecci\u00f3n de personalidades al mantenimiento del orden p\u00fablico en eventos catalogados como de baja intensidad.<\/em><\/p>\n<p><em> <span class=\"frame-outer  alignright size-medium wp-image-3972\"><span><span><span><span><a href=\"https:\/\/javiermanzano.es\/wp-content\/uploads\/2014\/01\/1.jpg\"><img loading=\"lazy\" decoding=\"async\" class=\"alignright size-medium wp-image-3972\" alt=\"1\" src=\"https:\/\/javiermanzano.es\/wp-content\/uploads\/2014\/01\/1-300x187.jpg\" width=\"300\" height=\"187\" srcset=\"https:\/\/javiermanzano.es\/wp-content\/uploads\/2014\/01\/1-300x187.jpg 300w, https:\/\/javiermanzano.es\/wp-content\/uploads\/2014\/01\/1.jpg 800w\" sizes=\"auto, (max-width: 300px) 100vw, 300px\" \/><\/a><\/span><\/span><\/span><\/span><\/span>Este pasado fin de semana han tenido bastante trabajo en Burgos aunque cuando los incidentes pasaron a mayores el protagonismo policial lo asumieron los antidisturbios, los UIP. Ellos no son UIP pero s\u00ed podr\u00eda denomin\u00e1rseles los \u201cpre-antidisturbios\u201d, \u201csemi-antidisturbios\u201d o \u201cmini-antidisturbios\u201d, lo que en el caso de Madrid es decir bastante porque cada d\u00eda en Madrid, y tambi\u00e9n como media, tienen que desplegarse en la decena de manifestaciones que se convocan, 10 de media cada d\u00eda en Madrid. Un trabajo ese que implica una determinada imagen y que hace cierto y real lo que leemos en el libro que hoy recomendaremos: \u201cla eterna contradicci\u00f3n del polic\u00eda: su mala imagen ante la sociedad a pesar de trabajar para ella\u201d.<\/em><\/p>\n<p><em> Unidad de Prevenci\u00f3n y Reacci\u00f3n, su lema: asumimos la custodia y restablecemos el orden.<\/em><\/p>\n<p><em> A estos polic\u00edas vamos a conocerles hoy, nos los va a explicar y\u00a0presentar, Francisco Alcal\u00e1, inspector jefe de la polic\u00eda nacional y Jefe de Secci\u00f3n de la UPR en Madrid\u00bb.<\/em><\/p>\n<p>Y ahora ya: \u00a1a escuchar!<\/p>\n<p>Antes, te recuerdo: puedes escuchar Las Cr\u00f3nicas Del V\u00e9rtigo los martes a las 11:30 en <a href=\"http:\/\/www.rtve.es\/radio\/las-mananas-de-rne\/\">Las Ma\u00f1anas de RNE<\/a>. Adem\u00e1s, puedes seguirnos en Twitter, @cronicasvertigo , y puedes contactar con nosotros y contarnos lo que quieras aqu\u00ed: <a href=\"mailto:lascronicasdelvertigo@gmail.com\">lascronicasdelvertigo@gmail.com<\/a><\/p>\n<p>A cuidarse!!<\/p>\n<p>&nbsp;<\/p>\n<p><iframe loading=\"lazy\" src=\"http:\/\/www.ivoox.com\/player_ek_2712175_1.html\" height=\"48\" width=\"238\" allowfullscreen=\"\" frameborder=\"0\" scrolling=\"no\"><\/iframe><\/p>\n","protected":false},"excerpt":{"rendered":"<p>\u201cAsumimos la custodia y restablecemos el orden\u201d. Hoy vamos a conocer a polic\u00edas de acci\u00f3n: la UPR. UPR. Unidad de Prevenci\u00f3n y Reacci\u00f3n. M\u00e1s de 2000 agentes en toda Espa\u00f1a; el grupo m\u00e1s importante, el que vamos a conocer, est\u00e1 en Madrid: son 400 polic\u00edas. Cada d\u00eda, como media, realizan, en Madrid, una decena de [&hellip;]<\/p>\n","protected":false},"author":3,"featured_media":0,"comment_status":"open","ping_status":"open","sticky":false,"template":"","format":"standard","meta":{"footnotes":""},"categories":[1],"tags":[509,519,507,52,524,450,506,508,563,562],"class_list":["post-3968","post","type-post","status-publish","format-standard","hentry","category-politica","tag-crimen","tag-las-cronicas-del-vertigo","tag-las-mananas-de-rne","tag-manifestacion","tag-policia","tag-radio","tag-rne","tag-sucesos","tag-unidad-de-prevencion-y-reaccion","tag-upr"],"aioseo_notices":[],"_links":{"self":[{"href":"https:\/\/javiermanzano.es\/index.php?rest_route=\/wp\/v2\/posts\/3968","targetHints":{"allow":["GET"]}}],"collection":[{"href":"https:\/\/javiermanzano.es\/index.php?rest_route=\/wp\/v2\/posts"}],"about":[{"href":"https:\/\/javiermanzano.es\/index.php?rest_route=\/wp\/v2\/types\/post"}],"author":[{"embeddable":true,"href":"https:\/\/javiermanzano.es\/index.php?rest_route=\/wp\/v2\/users\/3"}],"replies":[{"embeddable":true,"href":"https:\/\/javiermanzano.es\/index.php?rest_route=%2Fwp%2Fv2%2Fcomments&post=3968"}],"version-history":[{"count":3,"href":"https:\/\/javiermanzano.es\/index.php?rest_route=\/wp\/v2\/posts\/3968\/revisions"}],"predecessor-version":[{"id":3973,"href":"https:\/\/javiermanzano.es\/index.php?rest_route=\/wp\/v2\/posts\/3968\/revisions\/3973"}],"wp:attachment":[{"href":"https:\/\/javiermanzano.es\/index.php?rest_route=%2Fwp%2Fv2%2Fmedia&parent=3968"}],"wp:term":[{"taxonomy":"category","embeddable":true,"href":"https:\/\/javiermanzano.es\/index.php?rest_route=%2Fwp%2Fv2%2Fcategories&post=3968"},{"taxonomy":"post_tag","embeddable":true,"href":"https:\/\/javiermanzano.es\/index.php?rest_route=%2Fwp%2Fv2%2Ftags&post=3968"}],"curies":[{"name":"wp","href":"https:\/\/api.w.org\/{rel}","templated":true}]}}