{"id":3960,"date":"2014-01-07T14:57:00","date_gmt":"2014-01-07T13:57:00","guid":{"rendered":"http:\/\/javiermanzano.es\/?p=3960"},"modified":"2014-01-07T14:57:00","modified_gmt":"2014-01-07T13:57:00","slug":"policia-contra-el-acoso-escolar","status":"publish","type":"post","link":"https:\/\/javiermanzano.es\/?p=3960","title":{"rendered":"Polic\u00eda contra el acoso escolar"},"content":{"rendered":"<p><em><span class=\"frame-outer  alignleft size-medium wp-image-3963\"><span><span><span><span><a href=\"https:\/\/javiermanzano.es\/wp-content\/uploads\/2014\/01\/Cartel-Acoso-definitivo-baja-res.jpg\"><img loading=\"lazy\" decoding=\"async\" class=\"alignleft size-medium wp-image-3963\" alt=\"Cartel Acoso definitivo baja res\" src=\"https:\/\/javiermanzano.es\/wp-content\/uploads\/2014\/01\/Cartel-Acoso-definitivo-baja-res-300x210.jpg\" width=\"300\" height=\"210\" srcset=\"https:\/\/javiermanzano.es\/wp-content\/uploads\/2014\/01\/Cartel-Acoso-definitivo-baja-res-300x210.jpg 300w, https:\/\/javiermanzano.es\/wp-content\/uploads\/2014\/01\/Cartel-Acoso-definitivo-baja-res-1024x717.jpg 1024w, https:\/\/javiermanzano.es\/wp-content\/uploads\/2014\/01\/Cartel-Acoso-definitivo-baja-res.jpg 1111w\" sizes=\"auto, (max-width: 300px) 100vw, 300px\" \/><\/a><\/span><\/span><\/span><\/span><\/span><\/em><\/p>\n<p>&nbsp;<\/p>\n<p><em>\u00abHoy hablamos\u00a0de bullying\u2026: hoy traemos a polic\u00edas contra el acoso escolar.<\/em><\/p>\n<p><em>Apenas 4 o 5 datos y presentamos la secci\u00f3n.<\/em><\/p>\n<p><em>-1 de cada 4 chavales sufre acoso escolar.<\/em><\/p>\n<p><em>-algunas fuentes cuantifican en 500.000 las chicas y chicos que sufren acoso escolar intenso y en 250.000 los que sufren acoso MUY intenso.<\/em><\/p>\n<p><em>-el ciberacoso est\u00e1 aumentado de manera notable y aplicaciones como WhatsApp o Line se est\u00e1n convirtiendo en peligrosas armas de bullying.<\/em><\/p>\n<p><em>-la polic\u00eda el curso pasado tramit\u00f3 m\u00e1s de 300 denuncias de acoso: lesiones, amenazas, vejaciones, trato degradante\u2026<\/em><\/p>\n<p><em>-Espa\u00f1a es uno de los pa\u00edses de Europa en los que MENOS se reconoce sufrir acoso escolar.<\/em><\/p>\n<p><em>Enmarcado el asunto, presentemos la secci\u00f3n. Lo hacen, entre otros, Iker Casillas, Alberto Chicote o Dani Mateo&#8230;<\/em><\/p>\n<p>&nbsp;<\/p>\n<p><iframe loading=\"lazy\" src=\"\/\/www.youtube.com\/embed\/evz30_eK8YI\" height=\"281\" width=\"500\" allowfullscreen=\"\" frameborder=\"0\"><\/iframe><\/p>\n<p>&nbsp;<\/p>\n<p><em>\u201cNo al acoso escolar\u201d es el nombre de esta campa\u00f1a que la polic\u00eda puso en marcha el mes pasado, y hoy queremos saber c\u00f3mo lo hacen, c\u00f3mo se puede detectar al acosador, c\u00f3mo denunciarlo, c\u00f3mo actuar, o qu\u00e9 hace la polic\u00eda contra el acoso escolar.<\/em><\/p>\n<p><em> Para ello nos acompa\u00f1an la Inspectora Jefe Esther Aren, es delegada provincial de Participaci\u00f3n Ciudadana de la Jefatura de Polic\u00eda de Madrid, y el oficial de polic\u00eda del distrito madrile\u00f1o de Puente de Vallecas, Arturo Fern\u00e1ndez. Ambos organizan e imparten en colegios charlas y clases contra el acoso escolar\u00bb.<\/em><\/p>\n<p>Y ahora ya: \u00a1a escuchar!<\/p>\n<p>Antes, te recuerdo: Las Cr\u00f3nicas Del V\u00e9rtigo, los martes a las 11:30 en Las Ma\u00f1anas de RNE. Adem\u00e1s, puedes seguirnos en Twitter, @cronicasvertigo , y puedes contactar con nosotros y contarnos lo que quieras aqu\u00ed: <a href=\"mailto:lascronicasdelvertigo@gmail.com\">lascronicasdelvertigo@gmail.com<\/a><\/p>\n<p>A cuidarse!!<\/p>\n<p>&nbsp;<\/p>\n<p><iframe loading=\"lazy\" src=\"http:\/\/www.ivoox.com\/player_ek_2693413_1.html\" height=\"48\" width=\"238\" allowfullscreen=\"\" frameborder=\"0\" scrolling=\"no\"><\/iframe><\/p>\n","protected":false},"excerpt":{"rendered":"<p>&nbsp; \u00abHoy hablamos\u00a0de bullying\u2026: hoy traemos a polic\u00edas contra el acoso escolar. Apenas 4 o 5 datos y presentamos la secci\u00f3n. -1 de cada 4 chavales sufre acoso escolar. -algunas fuentes cuantifican en 500.000 las chicas y chicos que sufren acoso escolar intenso y en 250.000 los que sufren acoso MUY intenso. -el ciberacoso est\u00e1 [&hellip;]<\/p>\n","protected":false},"author":3,"featured_media":0,"comment_status":"open","ping_status":"open","sticky":false,"template":"","format":"standard","meta":{"footnotes":""},"categories":[1],"tags":[560,561,519,507,524,450,506,508],"class_list":["post-3960","post","type-post","status-publish","format-standard","hentry","category-politica","tag-acoso-escolar","tag-bullying","tag-las-cronicas-del-vertigo","tag-las-mananas-de-rne","tag-policia","tag-radio","tag-rne","tag-sucesos"],"aioseo_notices":[],"_links":{"self":[{"href":"https:\/\/javiermanzano.es\/index.php?rest_route=\/wp\/v2\/posts\/3960","targetHints":{"allow":["GET"]}}],"collection":[{"href":"https:\/\/javiermanzano.es\/index.php?rest_route=\/wp\/v2\/posts"}],"about":[{"href":"https:\/\/javiermanzano.es\/index.php?rest_route=\/wp\/v2\/types\/post"}],"author":[{"embeddable":true,"href":"https:\/\/javiermanzano.es\/index.php?rest_route=\/wp\/v2\/users\/3"}],"replies":[{"embeddable":true,"href":"https:\/\/javiermanzano.es\/index.php?rest_route=%2Fwp%2Fv2%2Fcomments&post=3960"}],"version-history":[{"count":5,"href":"https:\/\/javiermanzano.es\/index.php?rest_route=\/wp\/v2\/posts\/3960\/revisions"}],"predecessor-version":[{"id":3966,"href":"https:\/\/javiermanzano.es\/index.php?rest_route=\/wp\/v2\/posts\/3960\/revisions\/3966"}],"wp:attachment":[{"href":"https:\/\/javiermanzano.es\/index.php?rest_route=%2Fwp%2Fv2%2Fmedia&parent=3960"}],"wp:term":[{"taxonomy":"category","embeddable":true,"href":"https:\/\/javiermanzano.es\/index.php?rest_route=%2Fwp%2Fv2%2Fcategories&post=3960"},{"taxonomy":"post_tag","embeddable":true,"href":"https:\/\/javiermanzano.es\/index.php?rest_route=%2Fwp%2Fv2%2Ftags&post=3960"}],"curies":[{"name":"wp","href":"https:\/\/api.w.org\/{rel}","templated":true}]}}