{"id":3924,"date":"2013-12-13T11:37:03","date_gmt":"2013-12-13T10:37:03","guid":{"rendered":"http:\/\/javiermanzano.es\/?p=3924"},"modified":"2013-12-13T11:57:11","modified_gmt":"2013-12-13T10:57:11","slug":"matame","status":"publish","type":"post","link":"https:\/\/javiermanzano.es\/?p=3924","title":{"rendered":"\u00abM\u00e1tame\u00bb"},"content":{"rendered":"<p><span class=\"frame-outer  alignleft size-medium wp-image-3925\"><span><span><span><span><a href=\"https:\/\/javiermanzano.es\/wp-content\/uploads\/2013\/12\/M\u00e1tame.jpg\"><img loading=\"lazy\" decoding=\"async\" class=\"alignleft size-medium wp-image-3925\" alt=\"M\u00e1tame\" src=\"https:\/\/javiermanzano.es\/wp-content\/uploads\/2013\/12\/M\u00e1tame-300x199.jpg\" width=\"300\" height=\"199\" srcset=\"https:\/\/javiermanzano.es\/wp-content\/uploads\/2013\/12\/M\u00e1tame-300x199.jpg 300w, https:\/\/javiermanzano.es\/wp-content\/uploads\/2013\/12\/M\u00e1tame.jpg 500w\" sizes=\"auto, (max-width: 300px) 100vw, 300px\" \/><\/a><\/span><\/span><\/span><\/span><\/span><em>Te sugiero que lo hagas r\u00e1pido. No aqu\u00ed te pillo aqu\u00ed te mato, sino r\u00e1pido. Lo suficientemente resuelto como para que no d\u00e9 tiempo a jugar unos lances en un macabro scrabble y cambiando s\u00f3lo una vocal y una consonante cambiar un destino. R\u00e1pido pero no deprisa deprisa. R\u00e1pido pero no impetuoso ni precipitado ni atropellado\u2026; s\u00ed fulminante y diligente, y sobre todo febril.<\/em><\/p>\n<p><em>Te dir\u00eda que no me preguntes porqu\u00e9 pero ser\u00eda perder el tiempo y, como hemos quedado en que sea r\u00e1pido y lo vas a preguntar igual y hasta con m\u00e1s ah\u00ednco, te lo digo y punto. \u00bfPor qu\u00e9? Ni puta idea. No es que me vaya a poner a zarandear evasivas o que no quiera responder. Ni mucho menos. Es que simple y sinceramente no tengo ni puta idea de porqu\u00e9. Dicho de otro modo: porque s\u00ed, y punto. Quiz\u00e1s de esta forma suene m\u00e1s borde as\u00ed que probemos mezclando el \u201cni puta idea\u201d y el \u201cporque s\u00ed\u201d, y quedar\u00eda \u201cni puta s\u00ed\u201d o \u201cporque idea\u201d, un par de gilipolleces sin sentido pero que, eso s\u00ed, nos ha servido para entretenernos un ratito. S\u00ed s\u00ed, ya s\u00e9 que dijimos que r\u00e1pido pero joder, estamos hablando de lo que estamos hablando y eso, t\u00fa bien sabes, tiene vida propia y te pone a maquinar requiebros para robarle tiempo al tiempo, como por ejemplo acaba de pasar ahora. Rengloncillos de escaqueo que amenazan con volver al menor descuido, por mucho que, como yo s\u00e9 y a ti no te queda otra, no les servir\u00e1 de nada porque la decisi\u00f3n est\u00e1 tomada y no hay marcha atr\u00e1s. Mejor ser\u00e1 entonces dejar el porqu\u00e9 y pasar al c\u00f3mo, al cu\u00e1ndo y al d\u00f3nde. Y hacerlo rapidito que no tengo toda la columna y ya nos hemos papeado casi la mitad.<\/em><\/p>\n<p><span class=\"frame-outer  alignright size-medium wp-image-3927\"><span><span><span><span><a href=\"https:\/\/javiermanzano.es\/wp-content\/uploads\/2013\/12\/A-Belmonte-le-dec\u00edan-que-su-toreo-era-mentira-porque-si-no-le-matar\u00eda-un-toro.-\u00c9l-respondi\u00f3-tir\u00e1ndose-al-toro-al-grito-de-m\u00e1tame.jpg\"><img loading=\"lazy\" decoding=\"async\" class=\"alignright size-medium wp-image-3927\" alt=\"A Belmonte le dec\u00edan que su toreo era mentira porque si no le matar\u00eda un toro. \u00c9l respondi\u00f3 tir\u00e1ndose al toro al grito de m\u00e1tame!!\" src=\"https:\/\/javiermanzano.es\/wp-content\/uploads\/2013\/12\/A-Belmonte-le-dec\u00edan-que-su-toreo-era-mentira-porque-si-no-le-matar\u00eda-un-toro.-\u00c9l-respondi\u00f3-tir\u00e1ndose-al-toro-al-grito-de-m\u00e1tame-300x202.jpg\" width=\"300\" height=\"202\" srcset=\"https:\/\/javiermanzano.es\/wp-content\/uploads\/2013\/12\/A-Belmonte-le-dec\u00edan-que-su-toreo-era-mentira-porque-si-no-le-matar\u00eda-un-toro.-\u00c9l-respondi\u00f3-tir\u00e1ndose-al-toro-al-grito-de-m\u00e1tame-300x202.jpg 300w, https:\/\/javiermanzano.es\/wp-content\/uploads\/2013\/12\/A-Belmonte-le-dec\u00edan-que-su-toreo-era-mentira-porque-si-no-le-matar\u00eda-un-toro.-\u00c9l-respondi\u00f3-tir\u00e1ndose-al-toro-al-grito-de-m\u00e1tame.jpg 580w\" sizes=\"auto, (max-width: 300px) 100vw, 300px\" \/><\/a><\/span><\/span><\/span><\/span><\/span><em>Hemos quedado entonces en que el porqu\u00e9 es porque me sale de los cojones, y t\u00fa ni mu. Sigamos. No hablamos del c\u00f3mo porque el c\u00f3mo va a ser lo \u00fanico que te deje decidir a ti. Bueno, m\u00e1s o menos, porque s\u00ed quiero hacerte alguna sugerencia. Hazlo, ya te dije, r\u00e1pido, y hazlo, esto es importante, sin piedad, sin compasi\u00f3n, sin miramiento\u2026 Y hazlo, si me haces el favor, sin recrearte porque matar lentamente, como ya me ha pasado otras veces, es muy jodido, y porque, adem\u00e1s, corres el riesgo, extremo y severo, de que se me crucen los cables seg\u00fan me vaya llegando el oleaje de la agon\u00eda y me ponga a echar el intelect del que ya te hable y cambiando s\u00f3lo una vocal y una consonante cambie el destino, el m\u00edo pero sobre todo el tuyo. Vamos, que casi est\u00e1s obligado a hacerlo como te estoy sugiriendo, aunque f\u00edjate que no me importa, si cumples estas instrucciones, que busques patrones de inspiraci\u00f3n en Augusto Ledesma, Mathias Lund-Helgesen, Isidro Freire o el mism\u00edsimo Nick Corey, por citar a cuatro de los centenares de jinetes del apocalipsis que tanto y tan bien nos han ense\u00f1ado en miles de libros\u2026 Porque ya t\u00fa sabes aquello que tanto y tanto nos cantaban de que \u201ctodo est\u00e1 en los libros\u201d\u2026, vamos, que hasta te dir\u00eda que para eso los escriben y para eso los devoramos: para aprender o casi mejor para perfeccionar, porque como ya te cont\u00e9 hace unos meses: somos criminales, \u00a1todos!<\/em><\/p>\n<p><em>\u00bfD\u00f3nde? Menuda mierda de pregunta, \u00bfno? Me apuesto la vida, apuesta full por sarc\u00e1stica, a que en lo que nos trasegamos un par de tercios y nos inyectamos unos trujas llenar\u00edamos folio y pico, lo menos, con sitios, lugares, emplazamientos, parajes, recintos y territorios que seg\u00fan los ves dices: \u201c\u00a1co\u00f1o, ideal para perpetrar un asesinato!\u201d. No quiero tugurios, ni arrabales, ni suburbios y ca\u00f1adas\u2026 No quiero callejones, ni s\u00f3tanos, ni retretes y camastros\u2026 No quiero bazofia a m\u00ed alrededor, ni decrepitud en todo el per\u00edmetro que marque el alcance de mi vaho\u2026 No quiero en mi casa ni en la tuya, ni en un hotel, ni motel, ni pensi\u00f3n, ni albergue\u2026<\/em> <span class=\"frame-outer  alignleft size-medium wp-image-3933\"><span><span><span><span><a href=\"https:\/\/javiermanzano.es\/wp-content\/uploads\/2013\/12\/3.jpg\"><img loading=\"lazy\" decoding=\"async\" class=\"alignleft size-medium wp-image-3933\" alt=\"3\" src=\"https:\/\/javiermanzano.es\/wp-content\/uploads\/2013\/12\/3-300x147.jpg\" width=\"300\" height=\"147\" srcset=\"https:\/\/javiermanzano.es\/wp-content\/uploads\/2013\/12\/3-300x147.jpg 300w, https:\/\/javiermanzano.es\/wp-content\/uploads\/2013\/12\/3.jpg 600w\" sizes=\"auto, (max-width: 300px) 100vw, 300px\" \/><\/a><\/span><\/span><\/span><\/span><\/span><em>No quiero que tengas que desplazarte mucho porque la verdad es que no me sale de los huevos tener que andar movi\u00e9ndome m\u00e1s all\u00e1 de un radio de 200 km, \u00a1como mucho! Reconozco que no te lo pongo f\u00e1cil pero es lo que hay, y lo que m\u00e1s te conviene, no se te olvide, es tragar con lo que hay\u2026 En todo caso, tranquilo, calma\u2026: esto que acabamos de hacer ahora mismo, yo dictando y tu asintiendo y cavilando, vuelven a ser rengloncillos de escaqueo, de esos de los de robar tiempo al tiempo. Pero \u00a1ya!, ni uno m\u00e1s, as\u00ed que al tajo. \u00bfD\u00f3nde? \u00bfD\u00f3nde? \u00bfD\u00f3nde?<\/em><\/p>\n<p><em>El cu\u00e1ndo, mira t\u00fa, s\u00ed que te lo voy a tatuar clarito con tipograf\u00eda de cuerpo 72 en la parte interior de tus p\u00e1rpados: el 24. Ese d\u00eda y no otro, y ojo con despistarse, porque es la fecha que m\u00e1s me toca los huevos y la fecha que te\u00f1ida de sangre m\u00e1s toca los cojones. Una fecha que desde que fue parida fue secuestrada y que desde entonces pide a gritos que le revienten a hostias el inmenso barrig\u00f3n atestado de falsedades te\u00f1idas de colorao.<\/em><\/p>\n<p><em>Bueno\u2026 compinche, c\u00f3mplice, verdugo y reo\u2026, ya tienes el prospecto, con todas las contraindicaciones y efectos secundarios, as\u00ed que ponte a ello. Y r\u00e1pido, ya sabes. Yo entre tanto, o sea entre casi nada y nada, contactar\u00e9 con Ramiro Sancho, Harry Hole, Leo Caldas\u2026, y hasta con el habanero Mario Conde, el bajopirenaico Jean-Baptiste Adamsberg, el uruguayo-hispano Rub\u00e9n Bevilacqua o el dios y t\u00f3tem planetario Pepe Carvalho\u2026, para que se vayan preparando para cazar a tu asesino.<\/em><\/p>\n<p>&nbsp;<\/p>\n<p>*Art\u00edculo publicado en el n\u00famero #02 de <a href=\"http:\/\/revistafiatlux.com\/\">Fiat Lux<\/a>.<\/p>\n<p>**Aqu\u00ed puedes escuchar una <em>bonita<\/em> selecci\u00f3n de canciones de muerte.<\/p>\n<p>&nbsp;<\/p>\n<p><iframe loading=\"lazy\" src=\"http:\/\/www.ivoox.com\/player_ek_2640693_1.html\" height=\"48\" width=\"238\" allowfullscreen=\"\" frameborder=\"0\" scrolling=\"no\"><\/iframe><\/p>\n","protected":false},"excerpt":{"rendered":"<p>Te sugiero que lo hagas r\u00e1pido. No aqu\u00ed te pillo aqu\u00ed te mato, sino r\u00e1pido. Lo suficientemente resuelto como para que no d\u00e9 tiempo a jugar unos lances en un macabro scrabble y cambiando s\u00f3lo una vocal y una consonante cambiar un destino. R\u00e1pido pero no deprisa deprisa. R\u00e1pido pero no impetuoso ni precipitado ni [&hellip;]<\/p>\n","protected":false},"author":3,"featured_media":0,"comment_status":"open","ping_status":"open","sticky":false,"template":"","format":"standard","meta":{"footnotes":""},"categories":[1],"tags":[509,510,517,518,508],"class_list":["post-3924","post","type-post","status-publish","format-standard","hentry","category-politica","tag-crimen","tag-cronica-negra","tag-fiat-lux","tag-novela-negra","tag-sucesos"],"aioseo_notices":[],"_links":{"self":[{"href":"https:\/\/javiermanzano.es\/index.php?rest_route=\/wp\/v2\/posts\/3924","targetHints":{"allow":["GET"]}}],"collection":[{"href":"https:\/\/javiermanzano.es\/index.php?rest_route=\/wp\/v2\/posts"}],"about":[{"href":"https:\/\/javiermanzano.es\/index.php?rest_route=\/wp\/v2\/types\/post"}],"author":[{"embeddable":true,"href":"https:\/\/javiermanzano.es\/index.php?rest_route=\/wp\/v2\/users\/3"}],"replies":[{"embeddable":true,"href":"https:\/\/javiermanzano.es\/index.php?rest_route=%2Fwp%2Fv2%2Fcomments&post=3924"}],"version-history":[{"count":8,"href":"https:\/\/javiermanzano.es\/index.php?rest_route=\/wp\/v2\/posts\/3924\/revisions"}],"predecessor-version":[{"id":3939,"href":"https:\/\/javiermanzano.es\/index.php?rest_route=\/wp\/v2\/posts\/3924\/revisions\/3939"}],"wp:attachment":[{"href":"https:\/\/javiermanzano.es\/index.php?rest_route=%2Fwp%2Fv2%2Fmedia&parent=3924"}],"wp:term":[{"taxonomy":"category","embeddable":true,"href":"https:\/\/javiermanzano.es\/index.php?rest_route=%2Fwp%2Fv2%2Fcategories&post=3924"},{"taxonomy":"post_tag","embeddable":true,"href":"https:\/\/javiermanzano.es\/index.php?rest_route=%2Fwp%2Fv2%2Ftags&post=3924"}],"curies":[{"name":"wp","href":"https:\/\/api.w.org\/{rel}","templated":true}]}}