{"id":3886,"date":"2013-11-26T14:49:18","date_gmt":"2013-11-26T13:49:18","guid":{"rendered":"http:\/\/javiermanzano.es\/?p=3886"},"modified":"2013-11-26T14:49:18","modified_gmt":"2013-11-26T13:49:18","slug":"app-ninos-robados","status":"publish","type":"post","link":"https:\/\/javiermanzano.es\/?p=3886","title":{"rendered":"App Ni\u00f1os Robados"},"content":{"rendered":"<p><span class=\"frame-outer  alignleft size-medium wp-image-3887\"><span><span><span><span><a href=\"https:\/\/javiermanzano.es\/wp-content\/uploads\/2013\/11\/el-tercer-ojo.jpg\"><img loading=\"lazy\" decoding=\"async\" class=\"alignleft size-medium wp-image-3887\" alt=\"el tercer ojo\" src=\"https:\/\/javiermanzano.es\/wp-content\/uploads\/2013\/11\/el-tercer-ojo-224x300.jpg\" width=\"224\" height=\"300\" srcset=\"https:\/\/javiermanzano.es\/wp-content\/uploads\/2013\/11\/el-tercer-ojo-224x300.jpg 224w, https:\/\/javiermanzano.es\/wp-content\/uploads\/2013\/11\/el-tercer-ojo-767x1024.jpg 767w, https:\/\/javiermanzano.es\/wp-content\/uploads\/2013\/11\/el-tercer-ojo.jpg 1222w\" sizes=\"auto, (max-width: 224px) 100vw, 224px\" \/><\/a><\/span><\/span><\/span><\/span><\/span>\u00a113! \u00a1Viva el 13! Porque este es el programa 13 de Las Cr\u00f3nicas Del V\u00e9rtigo que se emite cada martes a las 11:30 en <a href=\"http:\/\/www.rtve.es\/radio\/las-mananas-de-rne\/\">Las Ma\u00f1anas de RNE<\/a>. Hoy, en esta entrega, hemos hablado del drama de los Ni\u00f1os Robados, y, m\u00e1s concretamente, de la puesta en marcha -inminente- de una herramienta-aplicaci\u00f3n que permitir\u00e1 el cruce de an\u00e1lisis gen\u00e9ticos y por tanto los reencuentros. Lo hemos hablado con <a href=\"https:\/\/javiermanzano.es\/?p=3350\">Mar Soriano, que busca a su hermana Beatriz<\/a>, robada (diremos \u201cpresuntamente\u201d) en 1964, y responsable de la \u201c<a href=\"http:\/\/www.plataformacausabebesrobados.hostinazo.com\/\">Plataforma Afectados Cl\u00ednicas de Toda Espa\u00f1a-Causa Ni\u00f1os Robados<\/a>\u201d que es la entidad que ha desarrollado la mencionada \u201caplicaci\u00f3n\u201d.<\/p>\n<p>El enlace al audio lo tienes a pie de post, justo despu\u00e9s de estos datos de presentaci\u00f3n:<\/p>\n<p><em>\u00abSe habla de hasta 200.000 mil ni\u00f1os robados a lo largo de los \u00faltimos cuarenta y tantos o 50 a\u00f1os, y sean esos, o sean varios miles, o aunque s\u00f3lo fuesen varios cientos o unas decenas, lo cierto y verdad es que hablamos de un drama tremendo, de un espanto terrible y escandaloso que por s\u00ed s\u00f3lo requerir\u00eda un programa entero y no s\u00f3lo una secci\u00f3n.<\/em><\/p>\n<p><em> <span class=\"frame-outer  alignright size-medium wp-image-3889\"><span><span><span><span><a href=\"https:\/\/javiermanzano.es\/wp-content\/uploads\/2013\/11\/\u00faltimo-fruto.jpg\"><img loading=\"lazy\" decoding=\"async\" class=\"alignright size-medium wp-image-3889\" alt=\"\u00faltimo fruto\" src=\"https:\/\/javiermanzano.es\/wp-content\/uploads\/2013\/11\/\u00faltimo-fruto-224x300.jpg\" width=\"224\" height=\"300\" srcset=\"https:\/\/javiermanzano.es\/wp-content\/uploads\/2013\/11\/\u00faltimo-fruto-224x300.jpg 224w, https:\/\/javiermanzano.es\/wp-content\/uploads\/2013\/11\/\u00faltimo-fruto-767x1024.jpg 767w, https:\/\/javiermanzano.es\/wp-content\/uploads\/2013\/11\/\u00faltimo-fruto.jpg 1222w\" sizes=\"auto, (max-width: 224px) 100vw, 224px\" \/><\/a><\/span><\/span><\/span><\/span><\/span>Sea como fuere, hoy vamos a aproximarnos a este v\u00e9rtigo porque una de las asociaciones que luchan porque se esclarezca todo esto, porque se empiece a hablar m\u00e1s de \u201creencuentros\u201d que de ni\u00f1os robados, ha creado una herramienta inform\u00e1tica y aplicaci\u00f3n para m\u00f3viles y tabletas que facilite los reencuentros gen\u00e9ticos de manera privada, \u00edntima, sin intermediarios.<\/em><\/p>\n<p><em> Creemos que es interesante y nos gustar\u00eda que fuese eficaz, supone desde luego un paso adelante en una carrera contra el tiempo en la que quiz\u00e1 (o sin quiz\u00e1) las instituciones no est\u00e9n, y podr\u00edan, a la altura de las circunstancias, siendo adelantadas en bastantes, o demasiadas, ocasiones por el tes\u00f3n, la constancia y el empe\u00f1o de las familias y de quienes buscan hijos o hermanos\u00bb.<\/em><\/p>\n<p>Y ahora ya: \u00a1a escuchar!<\/p>\n<p>Antes, te recuerdo: Las Cr\u00f3nicas Del V\u00e9rtigo, los martes a las 11:30 en Las Ma\u00f1anas de RNE. Adem\u00e1s, puedes seguirnos en Twitter, @cronicasvertigo , y puedes contactar con nosotros y contarnos lo que quieras aqu\u00ed: <a href=\"mailto:lascronicasdelvertigo@gmail.com\">lascronicasdelvertigo@gmail.com<\/a><\/p>\n<p>Te esperamos.<\/p>\n<p>A cuidarse!!<\/p>\n<p>&nbsp;<\/p>\n<p><iframe loading=\"lazy\" src=\"http:\/\/www.ivoox.com\/player_ek_2589753_1.html\" height=\"48\" width=\"238\" allowfullscreen=\"\" frameborder=\"0\" scrolling=\"no\"><\/iframe><\/p>\n","protected":false},"excerpt":{"rendered":"<p>\u00a113! \u00a1Viva el 13! Porque este es el programa 13 de Las Cr\u00f3nicas Del V\u00e9rtigo que se emite cada martes a las 11:30 en Las Ma\u00f1anas de RNE. Hoy, en esta entrega, hemos hablado del drama de los Ni\u00f1os Robados, y, m\u00e1s concretamente, de la puesta en marcha -inminente- de una herramienta-aplicaci\u00f3n que permitir\u00e1 el [&hellip;]<\/p>\n","protected":false},"author":3,"featured_media":0,"comment_status":"open","ping_status":"open","sticky":false,"template":"","format":"standard","meta":{"footnotes":""},"categories":[1],"tags":[438,547,546,519,507,416,418,450,506,508,545],"class_list":["post-3886","post","type-post","status-publish","format-standard","hentry","category-politica","tag-adn","tag-analisis-genetico","tag-app","tag-las-cronicas-del-vertigo","tag-las-mananas-de-rne","tag-ninos-robados","tag-plataforma-ninos-robados","tag-radio","tag-rne","tag-sucesos","tag-tic"],"aioseo_notices":[],"_links":{"self":[{"href":"https:\/\/javiermanzano.es\/index.php?rest_route=\/wp\/v2\/posts\/3886","targetHints":{"allow":["GET"]}}],"collection":[{"href":"https:\/\/javiermanzano.es\/index.php?rest_route=\/wp\/v2\/posts"}],"about":[{"href":"https:\/\/javiermanzano.es\/index.php?rest_route=\/wp\/v2\/types\/post"}],"author":[{"embeddable":true,"href":"https:\/\/javiermanzano.es\/index.php?rest_route=\/wp\/v2\/users\/3"}],"replies":[{"embeddable":true,"href":"https:\/\/javiermanzano.es\/index.php?rest_route=%2Fwp%2Fv2%2Fcomments&post=3886"}],"version-history":[{"count":2,"href":"https:\/\/javiermanzano.es\/index.php?rest_route=\/wp\/v2\/posts\/3886\/revisions"}],"predecessor-version":[{"id":3890,"href":"https:\/\/javiermanzano.es\/index.php?rest_route=\/wp\/v2\/posts\/3886\/revisions\/3890"}],"wp:attachment":[{"href":"https:\/\/javiermanzano.es\/index.php?rest_route=%2Fwp%2Fv2%2Fmedia&parent=3886"}],"wp:term":[{"taxonomy":"category","embeddable":true,"href":"https:\/\/javiermanzano.es\/index.php?rest_route=%2Fwp%2Fv2%2Fcategories&post=3886"},{"taxonomy":"post_tag","embeddable":true,"href":"https:\/\/javiermanzano.es\/index.php?rest_route=%2Fwp%2Fv2%2Ftags&post=3886"}],"curies":[{"name":"wp","href":"https:\/\/api.w.org\/{rel}","templated":true}]}}