{"id":3879,"date":"2013-11-19T13:58:48","date_gmt":"2013-11-19T12:58:48","guid":{"rendered":"http:\/\/javiermanzano.es\/?p=3879"},"modified":"2013-11-19T13:58:48","modified_gmt":"2013-11-19T12:58:48","slug":"112-el-principal-centro-distribuidor-de-cronicas-del-vertigo","status":"publish","type":"post","link":"https:\/\/javiermanzano.es\/?p=3879","title":{"rendered":"112: el principal centro distribuidor de cr\u00f3nicas del v\u00e9rtigo"},"content":{"rendered":"<p><span class=\"frame-outer  alignleft size-medium wp-image-3881\"><span><span><span><span><a href=\"https:\/\/javiermanzano.es\/wp-content\/uploads\/2013\/11\/11.jpg\"><img loading=\"lazy\" decoding=\"async\" class=\"alignleft size-medium wp-image-3881\" alt=\"1\" src=\"https:\/\/javiermanzano.es\/wp-content\/uploads\/2013\/11\/11-300x224.jpg\" width=\"300\" height=\"224\" srcset=\"https:\/\/javiermanzano.es\/wp-content\/uploads\/2013\/11\/11-300x224.jpg 300w, https:\/\/javiermanzano.es\/wp-content\/uploads\/2013\/11\/11.jpg 700w\" sizes=\"auto, (max-width: 300px) 100vw, 300px\" \/><\/a><\/span><\/span><\/span><\/span><\/span>Cap\u00edtulo 12, ya, de Las Cr\u00f3nicas Del V\u00e9rtigo que, como ya sabr\u00e1s, realizamos en directo cada martes a las 11:30 en <a href=\"http:\/\/www.rtve.es\/radio\/las-mananas-de-rne\/\">Las Ma\u00f1anas de RNE<\/a>. En este programa que aqu\u00ed puedes escuchar, por si te lo perdiste, hemos conocido el funcionamiento del principal centro distribuidor de cr\u00f3nicas del v\u00e9rtigo. Nos lo ha \u00abmostrado\u00bb Gonzalo Quiroga que es el gerente del <a href=\"http:\/\/www.madrid.org\/cs\/Satellite?pagename=Emergencias112\/Page\/E112_Home\">Centro de Emergencias del 112 de la Comunidad de Madrid<\/a>. El enlace al audio lo tienes a pie de p\u00e1gina, antes, como siempre, algunos datos:<\/p>\n<p><em>\u00bb A caballo como estamos entre la alarma pistolera de Par\u00eds, la cat\u00e1strofe del tif\u00f3n de Filipinas y las emergencias de las primeras inclemencias invernales\u2026, hoy vamos a intentar meternos en las tripas del mayor centro de gesti\u00f3n de Emergencias de Espa\u00f1a: el 112 de Madrid.<\/em><\/p>\n<p><em> Un bunker dotado de los m\u00e1s modernos sistemas de comunicaci\u00f3n donde cada d\u00eda se reciben 15000 llamadas\u2026, \u2026una media de 10 llamadas por minuto. Llamadas de SOS, de socorro, de \u201c\u00a1ayuda urgente!, \u00a1por favor!\u201d.<\/em><\/p>\n<p><em> <span class=\"frame-outer  alignright size-medium wp-image-3883\"><span><span><span><span><a href=\"https:\/\/javiermanzano.es\/wp-content\/uploads\/2013\/11\/22.jpg\"><img loading=\"lazy\" decoding=\"async\" class=\"alignright size-medium wp-image-3883\" alt=\"2\" src=\"https:\/\/javiermanzano.es\/wp-content\/uploads\/2013\/11\/22-300x225.jpg\" width=\"300\" height=\"225\" srcset=\"https:\/\/javiermanzano.es\/wp-content\/uploads\/2013\/11\/22-300x225.jpg 300w, https:\/\/javiermanzano.es\/wp-content\/uploads\/2013\/11\/22.jpg 600w\" sizes=\"auto, (max-width: 300px) 100vw, 300px\" \/><\/a><\/span><\/span><\/span><\/span><\/span>15000 de esas cada d\u00eda, m\u00e1s de 5,5 millones\u00a0de llamadas al a\u00f1o de las que la mitad son de contenido sanitario y un 33 por ciento de contenido relacionado con la seguridad. Un ritmo fren\u00e9tico y vertiginoso no apto para cardiacos porque en un minuto y 8 segundos se ha dado respuesta a la llamada y puesto en marcha el operativo.<\/em><\/p>\n<p><em> Se encargan de ello aqu\u00ed en Madrid, cada minuto de cada d\u00eda, un equipo de 200 personas en un espacio circular de 60 metros de di\u00e1metro coronado por un espectacular videowall del que brotan incesantemente im\u00e1genes de tr\u00e1fico, conexiones con las centralitas de todos los servicios de seguridad y emergencia, o la trazabilidad de cada caso en marcha.<\/em><\/p>\n<p><em> Son gente que vive en un tel\u00e9fono, que chorrea adrenalina y que respira estr\u00e9s\u2026 Son la primera l\u00ednea de nuestra seguridad y est\u00e1n todos en UNO-UNO-DOS.<\/em><\/p>\n<p><em> Y eso es lo que hoy vamos a conocer: el trabajo en ese centro de gesti\u00f3n de emergencias. O casi m\u00e1s gr\u00e1fico: el viaje completo que hace tu llamada al 112 desde que marcas hasta que se act\u00faa\u00bb.<\/em><\/p>\n<p>Y ahora ya: \u00a1a escuchar!<\/p>\n<p>Antes, te recuerdo: Las Cr\u00f3nicas Del V\u00e9rtigo, los martes a las 11:30 en Las Ma\u00f1anas de RNE. Adem\u00e1s, puedes seguirnos en Twitter, @cronicasvertigo , y puedes contactar con nosotros y contarnos lo que quieras aqu\u00ed: <a href=\"mailto:lascronicasdelvertigo@gmail.com\">lascronicasdelvertigo@gmail.com<\/a><\/p>\n<p>Te esperamos.<\/p>\n<p>A cuidarse!!<\/p>\n<p><iframe loading=\"lazy\" src=\"http:\/\/www.ivoox.com\/player_ek_2567133_1.html\" height=\"48\" width=\"238\" allowfullscreen=\"\" frameborder=\"0\" scrolling=\"no\"><\/iframe><\/p>\n<p>PD: un par de curiosidades respecto a lo que has escuchado del <a href=\"http:\/\/www.youtube.com\/watch?v=3GNvOBWTdpQ\">libro<\/a> que hemos recomendado y de su <a href=\"http:\/\/www.youtube.com\/watch?v=G_EnYDZfUMw\">autor<\/a>. Pincha en los enlaces.<\/p>\n","protected":false},"excerpt":{"rendered":"<p>Cap\u00edtulo 12, ya, de Las Cr\u00f3nicas Del V\u00e9rtigo que, como ya sabr\u00e1s, realizamos en directo cada martes a las 11:30 en Las Ma\u00f1anas de RNE. En este programa que aqu\u00ed puedes escuchar, por si te lo perdiste, hemos conocido el funcionamiento del principal centro distribuidor de cr\u00f3nicas del v\u00e9rtigo. Nos lo ha \u00abmostrado\u00bb Gonzalo Quiroga [&hellip;]<\/p>\n","protected":false},"author":3,"featured_media":0,"comment_status":"open","ping_status":"open","sticky":false,"template":"","format":"standard","meta":{"footnotes":""},"categories":[1],"tags":[543,544,519,507,449,450,508],"class_list":["post-3879","post","type-post","status-publish","format-standard","hentry","category-politica","tag-543","tag-emergencias","tag-las-cronicas-del-vertigo","tag-las-mananas-de-rne","tag-periodismo","tag-radio","tag-sucesos"],"aioseo_notices":[],"_links":{"self":[{"href":"https:\/\/javiermanzano.es\/index.php?rest_route=\/wp\/v2\/posts\/3879","targetHints":{"allow":["GET"]}}],"collection":[{"href":"https:\/\/javiermanzano.es\/index.php?rest_route=\/wp\/v2\/posts"}],"about":[{"href":"https:\/\/javiermanzano.es\/index.php?rest_route=\/wp\/v2\/types\/post"}],"author":[{"embeddable":true,"href":"https:\/\/javiermanzano.es\/index.php?rest_route=\/wp\/v2\/users\/3"}],"replies":[{"embeddable":true,"href":"https:\/\/javiermanzano.es\/index.php?rest_route=%2Fwp%2Fv2%2Fcomments&post=3879"}],"version-history":[{"count":3,"href":"https:\/\/javiermanzano.es\/index.php?rest_route=\/wp\/v2\/posts\/3879\/revisions"}],"predecessor-version":[{"id":3884,"href":"https:\/\/javiermanzano.es\/index.php?rest_route=\/wp\/v2\/posts\/3879\/revisions\/3884"}],"wp:attachment":[{"href":"https:\/\/javiermanzano.es\/index.php?rest_route=%2Fwp%2Fv2%2Fmedia&parent=3879"}],"wp:term":[{"taxonomy":"category","embeddable":true,"href":"https:\/\/javiermanzano.es\/index.php?rest_route=%2Fwp%2Fv2%2Fcategories&post=3879"},{"taxonomy":"post_tag","embeddable":true,"href":"https:\/\/javiermanzano.es\/index.php?rest_route=%2Fwp%2Fv2%2Ftags&post=3879"}],"curies":[{"name":"wp","href":"https:\/\/api.w.org\/{rel}","templated":true}]}}