{"id":3860,"date":"2013-11-05T13:16:50","date_gmt":"2013-11-05T12:16:50","guid":{"rendered":"http:\/\/javiermanzano.es\/?p=3860"},"modified":"2013-11-05T13:16:50","modified_gmt":"2013-11-05T12:16:50","slug":"la-policia-de-la-ciudad-de-abajo","status":"publish","type":"post","link":"https:\/\/javiermanzano.es\/?p=3860","title":{"rendered":"La polic\u00eda de \u00abla ciudad de abajo\u00bb"},"content":{"rendered":"<p><span class=\"frame-outer  alignleft size-medium wp-image-3861\"><span><span><span><span><a href=\"https:\/\/javiermanzano.es\/wp-content\/uploads\/2013\/11\/1.jpg\"><img loading=\"lazy\" decoding=\"async\" class=\"alignleft size-medium wp-image-3861\" alt=\"1\" src=\"https:\/\/javiermanzano.es\/wp-content\/uploads\/2013\/11\/1-224x300.jpg\" width=\"224\" height=\"300\" srcset=\"https:\/\/javiermanzano.es\/wp-content\/uploads\/2013\/11\/1-224x300.jpg 224w, https:\/\/javiermanzano.es\/wp-content\/uploads\/2013\/11\/1-767x1024.jpg 767w, https:\/\/javiermanzano.es\/wp-content\/uploads\/2013\/11\/1.jpg 1222w\" sizes=\"auto, (max-width: 224px) 100vw, 224px\" \/><\/a><\/span><\/span><\/span><\/span><\/span>D\u00e9cima dosis de Las Cr\u00f3nicas Del V\u00e9rtigo que puedes escuchar en directo los martes a las 11:3o en <a href=\"http:\/\/www.rtve.es\/radio\/las-mananas-de-rne\/\">Las Ma\u00f1anas de RNE<\/a>. En este cap\u00edtulo hemos conocido el trabajo de la <a href=\"http:\/\/www.policia.es\/org_central\/seguridad_ciudadana\/unidades_especiales\/subsuelo\/subsuelo.html\">Unidad de Subsuelo del Cuerpo Nacional de Polic\u00eda<\/a>, el trabajo de esa unidad en la ciudad de Madrid&#8230;; mejor dicho, en \u00abla ciudad de abajo\u00bb de Madrid: 70 agentes que trabajan las 24 horas los siete d\u00edas de la semana en las tripas de la ciudad.<\/p>\n<p>Y es que ah\u00ed, en \u00abla ciudad de abajo\u00bb, hay casi 5000 kil\u00f3metros de \u201ccalles\u201d; m\u00e1s kil\u00f3metros que entre Madrid y Mosc\u00fa. Cerca de 5000 kil\u00f3metros entre alcantarillado, colectores, viajes de agua o galer\u00edas de servicio.\u00a0 <span class=\"frame-outer  alignright size-medium wp-image-3863\"><span><span><span><span><a href=\"https:\/\/javiermanzano.es\/wp-content\/uploads\/2013\/11\/2.jpg\"><img loading=\"lazy\" decoding=\"async\" class=\"alignright size-medium wp-image-3863\" alt=\"2\" src=\"https:\/\/javiermanzano.es\/wp-content\/uploads\/2013\/11\/2-224x300.jpg\" width=\"224\" height=\"300\" srcset=\"https:\/\/javiermanzano.es\/wp-content\/uploads\/2013\/11\/2-224x300.jpg 224w, https:\/\/javiermanzano.es\/wp-content\/uploads\/2013\/11\/2-767x1024.jpg 767w, https:\/\/javiermanzano.es\/wp-content\/uploads\/2013\/11\/2.jpg 1222w\" sizes=\"auto, (max-width: 224px) 100vw, 224px\" \/><\/a><\/span><\/span><\/span><\/span><\/span>Toda una ciudad ah\u00ed abajo: debajo de bancos, joyer\u00edas, edificios oficiales\u2026 Y claro, si en la ciudad de arriba hay polic\u00eda, en la ciudad de abajo TAMBI\u00c9N hay polic\u00eda: la Unidad de Subsuelo que nos ha presentado y mostrado quien fuera jefe de ese grupo durante 8 a\u00f1os, el Inspector Jefe del CNP Adolfo Fern\u00e1ndez Mas.<\/p>\n<p>En este reproductor que hay aqu\u00ed <em>abajo<\/em> puedes escuchar el programa, antes te recuerdo \u00abcoordenadas\u00bb: Las Cr\u00f3nicas Del V\u00e9rtigo, los martes a las 11:30 en <a href=\"http:\/\/www.rtve.es\/radio\/las-mananas-de-rne\/\">Las Ma\u00f1anas de RNE<\/a>. Adem\u00e1s, puedes seguirnos en Twitter, @cronicasvertigo , y puedes contactar con nosotros y contarnos lo que quieras aqu\u00ed: <a href=\"mailto:lascronicasdelvertigo@gmail.com\">lascronicasdelvertigo@gmail.com<\/a><\/p>\n<p>Te esperamos.<\/p>\n<p>A cuidarse!!<\/p>\n<p>&nbsp;<\/p>\n<p><iframe loading=\"lazy\" src=\"http:\/\/www.ivoox.com\/player_ek_2519525_1.html\" height=\"48\" width=\"238\" allowfullscreen=\"\" frameborder=\"0\" scrolling=\"no\"><\/iframe><\/p>\n","protected":false},"excerpt":{"rendered":"<p>D\u00e9cima dosis de Las Cr\u00f3nicas Del V\u00e9rtigo que puedes escuchar en directo los martes a las 11:3o en Las Ma\u00f1anas de RNE. En este cap\u00edtulo hemos conocido el trabajo de la Unidad de Subsuelo del Cuerpo Nacional de Polic\u00eda, el trabajo de esa unidad en la ciudad de Madrid&#8230;; mejor dicho, en \u00abla ciudad de [&hellip;]<\/p>\n","protected":false},"author":3,"featured_media":0,"comment_status":"open","ping_status":"open","sticky":false,"template":"","format":"standard","meta":{"footnotes":""},"categories":[1],"tags":[534,535,510,507,76,524,536,450,506,537,508,533],"class_list":["post-3860","post","type-post","status-publish","format-standard","hentry","category-politica","tag-butron","tag-butroneros","tag-cronica-negra","tag-las-mananas-de-rne","tag-madrid","tag-policia","tag-prevencion","tag-radio","tag-rne","tag-seguridad","tag-sucesos","tag-unidad-de-subsuelo"],"aioseo_notices":[],"_links":{"self":[{"href":"https:\/\/javiermanzano.es\/index.php?rest_route=\/wp\/v2\/posts\/3860","targetHints":{"allow":["GET"]}}],"collection":[{"href":"https:\/\/javiermanzano.es\/index.php?rest_route=\/wp\/v2\/posts"}],"about":[{"href":"https:\/\/javiermanzano.es\/index.php?rest_route=\/wp\/v2\/types\/post"}],"author":[{"embeddable":true,"href":"https:\/\/javiermanzano.es\/index.php?rest_route=\/wp\/v2\/users\/3"}],"replies":[{"embeddable":true,"href":"https:\/\/javiermanzano.es\/index.php?rest_route=%2Fwp%2Fv2%2Fcomments&post=3860"}],"version-history":[{"count":3,"href":"https:\/\/javiermanzano.es\/index.php?rest_route=\/wp\/v2\/posts\/3860\/revisions"}],"predecessor-version":[{"id":3865,"href":"https:\/\/javiermanzano.es\/index.php?rest_route=\/wp\/v2\/posts\/3860\/revisions\/3865"}],"wp:attachment":[{"href":"https:\/\/javiermanzano.es\/index.php?rest_route=%2Fwp%2Fv2%2Fmedia&parent=3860"}],"wp:term":[{"taxonomy":"category","embeddable":true,"href":"https:\/\/javiermanzano.es\/index.php?rest_route=%2Fwp%2Fv2%2Fcategories&post=3860"},{"taxonomy":"post_tag","embeddable":true,"href":"https:\/\/javiermanzano.es\/index.php?rest_route=%2Fwp%2Fv2%2Ftags&post=3860"}],"curies":[{"name":"wp","href":"https:\/\/api.w.org\/{rel}","templated":true}]}}