{"id":3819,"date":"2013-10-04T12:19:29","date_gmt":"2013-10-04T11:19:29","guid":{"rendered":"http:\/\/javiermanzano.es\/?p=3819"},"modified":"2013-10-04T19:06:30","modified_gmt":"2013-10-04T18:06:30","slug":"somos-criminales","status":"publish","type":"post","link":"https:\/\/javiermanzano.es\/?p=3819","title":{"rendered":"\u00abSomos Criminales\u00bb"},"content":{"rendered":"<p><span class=\"frame-outer  alignleft size-medium wp-image-3820\"><span><span><span><span><a href=\"https:\/\/javiermanzano.es\/wp-content\/uploads\/2013\/10\/Fiat-Lux-1-portada.jpg\"><img loading=\"lazy\" decoding=\"async\" class=\"alignleft size-medium wp-image-3820\" alt=\"Fiat Lux 1, portada\" src=\"https:\/\/javiermanzano.es\/wp-content\/uploads\/2013\/10\/Fiat-Lux-1-portada-231x300.jpg\" width=\"231\" height=\"300\" srcset=\"https:\/\/javiermanzano.es\/wp-content\/uploads\/2013\/10\/Fiat-Lux-1-portada-231x300.jpg 231w, https:\/\/javiermanzano.es\/wp-content\/uploads\/2013\/10\/Fiat-Lux-1-portada.jpg 608w\" sizes=\"auto, (max-width: 231px) 100vw, 231px\" \/><\/a><\/span><\/span><\/span><\/span><\/span>\u00a1Se acab\u00f3 la calma! \u00a1\u00a1<a href=\"http:\/\/www.revistafiatlux.com\/\">Fiat Lux<\/a> ya est\u00e1 en los kioskos!! \u00a1\u00a1\u00a1Viva el periodismo!!!<\/p>\n<p>Es una buen\u00edsima noticia en esta dictadura del recorte permanente y despiadado. Es un brote verde de verdad verdadera. Es una apuesta por el periodismo de siempre, la cr\u00f3nica de siempre, el reportaje de siempre, la entrevista de siempre, el art\u00edculo de siempre; \u00a1todo lo que nos ense\u00f1aron nuestros mayores! <a href=\"http:\/\/www.revistafiatlux.com\/\">Fiat Lux<\/a> (dirigida por Daniel Borasteros y Mauricio Skrycky) est\u00e1 ya rulando y nace con tanto \u00edmpetu que seguro segur\u00edsimo tendr\u00e1 larga vida.<\/p>\n<p>Motivos sobrados y de peso para una celebraci\u00f3n a lo grande grande. A ello nos lanzamos en cuerpo y alma, a partes iguales, y mientras emprendemos con ah\u00ednco y a tumba abierta el v\u00eda crucis de bares, tabernas y garitos de todo tipo y condici\u00f3n, aqu\u00ed te dejo el art\u00edculo que publico en el primer n\u00famero de <a href=\"http:\/\/www.revistafiatlux.com\/\">Fiat Lux<\/a>: \u00abSomos Criminales\u00bb.<\/p>\n<p>Y por si quieres amenizarte la lectura, al final del texto te dejo una selecci\u00f3n de buenas canciones de emblem\u00e1ticas pel\u00edculas del cine negro.<\/p>\n<p>&nbsp;<\/p>\n<p>\u00abNo conozco a nadie a quien no le guste el crimen. A\u00fan sin haberlo probado\u2026f\u00edsicamente. Es como con el jam\u00f3n, aunque he de decir que ah\u00ed s\u00ed s\u00e9 de alg\u00fan que otro caso. \u00bfLamentable comparaci\u00f3n? Pues puede que s\u00ed aunque forzando forzando lo cierto es que aqu\u00ed hablaremos de matanzas, aunque no de cerdos, y de despieces, pero no de puercos, y hasta incluso llegaremos a rozar el concepto \u201ccharcuter\u00eda\u201d (y ya no digamos casquer\u00eda donde tambi\u00e9n se despachan suculentas piezas del glorioso gochu) toda vez que en ocasiones habremos de ocuparnos de chorizos, h\u00edgados, mondongos, tocinos o lenguas (embuchadas, escarlatas, escabechadas, adobadas\u2026).<\/p>\n<p>Pero a lo que vamos. No conozco a nadie a quien no le guste el crimen. Tu, yo, y cualquiera, si no lo ha practicado, que lo mismo s\u00ed, seguro que lo ha imaginado, planeado, so\u00f1ado, <em>pesadilleado<\/em>, le\u00eddo, visto (ya haya sido al natural o en foto, cine, pintura), dibujado, escuchado y, desde luego, jugado o jugueteado. Bien en carne ajena, bien en carne propia. Nos gusta el crimen, y no por el hecho obvio de que la muerte es el colmo de la vida, y nos atraen todos y cada uno de los detalles que lo rodean, envuelven y cobijan. Y puesto que nos va, puesto que nos pone, todos somos criminales, por acci\u00f3n y por omisi\u00f3n, y todos, claro que s\u00ed, podr\u00edamos presumir sin grandes esfuerzos de crimin\u00f3logos en tanto que gustamos de estudiar las causas y circunstancias de los delitos, la personalidad de sus autores y las variadas formas de reprimirlos, tanto los delitos como los delincuentes. Hasta es posible incluso que el coqueteo con esa criminolog\u00eda pudiera tener una parte, o partecita, de su origen en una variante de envidia malsana hacia el hecho y su autor, y de ah\u00ed que tanto t\u00fa como yo devoremos con fruici\u00f3n cada detalle, cuanto m\u00e1s escabroso mejor, de una novela negra, una cr\u00f3nica negra o un simple escrito negro, qui\u00e9n sabe si con el \u00e1nimo, oculto o no, de aprender.<\/p>\n<p><span class=\"frame-outer  alignright size-medium wp-image-3821\"><span><span><span><span><a href=\"https:\/\/javiermanzano.es\/wp-content\/uploads\/2013\/10\/Calaqueros-Rodrigo-ABD.jpg\"><img loading=\"lazy\" decoding=\"async\" class=\"alignright size-medium wp-image-3821\" alt=\"Calaqueros, Rodrigo ABD\" src=\"https:\/\/javiermanzano.es\/wp-content\/uploads\/2013\/10\/Calaqueros-Rodrigo-ABD-300x199.jpg\" width=\"300\" height=\"199\" srcset=\"https:\/\/javiermanzano.es\/wp-content\/uploads\/2013\/10\/Calaqueros-Rodrigo-ABD-300x199.jpg 300w, https:\/\/javiermanzano.es\/wp-content\/uploads\/2013\/10\/Calaqueros-Rodrigo-ABD.jpg 585w\" sizes=\"auto, (max-width: 300px) 100vw, 300px\" \/><\/a><\/span><\/span><\/span><\/span><\/span>Tampoco conozco a nadie a quien no le guste el morbo. S\u00ed s\u00e9, y tu tambi\u00e9n, de muchos que lo niegan, lo repudian o lo esconden, pero s\u00e9, y t\u00fa tambi\u00e9n, que lo hacen de full, por aparentar y quedar dabuti. No me refiero en ning\u00fan caso, s\u00e1lveme el diablo de ello, al medi\u00e1tico morbo cuch\u00e9 con el que llevan a\u00f1os atontolinando al respetable. No. El morbo que a todos gusta, aunque se fuerce y esfuerce su ocultaci\u00f3n, es el del suceso, el del crimen, el de la atrocidad, el del salvajismo. Somos morbosos y no s\u00f3lo lo sabemos sino que nos gusta, y no conozco a nadie, y t\u00fa tampoco, que no tenga inter\u00e9s malsano por personas o cosas ni atracci\u00f3n hacia acontecimientos desagradables. Nos pone el morbo, nos engancha el morbo, nos embauca, embelesa y engatusa. Y lo ejercemos y practicamos en todas sus acepciones empezando por la posiblemente m\u00e1s com\u00fan: en silencio.<\/p>\n<p>Adem\u00e1s, y para que sea terna y no escaso mano a mano, apenas s\u00e9 de alguien a qui\u00e9n no le excite el v\u00e9rtigo, por m\u00e1s que tambi\u00e9n se le repudie al lorquiano comp\u00e1s del \u201cno quiero verlo\u201d. No me refiero, t\u00fa lo habr\u00e1s deducido, a la definici\u00f3n y etimolog\u00eda del t\u00e9rmino y sus principales acepciones, sino a esa sensaci\u00f3n fina como el coral y adictiva como el caballo que serpentea por la ca\u00f1a de los huesos alternando el \u201caaayyyy\u201d con el \u201cuuuyyyy\u201d y con el \u201cooohhhh\u201d. S\u00ed, nos pone el v\u00e9rtigo, t\u00fa y yo lo sabemos, y especialmente el que nace, crece, y habita, porque morir no muere, en el territorio, vasto territorio, que comparten el crimen y el morbo.<\/p>\n<p>Somos por tanto criminales, y crimin\u00f3logos, morboso, y <em>morbos\u00f3logos<\/em>, y <em>vertiguianos<\/em>, y <em>vertig\u00f3logos<\/em>. Y nos mola aunque nos empe\u00f1emos en encubrirlo y enmascararlo haci\u00e9ndolo igual que hacen los ni\u00f1os cuando para no ver algo se tapan los ojos con la mano dejando entreabiertos un par de dedos. Nos gusta, nos atrae, nos seduce y nos cautiva, y por eso nos cautiva, nos seduce, nos atrae y nos gusta el pa\u00eds donde habitan y conviven crimen, morbo y v\u00e9rtigo: la cara B de la vida, la cara B de la realidad, las afueras de nuestra existencia sin las que ning\u00fan sentido tendr\u00edan los adentros de nuestra subsistencia. Un territorio que exploramos cada martes, a la hora und\u00e9cima, en Las Ma\u00f1anas de RNE.<\/p>\n<p>\u00a1A cuidarse!\u00bb<br \/>\n<iframe loading=\"lazy\" src=\"http:\/\/www.ivoox.com\/player_ek_2416917_1.html\" height=\"48\" width=\"238\" allowfullscreen=\"\" frameborder=\"0\" scrolling=\"no\"><\/iframe><\/p>\n","protected":false},"excerpt":{"rendered":"<p>\u00a1Se acab\u00f3 la calma! \u00a1\u00a1Fiat Lux ya est\u00e1 en los kioskos!! \u00a1\u00a1\u00a1Viva el periodismo!!! Es una buen\u00edsima noticia en esta dictadura del recorte permanente y despiadado. Es un brote verde de verdad verdadera. Es una apuesta por el periodismo de siempre, la cr\u00f3nica de siempre, el reportaje de siempre, la entrevista de siempre, el art\u00edculo [&hellip;]<\/p>\n","protected":false},"author":3,"featured_media":0,"comment_status":"open","ping_status":"open","sticky":false,"template":"","format":"standard","meta":{"footnotes":""},"categories":[1],"tags":[509,517,518,449],"class_list":["post-3819","post","type-post","status-publish","format-standard","hentry","category-politica","tag-crimen","tag-fiat-lux","tag-novela-negra","tag-periodismo"],"aioseo_notices":[],"_links":{"self":[{"href":"https:\/\/javiermanzano.es\/index.php?rest_route=\/wp\/v2\/posts\/3819","targetHints":{"allow":["GET"]}}],"collection":[{"href":"https:\/\/javiermanzano.es\/index.php?rest_route=\/wp\/v2\/posts"}],"about":[{"href":"https:\/\/javiermanzano.es\/index.php?rest_route=\/wp\/v2\/types\/post"}],"author":[{"embeddable":true,"href":"https:\/\/javiermanzano.es\/index.php?rest_route=\/wp\/v2\/users\/3"}],"replies":[{"embeddable":true,"href":"https:\/\/javiermanzano.es\/index.php?rest_route=%2Fwp%2Fv2%2Fcomments&post=3819"}],"version-history":[{"count":3,"href":"https:\/\/javiermanzano.es\/index.php?rest_route=\/wp\/v2\/posts\/3819\/revisions"}],"predecessor-version":[{"id":3824,"href":"https:\/\/javiermanzano.es\/index.php?rest_route=\/wp\/v2\/posts\/3819\/revisions\/3824"}],"wp:attachment":[{"href":"https:\/\/javiermanzano.es\/index.php?rest_route=%2Fwp%2Fv2%2Fmedia&parent=3819"}],"wp:term":[{"taxonomy":"category","embeddable":true,"href":"https:\/\/javiermanzano.es\/index.php?rest_route=%2Fwp%2Fv2%2Fcategories&post=3819"},{"taxonomy":"post_tag","embeddable":true,"href":"https:\/\/javiermanzano.es\/index.php?rest_route=%2Fwp%2Fv2%2Ftags&post=3819"}],"curies":[{"name":"wp","href":"https:\/\/api.w.org\/{rel}","templated":true}]}}