{"id":3732,"date":"2013-05-22T19:00:42","date_gmt":"2013-05-22T18:00:42","guid":{"rendered":"http:\/\/javiermanzano.es\/?p=3732"},"modified":"2013-05-22T19:00:42","modified_gmt":"2013-05-22T18:00:42","slug":"asi-grabe-a-la-trama-gurtel","status":"publish","type":"post","link":"https:\/\/javiermanzano.es\/?p=3732","title":{"rendered":"\u00abAs\u00ed grab\u00e9 a la trama G\u00fcrtel\u00bb"},"content":{"rendered":"<p><span class=\"frame-outer  alignleft size-medium wp-image-3733\"><span><span><span><span><a href=\"https:\/\/javiermanzano.es\/wp-content\/uploads\/2013\/05\/salvador-dali.jpg\"><img loading=\"lazy\" decoding=\"async\" class=\"alignleft size-medium wp-image-3733\" alt=\"salvador dali\" src=\"https:\/\/javiermanzano.es\/wp-content\/uploads\/2013\/05\/salvador-dali-300x295.jpg\" width=\"300\" height=\"295\" srcset=\"https:\/\/javiermanzano.es\/wp-content\/uploads\/2013\/05\/salvador-dali-300x295.jpg 300w, https:\/\/javiermanzano.es\/wp-content\/uploads\/2013\/05\/salvador-dali.jpg 700w\" sizes=\"auto, (max-width: 300px) 100vw, 300px\" \/><\/a><\/span><\/span><\/span><\/span><\/span><\/p>\n<p>&nbsp;<\/p>\n<p>Hola!<\/p>\n<p>Pudiste leerlo en <a href=\"http:\/\/www.zoomnews.es\/52692\/actualidad\/espana\/jose-luis-penas-las-grabaciones-guertel-prueba-principal-soy-yo\">zoomnews.es<\/a> y ahora puedes escuchar aqu\u00ed la entrevista \u00edntegra, con todos sus matices y sus silencios, sus entonaciones y sus calificaciones.<\/p>\n<p>Es una entrevista con Jos\u00e9 Luis Pe\u00f1as, ex-concejal del PP en Majadahonda, que desde 2007 es \u00abtestigo de cargo\u00bb en el caso sobre la (presunta) mayor trama de corrupci\u00f3n pol\u00edtica de la reciente historia de Espa\u00f1a: el caso G\u00fcrtel. Pe\u00f1as relata c\u00f3mo realiz\u00f3 las grabaciones que ahora Francisco Correa y otros imputados quieren que el juez Ruz declare nulas. \u00c9l es rotundo: \u00abLa prueba soy yo, las grabaciones avalan lo que viv\u00ed y denunci\u00e9\u00bb. En la entrevista cuenta c\u00f3mo\u00a0grab\u00f3, d\u00f3nde grab\u00f3, por qu\u00e9 grab\u00f3, y hace o vuelve a hacer unas importantes acusaciones sobre Rajoy, P\u00edo Garc\u00eda Escudero o la boda Aznar-Agag.<\/p>\n<p>Interesante, m\u00e1s escuch\u00e1ndolo en su integridad.<\/p>\n<p>&nbsp;<br \/>\n<object id=\"player2065484\" width=\"240\" height=\"133\" classid=\"clsid:d27cdb6e-ae6d-11cf-96b8-444553540000\" codebase=\"http:\/\/download.macromedia.com\/pub\/shockwave\/cabs\/flash\/swflash.cab#version=6,0,40,0\"><param name=\"AllowScriptAccess\" value=\"always\" \/><param name=\"allowFullScreen\" value=\"true\" \/><param name=\"wmode\" value=\"transparent\" \/><param name=\"src\" value=\"http:\/\/www.ivoox.com\/playerivoox_ee_2065484_1.html\" \/><param name=\"allowfullscreen\" value=\"true\" \/><param name=\"allowscriptaccess\" value=\"always\" \/><embed id=\"player2065484\" width=\"240\" height=\"133\" type=\"application\/x-shockwave-flash\" src=\"http:\/\/www.ivoox.com\/playerivoox_ee_2065484_1.html\" AllowScriptAccess=\"always\" allowFullScreen=\"true\" wmode=\"transparent\" allowfullscreen=\"true\" allowscriptaccess=\"always\" \/><\/object><\/p>\n","protected":false},"excerpt":{"rendered":"<p>&nbsp; Hola! Pudiste leerlo en zoomnews.es y ahora puedes escuchar aqu\u00ed la entrevista \u00edntegra, con todos sus matices y sus silencios, sus entonaciones y sus calificaciones. Es una entrevista con Jos\u00e9 Luis Pe\u00f1as, ex-concejal del PP en Majadahonda, que desde 2007 es \u00abtestigo de cargo\u00bb en el caso sobre la (presunta) mayor trama de corrupci\u00f3n [&hellip;]<\/p>\n","protected":false},"author":3,"featured_media":0,"comment_status":"open","ping_status":"open","sticky":false,"template":"","format":"standard","meta":{"footnotes":""},"categories":[1],"tags":[157,456,489,31,492,156,490,491,488,24,54],"class_list":["post-3732","post","type-post","status-publish","format-standard","hentry","category-politica","tag-agag","tag-barcenas","tag-boda-aznar-agag","tag-corrupcion","tag-francisco-correa","tag-gurtel","tag-jose-luis-penas","tag-juez-ruz","tag-pio-garcia-escudero","tag-pp","tag-rajoy"],"aioseo_notices":[],"_links":{"self":[{"href":"https:\/\/javiermanzano.es\/index.php?rest_route=\/wp\/v2\/posts\/3732","targetHints":{"allow":["GET"]}}],"collection":[{"href":"https:\/\/javiermanzano.es\/index.php?rest_route=\/wp\/v2\/posts"}],"about":[{"href":"https:\/\/javiermanzano.es\/index.php?rest_route=\/wp\/v2\/types\/post"}],"author":[{"embeddable":true,"href":"https:\/\/javiermanzano.es\/index.php?rest_route=\/wp\/v2\/users\/3"}],"replies":[{"embeddable":true,"href":"https:\/\/javiermanzano.es\/index.php?rest_route=%2Fwp%2Fv2%2Fcomments&post=3732"}],"version-history":[{"count":5,"href":"https:\/\/javiermanzano.es\/index.php?rest_route=\/wp\/v2\/posts\/3732\/revisions"}],"predecessor-version":[{"id":3738,"href":"https:\/\/javiermanzano.es\/index.php?rest_route=\/wp\/v2\/posts\/3732\/revisions\/3738"}],"wp:attachment":[{"href":"https:\/\/javiermanzano.es\/index.php?rest_route=%2Fwp%2Fv2%2Fmedia&parent=3732"}],"wp:term":[{"taxonomy":"category","embeddable":true,"href":"https:\/\/javiermanzano.es\/index.php?rest_route=%2Fwp%2Fv2%2Fcategories&post=3732"},{"taxonomy":"post_tag","embeddable":true,"href":"https:\/\/javiermanzano.es\/index.php?rest_route=%2Fwp%2Fv2%2Ftags&post=3732"}],"curies":[{"name":"wp","href":"https:\/\/api.w.org\/{rel}","templated":true}]}}