{"id":3645,"date":"2013-03-05T14:38:21","date_gmt":"2013-03-05T13:38:21","guid":{"rendered":"http:\/\/javiermanzano.es\/?p=3645"},"modified":"2013-03-05T14:38:21","modified_gmt":"2013-03-05T13:38:21","slug":"radio-minera-asturias-situacion-de-incertidumbre-critica","status":"publish","type":"post","link":"https:\/\/javiermanzano.es\/?p=3645","title":{"rendered":"Radio Minera: Asturias, situaci\u00f3n de incertidumbre cr\u00edtica"},"content":{"rendered":"<p><span class=\"frame-outer  alignleft size-medium wp-image-3646\"><span><span><span><span><a href=\"https:\/\/javiermanzano.es\/wp-content\/uploads\/2013\/03\/Con-Anita-Sirgo-e-Ignacio-Pe\u00f3n.jpg\"><img loading=\"lazy\" decoding=\"async\" class=\"alignleft size-medium wp-image-3646\" alt=\"Con Anita Sirgo e Ignacio Pe\u00f3n\" src=\"https:\/\/javiermanzano.es\/wp-content\/uploads\/2013\/03\/Con-Anita-Sirgo-e-Ignacio-Pe\u00f3n-300x237.jpg\" width=\"300\" height=\"237\" srcset=\"https:\/\/javiermanzano.es\/wp-content\/uploads\/2013\/03\/Con-Anita-Sirgo-e-Ignacio-Pe\u00f3n-300x237.jpg 300w, https:\/\/javiermanzano.es\/wp-content\/uploads\/2013\/03\/Con-Anita-Sirgo-e-Ignacio-Pe\u00f3n.jpg 800w\" sizes=\"auto, (max-width: 300px) 100vw, 300px\" \/><\/a><\/span><\/span><\/span><\/span><\/span>Hola!!<\/p>\n<p>\u00daltimo programa-balance de la Ruta del Carb\u00f3n: las etapas asturianas. El titular ser\u00eda \u201csituaci\u00f3n de incertidumbre cr\u00edtica\u201d porque la miner\u00eda asturiana es consciente (y temerosa) de que lo que est\u00e1 ocurriendo en Le\u00f3n pueda ser el ensayo de lo que suceder\u00e1 en Asturias.<\/p>\n<p>Ojal\u00e1 ni lo uno ni lo otro se cumple, ojal\u00e1 sirva para bien la reuni\u00f3n de este jueves 7 entre el secretario de estado de energ\u00eda y las centrales sindicales.<\/p>\n<p>Mientras eso sucede, o no, hoy te ofrecemos este programa-resumen de cuanto sentimos, vivimos, escuchamos y compartidos en Asturias: en Cia\u00f1o\/La Felguera, San Mart\u00edn del Rey Aurelio\/El Entrego y Tur\u00f3n.<\/p>\n<p>Recordaremos los testimonios m\u00e1s emotivos y m\u00e1s significativos de mineros, dirigentes sindicales, dirigentes pol\u00edticos, m\u00fasicos, escritores, periodistas\u2026 y, adem\u00e1s, en formato \u201cespeciales\u201d, las Mujeres del Carb\u00f3n y dos hist\u00f3ricos de la lucha minera con los que haremos memoria: Anita Sirgo e Ignacio Pe\u00f3n, torturados, encarcelados y deportados por luchar incansablemente por la miner\u00eda y por la dignidad.<\/p>\n<p><span class=\"frame-outer  alignright size-medium wp-image-3648\"><span><span><span><span><a href=\"https:\/\/javiermanzano.es\/wp-content\/uploads\/2013\/03\/1.jpg\"><img loading=\"lazy\" decoding=\"async\" class=\"alignright size-medium wp-image-3648\" alt=\"1\" src=\"https:\/\/javiermanzano.es\/wp-content\/uploads\/2013\/03\/1-300x225.jpg\" width=\"300\" height=\"225\" srcset=\"https:\/\/javiermanzano.es\/wp-content\/uploads\/2013\/03\/1-300x225.jpg 300w, https:\/\/javiermanzano.es\/wp-content\/uploads\/2013\/03\/1-1024x768.jpg 1024w\" sizes=\"auto, (max-width: 300px) 100vw, 300px\" \/><\/a><\/span><\/span><\/span><\/span><\/span>Merece sin lugar a dudas recordar lo m\u00e1s selecto de lo que se dijo, por unos y por otros, e incluso guardarlo en el caso de la memoria hist\u00f3rica.<\/p>\n<p>Gracias a todos ellos y \u00a1mucha suerte!<\/p>\n<p>\u00a1\u00a1GRACIAS!! tambi\u00e9n a todos los que cre\u00edsteis en este proyecto y colaborasteis econ\u00f3micamente para llevarlo adelante. No olvid\u00e9is que esto no ha hecho m\u00e1s que empezar porque la Radio Minera seguir\u00e1 informando puntualmente y volver\u00e1, sin duda, a los territorios mineros.<\/p>\n<p>Y gracias, por supuesto, y tambi\u00e9n EN MAY\u00daSCULAS, a todos los que nos hab\u00e9is seguido y nos segu\u00eds.<\/p>\n<p>Radio Minera, dando voz a quienes otros no quieren d\u00e1rsela.<\/p>\n<p>Radio Minera, otra radio es posible.<\/p>\n<p>&nbsp;<\/p>\n<p><object width=\"173\" height=\"30\" classid=\"clsid:d27cdb6e-ae6d-11cf-96b8-444553540000\" codebase=\"http:\/\/download.macromedia.com\/pub\/shockwave\/cabs\/flash\/swflash.cab#version=6,0,40,0\"><param name=\"allowFullScreen\" value=\"true\" \/><param name=\"wmode\" value=\"transparent\" \/><param name=\"src\" value=\"http:\/\/www.ivoox.com\/playerivoox_ep_1839952_1.html\" \/><param name=\"allowfullscreen\" value=\"true\" \/><embed width=\"173\" height=\"30\" type=\"application\/x-shockwave-flash\" src=\"http:\/\/www.ivoox.com\/playerivoox_ep_1839952_1.html\" allowFullScreen=\"true\" wmode=\"transparent\" allowfullscreen=\"true\" \/><\/object><a style=\"font-size: 12px; color: #333333; position: relative; bottom: 4px;\" title=\"Radio Minera 10, Asturias situaci\u00f3n de incertidumbre cr\u00edtica\" href=\"http:\/\/www.ivoox.com\/radio-minera-10-asturias-situacion-incertidumbre-critica-audios-mp3_rf_1839952_1.html\"> Ir a descargar<\/a><\/p>\n","protected":false},"excerpt":{"rendered":"<p>Hola!! \u00daltimo programa-balance de la Ruta del Carb\u00f3n: las etapas asturianas. El titular ser\u00eda \u201csituaci\u00f3n de incertidumbre cr\u00edtica\u201d porque la miner\u00eda asturiana es consciente (y temerosa) de que lo que est\u00e1 ocurriendo en Le\u00f3n pueda ser el ensayo de lo que suceder\u00e1 en Asturias. Ojal\u00e1 ni lo uno ni lo otro se cumple, ojal\u00e1 sirva [&hellip;]<\/p>\n","protected":false},"author":3,"featured_media":0,"comment_status":"open","ping_status":"open","sticky":false,"template":"","format":"standard","meta":{"footnotes":""},"categories":[1],"tags":[460,455,321,472,459,470,454,464,424,452,422,463,86],"class_list":["post-3645","post","type-post","status-publish","format-standard","hentry","category-politica","tag-asturias","tag-carbon","tag-ccoo","tag-energia","tag-leon","tag-mina","tag-mineria","tag-mineros","tag-radio-2-0","tag-radio-minera","tag-radio-online","tag-ruta-del-carbon","tag-ugt"],"aioseo_notices":[],"_links":{"self":[{"href":"https:\/\/javiermanzano.es\/index.php?rest_route=\/wp\/v2\/posts\/3645","targetHints":{"allow":["GET"]}}],"collection":[{"href":"https:\/\/javiermanzano.es\/index.php?rest_route=\/wp\/v2\/posts"}],"about":[{"href":"https:\/\/javiermanzano.es\/index.php?rest_route=\/wp\/v2\/types\/post"}],"author":[{"embeddable":true,"href":"https:\/\/javiermanzano.es\/index.php?rest_route=\/wp\/v2\/users\/3"}],"replies":[{"embeddable":true,"href":"https:\/\/javiermanzano.es\/index.php?rest_route=%2Fwp%2Fv2%2Fcomments&post=3645"}],"version-history":[{"count":3,"href":"https:\/\/javiermanzano.es\/index.php?rest_route=\/wp\/v2\/posts\/3645\/revisions"}],"predecessor-version":[{"id":3650,"href":"https:\/\/javiermanzano.es\/index.php?rest_route=\/wp\/v2\/posts\/3645\/revisions\/3650"}],"wp:attachment":[{"href":"https:\/\/javiermanzano.es\/index.php?rest_route=%2Fwp%2Fv2%2Fmedia&parent=3645"}],"wp:term":[{"taxonomy":"category","embeddable":true,"href":"https:\/\/javiermanzano.es\/index.php?rest_route=%2Fwp%2Fv2%2Fcategories&post=3645"},{"taxonomy":"post_tag","embeddable":true,"href":"https:\/\/javiermanzano.es\/index.php?rest_route=%2Fwp%2Fv2%2Ftags&post=3645"}],"curies":[{"name":"wp","href":"https:\/\/api.w.org\/{rel}","templated":true}]}}