{"id":3641,"date":"2013-03-04T15:19:43","date_gmt":"2013-03-04T14:19:43","guid":{"rendered":"http:\/\/javiermanzano.es\/?p=3641"},"modified":"2013-03-04T15:19:43","modified_gmt":"2013-03-04T14:19:43","slug":"radio-minera-situacion-de-emergencia-en-leon","status":"publish","type":"post","link":"https:\/\/javiermanzano.es\/?p=3641","title":{"rendered":"Radio Minera: situaci\u00f3n de emergencia en Le\u00f3n"},"content":{"rendered":"<p><span class=\"frame-outer  alignleft size-medium wp-image-3642\"><span><span><span><span><a href=\"https:\/\/javiermanzano.es\/wp-content\/uploads\/2013\/03\/WP_001440.jpg\"><img loading=\"lazy\" decoding=\"async\" class=\"alignleft size-medium wp-image-3642\" alt=\"WP_001440\" src=\"https:\/\/javiermanzano.es\/wp-content\/uploads\/2013\/03\/WP_001440-300x224.jpg\" width=\"300\" height=\"224\" srcset=\"https:\/\/javiermanzano.es\/wp-content\/uploads\/2013\/03\/WP_001440-300x224.jpg 300w, https:\/\/javiermanzano.es\/wp-content\/uploads\/2013\/03\/WP_001440-1024x767.jpg 1024w, https:\/\/javiermanzano.es\/wp-content\/uploads\/2013\/03\/WP_001440.jpg 1630w\" sizes=\"auto, (max-width: 300px) 100vw, 300px\" \/><\/a><\/span><\/span><\/span><\/span><\/span>Hola!!<\/p>\n<p>Termin\u00f3 la Ruta del Carb\u00f3n\u2026, la primera parte porque volveremos.<\/p>\n<p>Es por tanto hora de balances y res\u00famenes, de repasar los mejores momentos de cuanto vivimos y fueron muchos, todos.<br \/>\nLo vamos a hacer en dos entregas: Le\u00f3n y Asturias.<\/p>\n<p>Hoy es Le\u00f3n, coincide con que aquellas tierras mineras est\u00e1n en situaci\u00f3n de emergencia absoluta con 3000 mineros afectados por regulaciones laborales: paro y ERE\u2019s.<\/p>\n<p>Con los pasajes m\u00e1s emotivos y destacados de cuanto transmitimos hemos preparado este programa en cuyo pr\u00f3logo est\u00e1 el agradecimiento a todos los que estuvieron de una u otra forma con nosotros: 20 mineros, 7 dirigentes sindicales, media docena de Mujeres del Carb\u00f3n, 8 alcaldes, 1 senador, 5 periodistas\u2026<\/p>\n<p>Gracias a todos ellos y \u00a1mucha suerte!<\/p>\n<p>Gracias tambi\u00e9n, GRACIAS, a todos los que cre\u00edsteis en este proyecto y <a href=\"http:\/\/lamarchanegra2012.blogspot.com.es\/2013\/01\/colabora-con-radio-minera.html\">colaborasteis<\/a> econ\u00f3micamente para llevarlo adelante.<\/p>\n<p>Y gracias, por supuesto, a todos los que nos hab\u00e9is seguido y nos <a href=\"http:\/\/lamarchanegra2012.blogspot.com.es\/\">segu\u00eds<\/a>.<\/p>\n<p>Radio Minera, dando voz a quienes otros no quieren d\u00e1rsela.<\/p>\n<p>Radio Minera, otra radio es posible.<\/p>\n<p>&nbsp;<\/p>\n<p><object width=\"173\" height=\"30\" classid=\"clsid:d27cdb6e-ae6d-11cf-96b8-444553540000\" codebase=\"http:\/\/download.macromedia.com\/pub\/shockwave\/cabs\/flash\/swflash.cab#version=6,0,40,0\"><param name=\"allowFullScreen\" value=\"true\" \/><param name=\"wmode\" value=\"transparent\" \/><param name=\"src\" value=\"http:\/\/www.ivoox.com\/playerivoox_ep_1836713_1.html\" \/><param name=\"allowfullscreen\" value=\"true\" \/><embed width=\"173\" height=\"30\" type=\"application\/x-shockwave-flash\" src=\"http:\/\/www.ivoox.com\/playerivoox_ep_1836713_1.html\" allowFullScreen=\"true\" wmode=\"transparent\" allowfullscreen=\"true\" \/><\/object><a style=\"font-size: 12px; color: #333333; position: relative; bottom: 4px;\" title=\"Radio Minera 10: Le\u00f3n, situaci\u00f3n de emergencia\" href=\"http:\/\/www.ivoox.com\/radio-minera-10-leon-situacion-emergencia-audios-mp3_rf_1836713_1.html\"> Ir a descargar<\/a><\/p>\n","protected":false},"excerpt":{"rendered":"<p>Hola!! Termin\u00f3 la Ruta del Carb\u00f3n\u2026, la primera parte porque volveremos. Es por tanto hora de balances y res\u00famenes, de repasar los mejores momentos de cuanto vivimos y fueron muchos, todos. Lo vamos a hacer en dos entregas: Le\u00f3n y Asturias. Hoy es Le\u00f3n, coincide con que aquellas tierras mineras est\u00e1n en situaci\u00f3n de emergencia [&hellip;]<\/p>\n","protected":false},"author":3,"featured_media":0,"comment_status":"open","ping_status":"open","sticky":false,"template":"","format":"standard","meta":{"footnotes":""},"categories":[1],"tags":[460,455,471,459,454,464,56,424,452,422,463],"class_list":["post-3641","post","type-post","status-publish","format-standard","hentry","category-politica","tag-asturias","tag-carbon","tag-ere","tag-leon","tag-mineria","tag-mineros","tag-paro","tag-radio-2-0","tag-radio-minera","tag-radio-online","tag-ruta-del-carbon"],"aioseo_notices":[],"_links":{"self":[{"href":"https:\/\/javiermanzano.es\/index.php?rest_route=\/wp\/v2\/posts\/3641","targetHints":{"allow":["GET"]}}],"collection":[{"href":"https:\/\/javiermanzano.es\/index.php?rest_route=\/wp\/v2\/posts"}],"about":[{"href":"https:\/\/javiermanzano.es\/index.php?rest_route=\/wp\/v2\/types\/post"}],"author":[{"embeddable":true,"href":"https:\/\/javiermanzano.es\/index.php?rest_route=\/wp\/v2\/users\/3"}],"replies":[{"embeddable":true,"href":"https:\/\/javiermanzano.es\/index.php?rest_route=%2Fwp%2Fv2%2Fcomments&post=3641"}],"version-history":[{"count":2,"href":"https:\/\/javiermanzano.es\/index.php?rest_route=\/wp\/v2\/posts\/3641\/revisions"}],"predecessor-version":[{"id":3644,"href":"https:\/\/javiermanzano.es\/index.php?rest_route=\/wp\/v2\/posts\/3641\/revisions\/3644"}],"wp:attachment":[{"href":"https:\/\/javiermanzano.es\/index.php?rest_route=%2Fwp%2Fv2%2Fmedia&parent=3641"}],"wp:term":[{"taxonomy":"category","embeddable":true,"href":"https:\/\/javiermanzano.es\/index.php?rest_route=%2Fwp%2Fv2%2Fcategories&post=3641"},{"taxonomy":"post_tag","embeddable":true,"href":"https:\/\/javiermanzano.es\/index.php?rest_route=%2Fwp%2Fv2%2Ftags&post=3641"}],"curies":[{"name":"wp","href":"https:\/\/api.w.org\/{rel}","templated":true}]}}