{"id":3632,"date":"2013-02-28T23:09:17","date_gmt":"2013-02-28T22:09:17","guid":{"rendered":"http:\/\/javiermanzano.es\/?p=3632"},"modified":"2013-02-28T23:09:17","modified_gmt":"2013-02-28T22:09:17","slug":"radio-minera-ruta-del-carbon-programa-9-valle-de-turon-pozo-santa-barbara","status":"publish","type":"post","link":"https:\/\/javiermanzano.es\/?p=3632","title":{"rendered":"Radio Minera, Ruta del Carb\u00f3n. Programa 9: Valle de Tur\u00f3n, Pozo Santa B\u00e1rbara"},"content":{"rendered":"<p><span class=\"frame-outer  alignleft size-medium wp-image-3633\"><span><span><span><span><a href=\"https:\/\/javiermanzano.es\/wp-content\/uploads\/2013\/02\/WP_001627.jpg\"><img loading=\"lazy\" decoding=\"async\" class=\"alignleft size-medium wp-image-3633\" alt=\"WP_001627\" src=\"https:\/\/javiermanzano.es\/wp-content\/uploads\/2013\/02\/WP_001627-224x300.jpg\" width=\"224\" height=\"300\" srcset=\"https:\/\/javiermanzano.es\/wp-content\/uploads\/2013\/02\/WP_001627-224x300.jpg 224w, https:\/\/javiermanzano.es\/wp-content\/uploads\/2013\/02\/WP_001627-767x1024.jpg 767w, https:\/\/javiermanzano.es\/wp-content\/uploads\/2013\/02\/WP_001627.jpg 1222w\" sizes=\"auto, (max-width: 224px) 100vw, 224px\" \/><\/a><\/span><\/span><\/span><\/span><\/span>\u00abSe pas\u00f3 del todo a la nada, y ni pas\u00f3 ni pasa nada\u00bb<\/p>\n<p>Radio Minera, emitiendo hoy desde el Valle de Tur\u00f3n, un m\u00e1s que pujante territorio minero hasta hace nada&#8230;y la nada desde hace nada. Tur\u00f3n, s\u00edmbolo de lo mucho que fue la miner\u00eda y de lo pr\u00e1cticamente nada que es ahora.<\/p>\n<p>La verdad es que acojonaba hacer este programa: una modesta y humilde Radio Minera en un lugar que es, ni m\u00e1s ni menos, que Patrimonio Hist\u00f3rico de la Miner\u00eda. Acojonaba ciertamente pero para paliarlo nos rodeamos de m\u00fasicos, escritores, fotoperiodistas, documentalistas, j\u00f3venes y un alcalde que fue minero y que no habla \u00aben pol\u00edtico\u00bb sino \u00aben calle\u00bb. Con ellos hemos hablado de lo que fue, de lo que es y de lo que podr\u00eda ser.<\/p>\n<p>Radio Minera emitiendo desde el Valle de Tur\u00f3n, Patrimonio Hist\u00f3rico de la Miner\u00eda. Reliquia minera, la verdad, y si no mira estos datos:<\/p>\n<p>-uno de los n\u00facleos obreros abanderados de la industrializaci\u00f3n del pa\u00eds.<\/p>\n<p>-123 a\u00f1os de historia minera: desde 1890 con la creaci\u00f3n de Hulleras de Tur\u00f3n.<\/p>\n<p>-m\u00e1s de 400 explotaciones mineras, entre bocaminas y pozos. Hoy ni una.<\/p>\n<p>&#8211;m\u00e1s de 6000 mineros. Hoy ni uno.<\/p>\n<p>-cerca nde 20000 habitantes tuvo. Hoy menos de 5000 diseminados en 92 n\u00facleos de poblaci\u00f3n.<\/p>\n<p><span class=\"frame-outer  alignright size-medium wp-image-3635\"><span><span><span><span><a href=\"https:\/\/javiermanzano.es\/wp-content\/uploads\/2013\/02\/WP_001621.jpg\"><img loading=\"lazy\" decoding=\"async\" class=\"alignright size-medium wp-image-3635\" alt=\"WP_001621\" src=\"https:\/\/javiermanzano.es\/wp-content\/uploads\/2013\/02\/WP_001621-224x300.jpg\" width=\"224\" height=\"300\" srcset=\"https:\/\/javiermanzano.es\/wp-content\/uploads\/2013\/02\/WP_001621-224x300.jpg 224w, https:\/\/javiermanzano.es\/wp-content\/uploads\/2013\/02\/WP_001621-767x1024.jpg 767w, https:\/\/javiermanzano.es\/wp-content\/uploads\/2013\/02\/WP_001621.jpg 1222w\" sizes=\"auto, (max-width: 224px) 100vw, 224px\" \/><\/a><\/span><\/span><\/span><\/span><\/span>-pozos m\u00edticos como Pozo Espinos, Pozo Figaredo, Pozo San Jos\u00e9, Pozo Santa B\u00e1rbara que naci\u00f3 en 1926 y muri\u00f3 en 1995 certificando de paso la defunci\u00f3n minera del valle.<\/p>\n<p>-hubo decenas de centro escolares con m\u00e1s de 3000 ni\u00f1os en las escuelas.<\/p>\n<p>-hubo 3 casinos, 5 cines, orfe\u00f3n y polif\u00f3nica, Ateneos de reconocido prestigio intelectual.<\/p>\n<p>-hubo conciencia de clase, resistencia antifascista, guerrilla&#8230; En el 34 mineros de Tur\u00f3n proclamaron en Oviedo la Rep\u00fablica Socialista Asturiana, dur\u00f3 14 d\u00edas.<\/p>\n<p>Todo eso hubo. Hoy no hay (pr\u00e1cticamente) nada.<\/p>\n<p>Radio Minera en la Ruta del Carb\u00f3n, \u00faltima etapa: Valle de Tur\u00f3n, Pozo Santa B\u00e1rbara.<\/p>\n<p>Dando voz a quienes otros no quieren d\u00e1rsela.<\/p>\n<p>Porque otra radio es posible.<\/p>\n<p><object width=\"173\" height=\"30\" classid=\"clsid:d27cdb6e-ae6d-11cf-96b8-444553540000\" codebase=\"http:\/\/download.macromedia.com\/pub\/shockwave\/cabs\/flash\/swflash.cab#version=6,0,40,0\"><param name=\"allowFullScreen\" value=\"true\" \/><param name=\"wmode\" value=\"transparent\" \/><param name=\"src\" value=\"http:\/\/www.ivoox.com\/playerivoox_ep_1827930_1.html\" \/><param name=\"allowfullscreen\" value=\"true\" \/><embed width=\"173\" height=\"30\" type=\"application\/x-shockwave-flash\" src=\"http:\/\/www.ivoox.com\/playerivoox_ep_1827930_1.html\" allowFullScreen=\"true\" wmode=\"transparent\" allowfullscreen=\"true\" \/><\/object><a style=\"font-size: 12px; color: #333333; position: relative; bottom: 4px;\" title=\"Radio Minera 9, valle de Tur\u00f3n\" href=\"http:\/\/www.ivoox.com\/radio-minera-9-valle-turon-audios-mp3_rf_1827930_1.html\"> Ir a descargar<\/a><\/p>\n","protected":false},"excerpt":{"rendered":"<p>\u00abSe pas\u00f3 del todo a la nada, y ni pas\u00f3 ni pasa nada\u00bb Radio Minera, emitiendo hoy desde el Valle de Tur\u00f3n, un m\u00e1s que pujante territorio minero hasta hace nada&#8230;y la nada desde hace nada. Tur\u00f3n, s\u00edmbolo de lo mucho que fue la miner\u00eda y de lo pr\u00e1cticamente nada que es ahora. La verdad [&hellip;]<\/p>\n","protected":false},"author":3,"featured_media":0,"comment_status":"open","ping_status":"open","sticky":false,"template":"","format":"standard","meta":{"footnotes":""},"categories":[1],"tags":[460,455,459,470,454,464,424,452,422,463],"class_list":["post-3632","post","type-post","status-publish","format-standard","hentry","category-politica","tag-asturias","tag-carbon","tag-leon","tag-mina","tag-mineria","tag-mineros","tag-radio-2-0","tag-radio-minera","tag-radio-online","tag-ruta-del-carbon"],"aioseo_notices":[],"_links":{"self":[{"href":"https:\/\/javiermanzano.es\/index.php?rest_route=\/wp\/v2\/posts\/3632","targetHints":{"allow":["GET"]}}],"collection":[{"href":"https:\/\/javiermanzano.es\/index.php?rest_route=\/wp\/v2\/posts"}],"about":[{"href":"https:\/\/javiermanzano.es\/index.php?rest_route=\/wp\/v2\/types\/post"}],"author":[{"embeddable":true,"href":"https:\/\/javiermanzano.es\/index.php?rest_route=\/wp\/v2\/users\/3"}],"replies":[{"embeddable":true,"href":"https:\/\/javiermanzano.es\/index.php?rest_route=%2Fwp%2Fv2%2Fcomments&post=3632"}],"version-history":[{"count":5,"href":"https:\/\/javiermanzano.es\/index.php?rest_route=\/wp\/v2\/posts\/3632\/revisions"}],"predecessor-version":[{"id":3639,"href":"https:\/\/javiermanzano.es\/index.php?rest_route=\/wp\/v2\/posts\/3632\/revisions\/3639"}],"wp:attachment":[{"href":"https:\/\/javiermanzano.es\/index.php?rest_route=%2Fwp%2Fv2%2Fmedia&parent=3632"}],"wp:term":[{"taxonomy":"category","embeddable":true,"href":"https:\/\/javiermanzano.es\/index.php?rest_route=%2Fwp%2Fv2%2Fcategories&post=3632"},{"taxonomy":"post_tag","embeddable":true,"href":"https:\/\/javiermanzano.es\/index.php?rest_route=%2Fwp%2Fv2%2Ftags&post=3632"}],"curies":[{"name":"wp","href":"https:\/\/api.w.org\/{rel}","templated":true}]}}