{"id":3624,"date":"2013-02-27T20:38:45","date_gmt":"2013-02-27T19:38:45","guid":{"rendered":"http:\/\/javiermanzano.es\/?p=3624"},"modified":"2013-02-27T20:38:45","modified_gmt":"2013-02-27T19:38:45","slug":"radio-minera-ruta-del-carbon-programa-8-el-entrego-pozo-soton","status":"publish","type":"post","link":"https:\/\/javiermanzano.es\/?p=3624","title":{"rendered":"Radio Minera, Ruta del Carb\u00f3n. Programa 8: El Entrego, Pozo Sot\u00f3n"},"content":{"rendered":"<p><span class=\"frame-outer  alignleft size-medium wp-image-3625\"><span><span><span><span><a href=\"https:\/\/javiermanzano.es\/wp-content\/uploads\/2013\/02\/WP_001615.jpg\"><img loading=\"lazy\" decoding=\"async\" class=\"alignleft size-medium wp-image-3625\" alt=\"WP_001615\" src=\"https:\/\/javiermanzano.es\/wp-content\/uploads\/2013\/02\/WP_001615-300x224.jpg\" width=\"300\" height=\"224\" srcset=\"https:\/\/javiermanzano.es\/wp-content\/uploads\/2013\/02\/WP_001615-300x224.jpg 300w, https:\/\/javiermanzano.es\/wp-content\/uploads\/2013\/02\/WP_001615-1024x767.jpg 1024w, https:\/\/javiermanzano.es\/wp-content\/uploads\/2013\/02\/WP_001615.jpg 1630w\" sizes=\"auto, (max-width: 300px) 100vw, 300px\" \/><\/a><\/span><\/span><\/span><\/span><\/span>\u00abHay una luz en Asturias que ilumina Espa\u00f1a entera, es que all\u00ed se ha levantado toda la cuenca minera\u00bb<\/p>\n<p>Bienvenid@ a la Radio Minera. Emitiendo hoy desde El Entrego, San Mart\u00edn del Rey Aurelio. Junto al Pozo Sot\u00f3n, frente al Pozo El Entrego, en la Cuenca del Nal\u00f3n: puro territorio minero&#8230;, ahora territorio menguado&#8230; pero siempre rebosante de orgullo minero, de lucha minera, de casta minera, de combate minero.<\/p>\n<p>Pasado, presente y futuro. As\u00ed hemos conjugado este programa de hoy, el octavo de esta Ruta del Carb\u00f3n que nos llev\u00f3 por tierras leonesas y ahora en tierra asturiana&#8230;; con un fr\u00edo atroz&#8230;pero con mucho calor \u00a1\u00a1minero!!<\/p>\n<p>Pasado, presente y futuro.<\/p>\n<p><span class=\"frame-outer  alignright size-medium wp-image-3627\"><span><span><span><span><a href=\"https:\/\/javiermanzano.es\/wp-content\/uploads\/2013\/02\/WP_001608.jpg\"><img loading=\"lazy\" decoding=\"async\" class=\"alignright size-medium wp-image-3627\" alt=\"WP_001608\" src=\"https:\/\/javiermanzano.es\/wp-content\/uploads\/2013\/02\/WP_001608-224x300.jpg\" width=\"224\" height=\"300\" srcset=\"https:\/\/javiermanzano.es\/wp-content\/uploads\/2013\/02\/WP_001608-224x300.jpg 224w, https:\/\/javiermanzano.es\/wp-content\/uploads\/2013\/02\/WP_001608-767x1024.jpg 767w, https:\/\/javiermanzano.es\/wp-content\/uploads\/2013\/02\/WP_001608.jpg 1222w\" sizes=\"auto, (max-width: 224px) 100vw, 224px\" \/><\/a><\/span><\/span><\/span><\/span><\/span>Pasado con dos hist\u00f3ricos (leyandas vivas) de la lucha minera: <a href=\"http:\/\/www.youtube.com\/watch?v=-tHWUkm3Vro\">Anita Sirgo<\/a> e Ignacio Pe\u00f3n. Combativos y luchadores en la huelgona del 62 y por ello perseguidos, represaliados, torturados, deportados&#8230;<\/p>\n<p>Presente con mineras de Pozo Sot\u00f3n y Pozo Carrio.<\/p>\n<p>Futuro&#8230; Con los mencionados y tambi\u00e9n con una joven que encontr\u00f3 trabajo en una de las alternativas mineras y se qued\u00f3 sin \u00e9l porque la empresa fracas\u00f3, y con el coordinador de Izquierda Unida en San Mart\u00edn del Rey Aurelio.<\/p>\n<p>Radio Minera en la Ruta del Carb\u00f3n. Hoy desde El Entrego, Pozo Sot\u00f3n.<\/p>\n<p>Dando voz a quienes otros no quiere d\u00e1rsela.<\/p>\n<p>Porque otra radio es posible.<\/p>\n<p>&nbsp;<\/p>\n<p><object width=\"173\" height=\"30\" classid=\"clsid:d27cdb6e-ae6d-11cf-96b8-444553540000\" codebase=\"http:\/\/download.macromedia.com\/pub\/shockwave\/cabs\/flash\/swflash.cab#version=6,0,40,0\"><param name=\"allowFullScreen\" value=\"true\" \/><param name=\"wmode\" value=\"transparent\" \/><param name=\"src\" value=\"http:\/\/www.ivoox.com\/playerivoox_ep_1825399_1.html\" \/><param name=\"allowfullscreen\" value=\"true\" \/><embed width=\"173\" height=\"30\" type=\"application\/x-shockwave-flash\" src=\"http:\/\/www.ivoox.com\/playerivoox_ep_1825399_1.html\" allowFullScreen=\"true\" wmode=\"transparent\" allowfullscreen=\"true\" \/><\/object><a style=\"font-size: 12px; color: #333333; position: relative; bottom: 4px;\" title=\"Radio Minera 8, El Entrego\" href=\"http:\/\/www.ivoox.com\/radio-minera-8-el-entrego-audios-mp3_rf_1825399_1.html\"> Ir a descargar<\/a><\/p>\n","protected":false},"excerpt":{"rendered":"<p>\u00abHay una luz en Asturias que ilumina Espa\u00f1a entera, es que all\u00ed se ha levantado toda la cuenca minera\u00bb Bienvenid@ a la Radio Minera. Emitiendo hoy desde El Entrego, San Mart\u00edn del Rey Aurelio. Junto al Pozo Sot\u00f3n, frente al Pozo El Entrego, en la Cuenca del Nal\u00f3n: puro territorio minero&#8230;, ahora territorio menguado&#8230; pero [&hellip;]<\/p>\n","protected":false},"author":3,"featured_media":0,"comment_status":"open","ping_status":"open","sticky":false,"template":"","format":"standard","meta":{"footnotes":""},"categories":[1],"tags":[460,455,459,454,464,424,452,422,463],"class_list":["post-3624","post","type-post","status-publish","format-standard","hentry","category-politica","tag-asturias","tag-carbon","tag-leon","tag-mineria","tag-mineros","tag-radio-2-0","tag-radio-minera","tag-radio-online","tag-ruta-del-carbon"],"aioseo_notices":[],"_links":{"self":[{"href":"https:\/\/javiermanzano.es\/index.php?rest_route=\/wp\/v2\/posts\/3624","targetHints":{"allow":["GET"]}}],"collection":[{"href":"https:\/\/javiermanzano.es\/index.php?rest_route=\/wp\/v2\/posts"}],"about":[{"href":"https:\/\/javiermanzano.es\/index.php?rest_route=\/wp\/v2\/types\/post"}],"author":[{"embeddable":true,"href":"https:\/\/javiermanzano.es\/index.php?rest_route=\/wp\/v2\/users\/3"}],"replies":[{"embeddable":true,"href":"https:\/\/javiermanzano.es\/index.php?rest_route=%2Fwp%2Fv2%2Fcomments&post=3624"}],"version-history":[{"count":5,"href":"https:\/\/javiermanzano.es\/index.php?rest_route=\/wp\/v2\/posts\/3624\/revisions"}],"predecessor-version":[{"id":3631,"href":"https:\/\/javiermanzano.es\/index.php?rest_route=\/wp\/v2\/posts\/3624\/revisions\/3631"}],"wp:attachment":[{"href":"https:\/\/javiermanzano.es\/index.php?rest_route=%2Fwp%2Fv2%2Fmedia&parent=3624"}],"wp:term":[{"taxonomy":"category","embeddable":true,"href":"https:\/\/javiermanzano.es\/index.php?rest_route=%2Fwp%2Fv2%2Fcategories&post=3624"},{"taxonomy":"post_tag","embeddable":true,"href":"https:\/\/javiermanzano.es\/index.php?rest_route=%2Fwp%2Fv2%2Ftags&post=3624"}],"curies":[{"name":"wp","href":"https:\/\/api.w.org\/{rel}","templated":true}]}}