{"id":3608,"date":"2013-02-23T19:37:16","date_gmt":"2013-02-23T18:37:16","guid":{"rendered":"http:\/\/javiermanzano.es\/?p=3608"},"modified":"2013-02-23T19:37:16","modified_gmt":"2013-02-23T18:37:16","slug":"radio-minera-ruta-del-carbon-programa-6-cinera","status":"publish","type":"post","link":"https:\/\/javiermanzano.es\/?p=3608","title":{"rendered":"Radio Minera, Ruta del Carb\u00f3n. Programa 6: Ci\u00f1era"},"content":{"rendered":"<p><span class=\"frame-outer  alignleft size-medium wp-image-3609\"><span><span><span><span><a href=\"https:\/\/javiermanzano.es\/wp-content\/uploads\/2013\/02\/WP_001553.jpg\"><img loading=\"lazy\" decoding=\"async\" class=\"alignleft size-medium wp-image-3609\" alt=\"WP_001553\" src=\"https:\/\/javiermanzano.es\/wp-content\/uploads\/2013\/02\/WP_001553-224x300.jpg\" width=\"224\" height=\"300\" srcset=\"https:\/\/javiermanzano.es\/wp-content\/uploads\/2013\/02\/WP_001553-224x300.jpg 224w, https:\/\/javiermanzano.es\/wp-content\/uploads\/2013\/02\/WP_001553-767x1024.jpg 767w, https:\/\/javiermanzano.es\/wp-content\/uploads\/2013\/02\/WP_001553.jpg 1222w\" sizes=\"auto, (max-width: 224px) 100vw, 224px\" \/><\/a><\/span><\/span><\/span><\/span><\/span>\u201cMi sangre es negra, mi herencia es minera\u201d.<\/p>\n<p>Ci\u00f1era, ciudad de combate.<\/p>\n<p>Desde aqu\u00ed emitimos hoy, hasta aqu\u00ed hemos tra\u00eddo la Radio Minera en la sexta etapa de la Ruta del Carb\u00f3n que iniciamos el lunes en Villablino y concluiremos el pr\u00f3ximo jueves en Tur\u00f3n, ya en Asturias, siempre en Territorio Minero.<\/p>\n<p>Ci\u00f1era, ciudad de combate. 800 habitantes hoy, tuvo m\u00e1s de 3000. Una decena de mineros hoy, hace a\u00f1os todo el pueblo. Hubo media docena de minas, ahora s\u00f3lo queda una.<\/p>\n<p>Ci\u00f1era, monta\u00f1a central leonesa, a orillas del Bernesga, a las faldas de pajares, pre\u00f1ada de carb\u00f3n y arbolada de hayas.<\/p>\n<p>Ci\u00f1era, \u201cmi sangre es negra, mi herencia es minera\u201d.<\/p>\n<p>Radio Minera en la Ruta del Carb\u00f3n, hoy desde Ci\u00f1era.<\/p>\n<p>Dando voz a quienes otros no quieren d\u00e1rsela.<\/p>\n<p>Porque otra radio es posible.<\/p>\n<p>&nbsp;<\/p>\n<p><object width=\"173\" height=\"30\" classid=\"clsid:d27cdb6e-ae6d-11cf-96b8-444553540000\" codebase=\"http:\/\/download.macromedia.com\/pub\/shockwave\/cabs\/flash\/swflash.cab#version=6,0,40,0\"><param name=\"allowFullScreen\" value=\"true\" \/><param name=\"wmode\" value=\"transparent\" \/><param name=\"src\" value=\"http:\/\/www.ivoox.com\/playerivoox_ep_1813676_1.html\" \/><param name=\"allowfullscreen\" value=\"true\" \/><embed width=\"173\" height=\"30\" type=\"application\/x-shockwave-flash\" src=\"http:\/\/www.ivoox.com\/playerivoox_ep_1813676_1.html\" allowFullScreen=\"true\" wmode=\"transparent\" allowfullscreen=\"true\" \/><\/object><a style=\"font-size: 12px; color: #333333; position: relative; bottom: 4px;\" title=\"Radio Minera, Ci\u00f1era\" href=\"http:\/\/www.ivoox.com\/radio-minera-cinera-audios-mp3_rf_1813676_1.html\"> Ir a descargar<\/a><\/p>\n","protected":false},"excerpt":{"rendered":"<p>\u201cMi sangre es negra, mi herencia es minera\u201d. Ci\u00f1era, ciudad de combate. Desde aqu\u00ed emitimos hoy, hasta aqu\u00ed hemos tra\u00eddo la Radio Minera en la sexta etapa de la Ruta del Carb\u00f3n que iniciamos el lunes en Villablino y concluiremos el pr\u00f3ximo jueves en Tur\u00f3n, ya en Asturias, siempre en Territorio Minero. Ci\u00f1era, ciudad de [&hellip;]<\/p>\n","protected":false},"author":3,"featured_media":0,"comment_status":"open","ping_status":"open","sticky":false,"template":"","format":"standard","meta":{"footnotes":""},"categories":[1],"tags":[455,466,459,454,464,424,452,422,463],"class_list":["post-3608","post","type-post","status-publish","format-standard","hentry","category-politica","tag-carbon","tag-cinera","tag-leon","tag-mineria","tag-mineros","tag-radio-2-0","tag-radio-minera","tag-radio-online","tag-ruta-del-carbon"],"aioseo_notices":[],"_links":{"self":[{"href":"https:\/\/javiermanzano.es\/index.php?rest_route=\/wp\/v2\/posts\/3608","targetHints":{"allow":["GET"]}}],"collection":[{"href":"https:\/\/javiermanzano.es\/index.php?rest_route=\/wp\/v2\/posts"}],"about":[{"href":"https:\/\/javiermanzano.es\/index.php?rest_route=\/wp\/v2\/types\/post"}],"author":[{"embeddable":true,"href":"https:\/\/javiermanzano.es\/index.php?rest_route=\/wp\/v2\/users\/3"}],"replies":[{"embeddable":true,"href":"https:\/\/javiermanzano.es\/index.php?rest_route=%2Fwp%2Fv2%2Fcomments&post=3608"}],"version-history":[{"count":3,"href":"https:\/\/javiermanzano.es\/index.php?rest_route=\/wp\/v2\/posts\/3608\/revisions"}],"predecessor-version":[{"id":3612,"href":"https:\/\/javiermanzano.es\/index.php?rest_route=\/wp\/v2\/posts\/3608\/revisions\/3612"}],"wp:attachment":[{"href":"https:\/\/javiermanzano.es\/index.php?rest_route=%2Fwp%2Fv2%2Fmedia&parent=3608"}],"wp:term":[{"taxonomy":"category","embeddable":true,"href":"https:\/\/javiermanzano.es\/index.php?rest_route=%2Fwp%2Fv2%2Fcategories&post=3608"},{"taxonomy":"post_tag","embeddable":true,"href":"https:\/\/javiermanzano.es\/index.php?rest_route=%2Fwp%2Fv2%2Ftags&post=3608"}],"curies":[{"name":"wp","href":"https:\/\/api.w.org\/{rel}","templated":true}]}}