{"id":3579,"date":"2013-02-20T20:20:02","date_gmt":"2013-02-20T19:20:02","guid":{"rendered":"http:\/\/javiermanzano.es\/?p=3579"},"modified":"2013-02-20T20:20:02","modified_gmt":"2013-02-20T19:20:02","slug":"radio-minera-ruta-del-carbon-programa-3-fabero","status":"publish","type":"post","link":"https:\/\/javiermanzano.es\/?p=3579","title":{"rendered":"Radio Minera, Ruta del Carb\u00f3n. Programa 3: Fabero"},"content":{"rendered":"<p><span class=\"frame-outer  alignleft size-medium wp-image-3580\"><span><span><span><span><a href=\"https:\/\/javiermanzano.es\/wp-content\/uploads\/2013\/02\/WP_001477.jpg\"><img loading=\"lazy\" decoding=\"async\" class=\"alignleft size-medium wp-image-3580\" alt=\"WP_001477\" src=\"https:\/\/javiermanzano.es\/wp-content\/uploads\/2013\/02\/WP_001477-300x224.jpg\" width=\"300\" height=\"224\" srcset=\"https:\/\/javiermanzano.es\/wp-content\/uploads\/2013\/02\/WP_001477-300x224.jpg 300w, https:\/\/javiermanzano.es\/wp-content\/uploads\/2013\/02\/WP_001477-1024x767.jpg 1024w, https:\/\/javiermanzano.es\/wp-content\/uploads\/2013\/02\/WP_001477.jpg 1630w\" sizes=\"auto, (max-width: 300px) 100vw, 300px\" \/><\/a><\/span><\/span><\/span><\/span><\/span><\/p>\n<p>&nbsp;<\/p>\n<p>Fabero, El Bierzo. Hay, como en muchos otros pueblos de esta zona, una escultura al minero; se dice que va descalzo\u2026 porque las botas las lleva el patr\u00f3n.<\/p>\n<p>Radio Minera, hoy emitiendo desde Fabero, todo un s\u00edmbolo de lo que fue y no es. \u00bfSer\u00e1, podr\u00e1 ser o seguir siendo?<\/p>\n<p>Fabero fue la capital de la cuenca carbonera m\u00e1s importante de Espa\u00f1a. Lleg\u00f3 a tener hasta 15 minas o explotaciones mineras; cerca de 3000 mineros en los a\u00f1os 60; una poblaci\u00f3n pr\u00f3xima a los 10.000 habitantes; mucha inmigraci\u00f3n de Asturias, Extremadura, Andaluc\u00eda\u2026 Portugal, Cabo verde, Pakist\u00e1n\u2026<\/p>\n<p>Hoy en Fabero apenas viven 6000 personas. De su pasado minero apenas quedan vestigios y s\u00ed, como s\u00edmbolo, el Pozo Julia, hoy visitable como una especie de museo (cerr\u00f3 en el 92, tuvo 1500 mineros).<\/p>\n<p>Presente incierto y futuro a\u00fan m\u00e1s. Con todo, Fabero alberga la que para bastantes personas es casi la \u00fanica esperanza minera: la Gran Corta de Fabero; 300 hect\u00e1reas de mina a cielo abierto en la que trabajan m\u00e1quinas y no mineros, con unas reservas estimadas de 25 millones de toneladas de carb\u00f3n.<\/p>\n<p>Fabero, tercera etapa de la Ruta del Carb\u00f3n que iniciamos el lunes en Villablino y que terminar\u00e1 el jueves de la pr\u00f3xima semana en Tur\u00f3n, Asturias. Hasta entonces emitiremos desde Igue\u00f1a\/Tremor de Arriba, desde Toreno, desde Ci\u00f1era, desde Cia\u00f1o, desde San Mart\u00edn del Rey Aurelio, desde Tur\u00f3n\u2026 Y hoy, desde aqu\u00ed, desde Fabero. Recordando el opulento pasado, radiografiando el incierto presente y pregunt\u00e1ndonos cu\u00e1l ser\u00e1 el futuro de estas comarcas hechas de carb\u00f3n.<\/p>\n<p>Porque otra radio es posible!!<\/p>\n<p>Radio Minera, en la Ruta del Carb\u00f3n.<\/p>\n<p>&nbsp;<br \/>\n<object width=\"173\" height=\"30\" classid=\"clsid:d27cdb6e-ae6d-11cf-96b8-444553540000\" codebase=\"http:\/\/download.macromedia.com\/pub\/shockwave\/cabs\/flash\/swflash.cab#version=6,0,40,0\"><param name=\"allowFullScreen\" value=\"true\" \/><param name=\"wmode\" value=\"transparent\" \/><param name=\"src\" value=\"http:\/\/www.ivoox.com\/playerivoox_ep_1805551_1.html\" \/><param name=\"allowfullscreen\" value=\"true\" \/><embed width=\"173\" height=\"30\" type=\"application\/x-shockwave-flash\" src=\"http:\/\/www.ivoox.com\/playerivoox_ep_1805551_1.html\" allowFullScreen=\"true\" wmode=\"transparent\" allowfullscreen=\"true\" \/><\/object><a style=\"font-size: 12px; color: #333333; position: relative; bottom: 4px;\" title=\"Radio Minera, Fabero\" href=\"http:\/\/www.ivoox.com\/radio-minera-fabero-audios-mp3_rf_1805551_1.html\"> Ir a descargar<\/a><\/p>\n","protected":false},"excerpt":{"rendered":"<p>&nbsp; Fabero, El Bierzo. Hay, como en muchos otros pueblos de esta zona, una escultura al minero; se dice que va descalzo\u2026 porque las botas las lleva el patr\u00f3n. Radio Minera, hoy emitiendo desde Fabero, todo un s\u00edmbolo de lo que fue y no es. \u00bfSer\u00e1, podr\u00e1 ser o seguir siendo? Fabero fue la capital [&hellip;]<\/p>\n","protected":false},"author":3,"featured_media":0,"comment_status":"open","ping_status":"open","sticky":false,"template":"","format":"standard","meta":{"footnotes":""},"categories":[1],"tags":[455,454,464,424,452,422,463],"class_list":["post-3579","post","type-post","status-publish","format-standard","hentry","category-politica","tag-carbon","tag-mineria","tag-mineros","tag-radio-2-0","tag-radio-minera","tag-radio-online","tag-ruta-del-carbon"],"aioseo_notices":[],"_links":{"self":[{"href":"https:\/\/javiermanzano.es\/index.php?rest_route=\/wp\/v2\/posts\/3579","targetHints":{"allow":["GET"]}}],"collection":[{"href":"https:\/\/javiermanzano.es\/index.php?rest_route=\/wp\/v2\/posts"}],"about":[{"href":"https:\/\/javiermanzano.es\/index.php?rest_route=\/wp\/v2\/types\/post"}],"author":[{"embeddable":true,"href":"https:\/\/javiermanzano.es\/index.php?rest_route=\/wp\/v2\/users\/3"}],"replies":[{"embeddable":true,"href":"https:\/\/javiermanzano.es\/index.php?rest_route=%2Fwp%2Fv2%2Fcomments&post=3579"}],"version-history":[{"count":3,"href":"https:\/\/javiermanzano.es\/index.php?rest_route=\/wp\/v2\/posts\/3579\/revisions"}],"predecessor-version":[{"id":3583,"href":"https:\/\/javiermanzano.es\/index.php?rest_route=\/wp\/v2\/posts\/3579\/revisions\/3583"}],"wp:attachment":[{"href":"https:\/\/javiermanzano.es\/index.php?rest_route=%2Fwp%2Fv2%2Fmedia&parent=3579"}],"wp:term":[{"taxonomy":"category","embeddable":true,"href":"https:\/\/javiermanzano.es\/index.php?rest_route=%2Fwp%2Fv2%2Fcategories&post=3579"},{"taxonomy":"post_tag","embeddable":true,"href":"https:\/\/javiermanzano.es\/index.php?rest_route=%2Fwp%2Fv2%2Ftags&post=3579"}],"curies":[{"name":"wp","href":"https:\/\/api.w.org\/{rel}","templated":true}]}}