{"id":3560,"date":"2013-02-14T10:11:16","date_gmt":"2013-02-14T09:11:16","guid":{"rendered":"http:\/\/javiermanzano.es\/?p=3560"},"modified":"2013-02-14T10:11:16","modified_gmt":"2013-02-14T09:11:16","slug":"radio-minera-la-ruta-del-carbon-parrilla-de-programacion","status":"publish","type":"post","link":"https:\/\/javiermanzano.es\/?p=3560","title":{"rendered":"Radio Minera: la ruta del carb\u00f3n, parrilla de programaci\u00f3n"},"content":{"rendered":"<p>*IMPORTANTE: mira aqu\u00ed <a href=\"http:\/\/lamarchanegra2012.blogspot.com.es\/\">http:\/\/lamarchanegra2012.blogspot.com.es\/<\/a><\/p>\n<p><span class=\"frame-outer  alignleft size-medium wp-image-3562\"><span><span><span><span><a href=\"https:\/\/javiermanzano.es\/wp-content\/uploads\/2013\/02\/111.jpg\"><img loading=\"lazy\" decoding=\"async\" class=\"alignleft size-medium wp-image-3562\" alt=\"111\" src=\"https:\/\/javiermanzano.es\/wp-content\/uploads\/2013\/02\/111-224x300.jpg\" width=\"224\" height=\"300\" srcset=\"https:\/\/javiermanzano.es\/wp-content\/uploads\/2013\/02\/111-224x300.jpg 224w, https:\/\/javiermanzano.es\/wp-content\/uploads\/2013\/02\/111.jpg 717w\" sizes=\"auto, (max-width: 224px) 100vw, 224px\" \/><\/a><\/span><\/span><\/span><\/span><\/span>Hola!!<\/p>\n<p>Lo hemos venido anunciando y ahora el anuncio se hace confirmaci\u00f3n: \u00a1sacamos la Radio Minera a la calle! Porque es nuestra obligaci\u00f3n y porque es nuestra pasi\u00f3n. Porque los medios nacionales no se ocupan de esto. Porque la situaci\u00f3n minera est\u00e1 peor que cuando nos fuimos de Marcha Negra. Porque otra radio es posible.<\/p>\n<p>Cogemos los b\u00e1rtulos y nos echamos a la carretera en una ruta negra, una ruta del carb\u00f3n, que nos va a llevar a las comarcas mineras de Le\u00f3n y de Asturias. Para estar con los mineros y sus gentes, con todos los que sin ser mineros sufrir\u00e1n las consecuencias del deterioro minero, con las mujeres y los ni\u00f1os del carb\u00f3n, con los alcaldes y los pol\u00edticos del carb\u00f3n, con los representantes mineros\u2026, \u00a1con la miner\u00eda!<\/p>\n<p>Salimos de ruta y salimos ya. Haremos programas cara al p\u00fablico que aqu\u00ed podr\u00e1s escuchar. Aqu\u00ed, en <a href=\"http:\/\/www.lamarchanegra2012.blogspot.com.es\">www.lamarchanegra2012.blogspot.com.es<\/a> ,\u00a0y en nuestro twitter, @marchanegra , y en nuestro facebook, <a href=\"http:\/\/www.facebook.com\/lamarchanegra\">www.facebook.com\/lamarchanegra<\/a> . Informaremos de lo que pasa a trav\u00e9s de todos esos canales, con fotos y videos, con textos, y, sobre todo, con programas de radio, de la Radio Minera, #laradiodecombate.<\/p>\n<p>Este es nuestro calendario, nuestra programaci\u00f3n, Puedes participar, asistir, colaborar, informar\u2026 a trav\u00e9s de este buz\u00f3n: lamarchanegra@gmail.com<\/p>\n<p><span class=\"frame-outer  alignright size-medium wp-image-3563\"><span><span><span><span><a href=\"https:\/\/javiermanzano.es\/wp-content\/uploads\/2013\/02\/DSCF2615.jpg\"><img loading=\"lazy\" decoding=\"async\" class=\"alignright size-medium wp-image-3563\" alt=\"DSCF2615\" src=\"https:\/\/javiermanzano.es\/wp-content\/uploads\/2013\/02\/DSCF2615-300x199.jpg\" width=\"300\" height=\"199\" srcset=\"https:\/\/javiermanzano.es\/wp-content\/uploads\/2013\/02\/DSCF2615-300x199.jpg 300w, https:\/\/javiermanzano.es\/wp-content\/uploads\/2013\/02\/DSCF2615-1024x681.jpg 1024w\" sizes=\"auto, (max-width: 300px) 100vw, 300px\" \/><\/a><\/span><\/span><\/span><\/span><\/span><\/p>\n<p>&nbsp;<\/p>\n<p>PROGRAMACI\u00d3N (si no hay novedad, podr\u00eda haber cambios de los que se informar\u00eda con suficiente antelaci\u00f3n):<\/p>\n<p>&nbsp;<\/p>\n<p>&nbsp;<\/p>\n<p>&nbsp;<\/p>\n<p>&nbsp;<\/p>\n<p>-lunes 18 de febrero: Villablino<\/p>\n<p>-martes 19 de febrero: Matarrosa<\/p>\n<p>-mi\u00e9rcoles 20 de febrero: Fabero<\/p>\n<p>-jueves 21 de febrero: Tremor de Arriba\/Ig\u00fce\u00f1a<\/p>\n<p>-viernes 22 de febrero: Bembibre-Ponferrada<\/p>\n<p>-s\u00e1bado 23 de febrero: Ci\u00f1era<\/p>\n<p>-martes 26 de febrero: Cia\u00f1o<\/p>\n<p>-mi\u00e9rcoles 27 de febrero: San Mart\u00edn del Rey Aurelio<\/p>\n<p>-jueves 28 de febrero: Tur\u00f3n<\/p>\n<p>Esa es la ruta del carb\u00f3n de la Radio Minera. Te esperamos!!<\/p>\n<p>Ah, y MUY IMPORTANTE: gracias, muchas gracias a todos los que hab\u00e9is colaborado econ\u00f3micamente para que todo esto sea posible. \u00a1Gracias infinitas! Y al tiempo, os animamos a seguir haci\u00e9ndolo, a seguir ayud\u00e1ndonos para poder hacer todo eso y todo lo que venga. La forma de hacerlo es el banner \u201cdonar\u201d (de paypal) que tenemos en la parte superior derecha de <a href=\"http:\/\/www.lamarchanegra2012.blogspot.com.es\">www.lamarchanegra2012.blogspot.com.es<\/a><\/p>\n<p>\u00a1Te necesitamos! Haz con nosotros la Radio Minera.<\/p>\n<p>&nbsp;<\/p>\n<p>A cuidarse!!<\/p>\n<p>&nbsp;<br \/>\n<\/p>\n\n\n","protected":false},"excerpt":{"rendered":"<p>*IMPORTANTE: mira aqu\u00ed http:\/\/lamarchanegra2012.blogspot.com.es\/ Hola!! Lo hemos venido anunciando y ahora el anuncio se hace confirmaci\u00f3n: \u00a1sacamos la Radio Minera a la calle! Porque es nuestra obligaci\u00f3n y porque es nuestra pasi\u00f3n. Porque los medios nacionales no se ocupan de esto. Porque la situaci\u00f3n minera est\u00e1 peor que cuando nos fuimos de Marcha Negra. Porque [&hellip;]<\/p>\n","protected":false},"author":3,"featured_media":0,"comment_status":"open","ping_status":"open","sticky":false,"template":"","format":"standard","meta":{"footnotes":""},"categories":[1],"tags":[460,455,459,458,454,424,452,422],"class_list":["post-3560","post","type-post","status-publish","format-standard","hentry","category-politica","tag-asturias","tag-carbon","tag-leon","tag-marcha-negra","tag-mineria","tag-radio-2-0","tag-radio-minera","tag-radio-online"],"aioseo_notices":[],"_links":{"self":[{"href":"https:\/\/javiermanzano.es\/index.php?rest_route=\/wp\/v2\/posts\/3560","targetHints":{"allow":["GET"]}}],"collection":[{"href":"https:\/\/javiermanzano.es\/index.php?rest_route=\/wp\/v2\/posts"}],"about":[{"href":"https:\/\/javiermanzano.es\/index.php?rest_route=\/wp\/v2\/types\/post"}],"author":[{"embeddable":true,"href":"https:\/\/javiermanzano.es\/index.php?rest_route=\/wp\/v2\/users\/3"}],"replies":[{"embeddable":true,"href":"https:\/\/javiermanzano.es\/index.php?rest_route=%2Fwp%2Fv2%2Fcomments&post=3560"}],"version-history":[{"count":6,"href":"https:\/\/javiermanzano.es\/index.php?rest_route=\/wp\/v2\/posts\/3560\/revisions"}],"predecessor-version":[{"id":3568,"href":"https:\/\/javiermanzano.es\/index.php?rest_route=\/wp\/v2\/posts\/3560\/revisions\/3568"}],"wp:attachment":[{"href":"https:\/\/javiermanzano.es\/index.php?rest_route=%2Fwp%2Fv2%2Fmedia&parent=3560"}],"wp:term":[{"taxonomy":"category","embeddable":true,"href":"https:\/\/javiermanzano.es\/index.php?rest_route=%2Fwp%2Fv2%2Fcategories&post=3560"},{"taxonomy":"post_tag","embeddable":true,"href":"https:\/\/javiermanzano.es\/index.php?rest_route=%2Fwp%2Fv2%2Ftags&post=3560"}],"curies":[{"name":"wp","href":"https:\/\/api.w.org\/{rel}","templated":true}]}}