{"id":3529,"date":"2013-02-06T19:43:07","date_gmt":"2013-02-06T18:43:07","guid":{"rendered":"http:\/\/javiermanzano.es\/?p=3529"},"modified":"2013-02-06T19:49:07","modified_gmt":"2013-02-06T18:49:07","slug":"caso-barcenas-la-teoria-de-los-guevos-comunicantes","status":"publish","type":"post","link":"https:\/\/javiermanzano.es\/?p=3529","title":{"rendered":"Caso B\u00e1rcenas: la teor\u00eda de los g\u00fcevos comunicantes"},"content":{"rendered":"<p><span class=\"frame-outer  alignleft size-full wp-image-3531\"><span><span><span><span><a href=\"https:\/\/javiermanzano.es\/wp-content\/uploads\/2013\/02\/2-1.jpg\"><img loading=\"lazy\" decoding=\"async\" class=\"alignleft size-full wp-image-3531\" alt=\"2 (1)\" src=\"https:\/\/javiermanzano.es\/wp-content\/uploads\/2013\/02\/2-1.jpg\" width=\"275\" height=\"235\" \/><\/a><\/span><\/span><\/span><\/span><\/span><\/p>\n<p>&nbsp;<\/p>\n<p>Hace tiempo <a href=\"https:\/\/javiermanzano.es\/?p=446\">preteorizamos<\/a> aqu\u00ed en torno a la teor\u00eda de los g\u00fcevos comunicantes que ahora vuelve a estar en primer plano siendo el denominador com\u00fan la letra P al cuadrado y ese barre\u00f1o de corrupci\u00f3n amasada que una vez se llam\u00f3 Gurtel igual que otra fue Filesa y que siempre, como ahora o\u00edmos y repetimos, circul\u00f3 en sobres siendo un tal B\u00e1rcenas el cartero de ahora.<\/p>\n<p>El que sea conveniente, e interesante, volver a ella tiene su origen en la llamada que la teor\u00eda en s\u00ed nos hizo, aunque lo mismo lo o\u00edmos pero no escuchamos, entre los pasados s\u00e1bado y lunes. El 2 Rajoy clam\u00f3 travestido de monitor de plasma (sin que nadie investigara si fue realmente Rajoy o si fue la tele que le imitaba) que todo este (pen)\u00faltimo esc\u00e1ndalo (que parece tocarle en el mismo corvej\u00f3n) es\u2026 en dos palabras como Jesul\u00edn\u2026 \u201ces falso\u201d. En Berl\u00edn, apenas 48 horas m\u00e1s tarde, y con la p\u00e1jara a su vera, el mismo se\u00f1or, destravestido ya de tele, clam\u00f3 \u201ces total y absolutamente falso, salvo alguna cosa que es lo que han publicado los medios de comunicaci\u00f3n\u201d. Gloriosa frase para desg\u00fcevarse pero\u2026, \u00bfqu\u00e9 pas\u00f3 en esas apenas 48 horas para pasar de la afirmaci\u00f3n tajante a la matizada con (\u00bfintencionada?) torpeza?<\/p>\n<p><span class=\"frame-outer  alignright size-medium wp-image-3530\"><span><span><span><span><a href=\"https:\/\/javiermanzano.es\/wp-content\/uploads\/2013\/02\/2-2.jpg\"><img loading=\"lazy\" decoding=\"async\" class=\"alignright size-medium wp-image-3530\" alt=\"2 (2)\" src=\"https:\/\/javiermanzano.es\/wp-content\/uploads\/2013\/02\/2-2-300x195.jpg\" width=\"300\" height=\"195\" srcset=\"https:\/\/javiermanzano.es\/wp-content\/uploads\/2013\/02\/2-2-300x195.jpg 300w, https:\/\/javiermanzano.es\/wp-content\/uploads\/2013\/02\/2-2.jpg 554w\" sizes=\"auto, (max-width: 300px) 100vw, 300px\" \/><\/a><\/span><\/span><\/span><\/span><\/span>S\u00f3lo \u00e9l y sus g\u00fcevos lo saben pero no es estrictamente pol\u00edtica ficci\u00f3n suponer o imaginar una y cien aplicaciones de la arquitectura del pinzamiento de la clara y la yema en ese espacio de tiempo. Si recuerdas, cuando todo esto estall\u00f3 la cantinela fue \u201cno me consta\u201d (o sea el art\u00edculo 1 de la comunicaci\u00f3n pol\u00edtica) que es la versi\u00f3n fina del ni s\u00ed ni no, y de ah\u00ed se pas\u00f3, casi instant\u00e1neamente, al \u201cpor lo que yo s\u00e9\u201d que ser\u00eda la versi\u00f3n fina del \u201cp\u00edo p\u00edo\u201d. A partir de ese momento se puso en acci\u00f3n la teor\u00eda de los g\u00fcevos comunicantes, toda vez que el \u201cs\u00e1lvese quien pueda\u201d no tiene cabida por falta de efectivos, que es algo tan simple como que, puesto que la funci\u00f3n hace al \u00f3rgano y de tanto hacerlo se convirti\u00f3 en vicio, todos se tienen cogidos por los g\u00fcevos unos a otros y otros a unos de tal forma que si t\u00fa me aprietas yo aprieto a este que terminar\u00e1 apret\u00e1ndote a ti sin que puedas descartar que tambi\u00e9n yo te apretar\u00e9. Y eso de manera exponencial con forma de bucle sin fin.<\/p>\n<p>En definitiva, que cuando alguien cont\u00f3 lo de las cuentas suizas del se\u00f1or sobres \u00e9ste sinti\u00f3 un pellizco en su g\u00fcevera y de inmediato sus dedos se le hicieron hu\u00e9spedes frente a tantos g\u00fcevos a los que pinzar y les hizo entrar en acci\u00f3n empezando a recordar y l\u00f3gicamente aventar aquellas <span class=\"frame-outer  alignleft size-medium wp-image-3532\"><span><span><span><span><a href=\"https:\/\/javiermanzano.es\/wp-content\/uploads\/2013\/02\/3.jpg\"><img loading=\"lazy\" decoding=\"async\" class=\"alignleft size-medium wp-image-3532\" alt=\"3\" src=\"https:\/\/javiermanzano.es\/wp-content\/uploads\/2013\/02\/3-300x224.jpg\" width=\"300\" height=\"224\" srcset=\"https:\/\/javiermanzano.es\/wp-content\/uploads\/2013\/02\/3-300x224.jpg 300w, https:\/\/javiermanzano.es\/wp-content\/uploads\/2013\/02\/3.jpg 350w\" sizes=\"auto, (max-width: 300px) 100vw, 300px\" \/><\/a><\/span><\/span><\/span><\/span><\/span>experiencias de sobres y sobrecitos. Y como seg\u00fan \u00e9l iba apretando, los apretados se aprestaron a hacer lo mismo y apretar, pues ahora estamos en esa fase de todos nos tenemos cogidos por los g\u00fcevos y si uno aprieta aprieta el otro desat\u00e1ndose una reacci\u00f3n en cadena, r\u00edete tu de la ciclog\u00e9nesis, que dar\u00eda para montar una macro cadena de tascas como esa de C\u00f3rdoba que hace tortillas de palmo y medio de altura.<\/p>\n<p>Y en esas estamos y m\u00e1s y peor a\u00fan que estaremos con lo que \u00e9chate mano al g\u00fceval no sea que sobre para ti no haya pero pellizcos s\u00ed puede ser que sobren como para repartir.<\/p>\n<p>A cuidarse!!<\/p>\n<p>&nbsp;<\/p>\n<p><br \/>\n<\/p>\n\n\n","protected":false},"excerpt":{"rendered":"<p>&nbsp; Hace tiempo preteorizamos aqu\u00ed en torno a la teor\u00eda de los g\u00fcevos comunicantes que ahora vuelve a estar en primer plano siendo el denominador com\u00fan la letra P al cuadrado y ese barre\u00f1o de corrupci\u00f3n amasada que una vez se llam\u00f3 Gurtel igual que otra fue Filesa y que siempre, como ahora o\u00edmos y [&hellip;]<\/p>\n","protected":false},"author":3,"featured_media":0,"comment_status":"open","ping_status":"open","sticky":false,"template":"","format":"standard","meta":{"footnotes":""},"categories":[1],"tags":[456,156,24,54],"class_list":["post-3529","post","type-post","status-publish","format-standard","hentry","category-politica","tag-barcenas","tag-gurtel","tag-pp","tag-rajoy"],"aioseo_notices":[],"_links":{"self":[{"href":"https:\/\/javiermanzano.es\/index.php?rest_route=\/wp\/v2\/posts\/3529","targetHints":{"allow":["GET"]}}],"collection":[{"href":"https:\/\/javiermanzano.es\/index.php?rest_route=\/wp\/v2\/posts"}],"about":[{"href":"https:\/\/javiermanzano.es\/index.php?rest_route=\/wp\/v2\/types\/post"}],"author":[{"embeddable":true,"href":"https:\/\/javiermanzano.es\/index.php?rest_route=\/wp\/v2\/users\/3"}],"replies":[{"embeddable":true,"href":"https:\/\/javiermanzano.es\/index.php?rest_route=%2Fwp%2Fv2%2Fcomments&post=3529"}],"version-history":[{"count":13,"href":"https:\/\/javiermanzano.es\/index.php?rest_route=\/wp\/v2\/posts\/3529\/revisions"}],"predecessor-version":[{"id":3545,"href":"https:\/\/javiermanzano.es\/index.php?rest_route=\/wp\/v2\/posts\/3529\/revisions\/3545"}],"wp:attachment":[{"href":"https:\/\/javiermanzano.es\/index.php?rest_route=%2Fwp%2Fv2%2Fmedia&parent=3529"}],"wp:term":[{"taxonomy":"category","embeddable":true,"href":"https:\/\/javiermanzano.es\/index.php?rest_route=%2Fwp%2Fv2%2Fcategories&post=3529"},{"taxonomy":"post_tag","embeddable":true,"href":"https:\/\/javiermanzano.es\/index.php?rest_route=%2Fwp%2Fv2%2Ftags&post=3529"}],"curies":[{"name":"wp","href":"https:\/\/api.w.org\/{rel}","templated":true}]}}