{"id":3496,"date":"2013-01-28T18:27:26","date_gmt":"2013-01-28T17:27:26","guid":{"rendered":"http:\/\/javiermanzano.es\/?p=3496"},"modified":"2013-01-28T18:27:26","modified_gmt":"2013-01-28T17:27:26","slug":"radio-te-encontrare-programa-9-la-manifestacion-de-madrid","status":"publish","type":"post","link":"https:\/\/javiermanzano.es\/?p=3496","title":{"rendered":"Radio Te Encontrar\u00e9, programa 9: la manifestaci\u00f3n de Madrid"},"content":{"rendered":"<p><span class=\"frame-outer  alignleft size-medium wp-image-3497\"><span><span><span><span><a href=\"https:\/\/javiermanzano.es\/wp-content\/uploads\/2013\/01\/salvador-dali.jpg\"><img loading=\"lazy\" decoding=\"async\" class=\"alignleft size-medium wp-image-3497\" alt=\"salvador dali\" src=\"https:\/\/javiermanzano.es\/wp-content\/uploads\/2013\/01\/salvador-dali-300x295.jpg\" width=\"300\" height=\"295\" srcset=\"https:\/\/javiermanzano.es\/wp-content\/uploads\/2013\/01\/salvador-dali-300x295.jpg 300w, https:\/\/javiermanzano.es\/wp-content\/uploads\/2013\/01\/salvador-dali.jpg 700w\" sizes=\"auto, (max-width: 300px) 100vw, 300px\" \/><\/a><\/span><\/span><\/span><\/span><\/span>Hola!!<\/p>\n<p>Manifestaci\u00f3n en Madrid,\u00a0domingo 27 de enero. Unas 500 personas recorriendo el centro de la ciudad, desde la Fiscal\u00eda General del Estado a Sol. Para reclamar hechos y no palabras, cumplimientos y no anuncios con los que ganar tiempo.<\/p>\n<p>De esa manifestaci\u00f3n va a el programa de hoy. No tanto de lo que pas\u00f3 y se dijo, que tambi\u00e9n, como de una selecci\u00f3n de testimonios en primera persona de quienes est\u00e1n sufriendo este calvario, esta injusticia.<\/p>\n<p>Los vamos a escuchar juntos en esta emisi\u00f3n de Radio Te Encontrar\u00e9 pero antes quiero decirte una cosa. \u00bfHas repasado los medios de comunicaci\u00f3n convencionales, tradicionales? Pues si lo has hecho&#8230; poco, muy poco habr\u00e1s encontrado de esa manifestaci\u00f3n. Que esto aparezca en ellos es complicado, m\u00e1s all\u00e1 de lo de la muerte de la monja; casi es como si hubiera que mendigar 30 segundillos de noticia. \u00a1Lamentable!\u00a0Y justo por eso aparecimos nosotros, Radio Te Encontrar\u00e9: para hablar de lo que no hablan, para informar de lo que no informan, para escuchar a quienes no escuchar\u00e1s en otros sitios. Para eso estamos, pero OJO\u2026como dec\u00eda la canci\u00f3n \u201csin ti no soy nadie\u201d, sin ti no somos nadie, sin ti nos extinguimos\u2026, as\u00ed que t\u00fa ver\u00e1s.<\/p>\n<p>Estamos en Radio Te Encontrar\u00e9, \u00a1colabora!<\/p>\n<p>Mail: <a href=\"mailto:radioteencontrare@gmail.com\">radioteencontrare@gmail.com<\/a><\/p>\n<p>Twitter: @rteencontrare<\/p>\n<p>Facebook: <a href=\"http:\/\/www.facebook.com\/radioteencontrare\">www.facebook.com\/radioteencontrare<\/a><\/p>\n<p>Y tambi\u00e9n&#8230;:<\/p>\n<p><a href=\"http:\/\/www.javiermanzano.es\">www.javiermanzano.es<\/a><\/p>\n<p><a href=\"http:\/\/www.teencontraremos.blogspot.com.es\">www.teencontraremos.blogspot.com.es<\/a><\/p>\n<p><a href=\"http:\/\/www.plataformacausabebesrobados.hostinazo.com\">www.plataformacausabebesrobados.hostinazo.com<\/a><\/p>\n<p>&nbsp;<\/p>\n<p>Gracias por estar ah\u00ed!!<\/p>\n<p>&nbsp;<br \/>\n<iframe loading=\"lazy\" style=\"width: 100%; height: 71px; min-width: 200px;\" src=\"http:\/\/www.spreaker.com\/embed\/player\/mini?autoplay=false&amp;color=e8e8e8&amp;episode_id=2103423\" height=\"240\" width=\"320\" frameborder=\"0\" scrolling=\"no\"><\/iframe><\/p>\n","protected":false},"excerpt":{"rendered":"<p>Hola!! Manifestaci\u00f3n en Madrid,\u00a0domingo 27 de enero. Unas 500 personas recorriendo el centro de la ciudad, desde la Fiscal\u00eda General del Estado a Sol. Para reclamar hechos y no palabras, cumplimientos y no anuncios con los que ganar tiempo. De esa manifestaci\u00f3n va a el programa de hoy. No tanto de lo que pas\u00f3 y [&hellip;]<\/p>\n","protected":false},"author":3,"featured_media":0,"comment_status":"open","ping_status":"open","sticky":false,"template":"","format":"standard","meta":{"footnotes":""},"categories":[1],"tags":[419,416,435,424,422,421,427],"class_list":["post-3496","post","type-post","status-publish","format-standard","hentry","category-politica","tag-bebes-robados","tag-ninos-robados","tag-plataforma-bebes-robados","tag-radio-2-0","tag-radio-online","tag-radio-te-encontrare","tag-sor-maria"],"aioseo_notices":[],"_links":{"self":[{"href":"https:\/\/javiermanzano.es\/index.php?rest_route=\/wp\/v2\/posts\/3496","targetHints":{"allow":["GET"]}}],"collection":[{"href":"https:\/\/javiermanzano.es\/index.php?rest_route=\/wp\/v2\/posts"}],"about":[{"href":"https:\/\/javiermanzano.es\/index.php?rest_route=\/wp\/v2\/types\/post"}],"author":[{"embeddable":true,"href":"https:\/\/javiermanzano.es\/index.php?rest_route=\/wp\/v2\/users\/3"}],"replies":[{"embeddable":true,"href":"https:\/\/javiermanzano.es\/index.php?rest_route=%2Fwp%2Fv2%2Fcomments&post=3496"}],"version-history":[{"count":5,"href":"https:\/\/javiermanzano.es\/index.php?rest_route=\/wp\/v2\/posts\/3496\/revisions"}],"predecessor-version":[{"id":3502,"href":"https:\/\/javiermanzano.es\/index.php?rest_route=\/wp\/v2\/posts\/3496\/revisions\/3502"}],"wp:attachment":[{"href":"https:\/\/javiermanzano.es\/index.php?rest_route=%2Fwp%2Fv2%2Fmedia&parent=3496"}],"wp:term":[{"taxonomy":"category","embeddable":true,"href":"https:\/\/javiermanzano.es\/index.php?rest_route=%2Fwp%2Fv2%2Fcategories&post=3496"},{"taxonomy":"post_tag","embeddable":true,"href":"https:\/\/javiermanzano.es\/index.php?rest_route=%2Fwp%2Fv2%2Ftags&post=3496"}],"curies":[{"name":"wp","href":"https:\/\/api.w.org\/{rel}","templated":true}]}}