{"id":347,"date":"2009-09-14T20:57:59","date_gmt":"2009-09-14T19:57:59","guid":{"rendered":"http:\/\/javiermanzano.es\/?p=347"},"modified":"2009-09-14T21:02:23","modified_gmt":"2009-09-14T20:02:23","slug":"pedro-sanchez-diputado-templanza-para-el-congreso","status":"publish","type":"post","link":"https:\/\/javiermanzano.es\/?p=347","title":{"rendered":"Pedro S\u00e1nchez diputado, templanza para el Congreso"},"content":{"rendered":"<p>Horas despu\u00e9s de que Rajoy hiciese saber que vuelve a echarse al monte para, como dir\u00eda su mentor J\u00f3se, ladrar rencor por las esquinas, la pol\u00edtica (capital\u00a0de la crispaci\u00f3n) recib\u00eda una buena noticia: Pedro S\u00e1nchez se convierte en diputado en sustituci\u00f3n de un Solbes que \u00faltimamente no dejaba de tararear aquello de \u00abharto ya de estar harto ya me cans\u00e9\u00bb.<\/p>\n<p>Buen relevo, buena noticia.\u00a0Me alegro\u00a0enormemente por Pedro pero tambi\u00e9n por el congreso porque all\u00ed llega un tipo currante como pocos,\u00a0con una hoja de servicios intachable, y con una ristra de virtudes que ahora mismo le hacen ser casi \u00abespecie en extinci\u00f3n\u00bb: leal, honesto, coherente, comprometido, sensato, y\u00a0adem\u00e1s&#8230;, y sobre todo, templado. De los pocos pol\u00edticos que sabe escuchar adem\u00e1s de oir.<\/p>\n<p>Bonitas palabras sin duda pero indiscutibles evidencias del todo insuales en el p\u00e1ramo de la pol\u00edtica tabernaria. Un barbecho tan necesitado de temple y sentido com\u00fan como sobrado de arrebatos y trilerismo. Un erial, recuperable por necesidad y con urgencia, que hoy ha recibido -al igual que muchos- una muy buena noticia.<\/p>\n<p>Suerte Pedro!!!<\/p>\n<p>\u00a0<\/p>\n\n\n\n","protected":false},"excerpt":{"rendered":"<p>Horas despu\u00e9s de que Rajoy hiciese saber que vuelve a echarse al monte para, como dir\u00eda su mentor J\u00f3se, ladrar rencor por las esquinas, la pol\u00edtica (capital\u00a0de la crispaci\u00f3n) recib\u00eda una buena noticia: Pedro S\u00e1nchez se convierte en diputado en sustituci\u00f3n de un Solbes que \u00faltimamente no dejaba de tararear aquello de \u00abharto ya de [&hellip;]<\/p>\n","protected":false},"author":3,"featured_media":0,"comment_status":"open","ping_status":"open","sticky":false,"template":"","format":"standard","meta":{"footnotes":""},"categories":[1],"tags":[138,135,54,137,139,136],"class_list":["post-347","post","type-post","status-publish","format-standard","hentry","category-politica","tag-escuchar","tag-pedro-sanchez","tag-rajoy","tag-sentido-comun","tag-solbes","tag-temple"],"aioseo_notices":[],"_links":{"self":[{"href":"https:\/\/javiermanzano.es\/index.php?rest_route=\/wp\/v2\/posts\/347","targetHints":{"allow":["GET"]}}],"collection":[{"href":"https:\/\/javiermanzano.es\/index.php?rest_route=\/wp\/v2\/posts"}],"about":[{"href":"https:\/\/javiermanzano.es\/index.php?rest_route=\/wp\/v2\/types\/post"}],"author":[{"embeddable":true,"href":"https:\/\/javiermanzano.es\/index.php?rest_route=\/wp\/v2\/users\/3"}],"replies":[{"embeddable":true,"href":"https:\/\/javiermanzano.es\/index.php?rest_route=%2Fwp%2Fv2%2Fcomments&post=347"}],"version-history":[{"count":3,"href":"https:\/\/javiermanzano.es\/index.php?rest_route=\/wp\/v2\/posts\/347\/revisions"}],"predecessor-version":[{"id":353,"href":"https:\/\/javiermanzano.es\/index.php?rest_route=\/wp\/v2\/posts\/347\/revisions\/353"}],"wp:attachment":[{"href":"https:\/\/javiermanzano.es\/index.php?rest_route=%2Fwp%2Fv2%2Fmedia&parent=347"}],"wp:term":[{"taxonomy":"category","embeddable":true,"href":"https:\/\/javiermanzano.es\/index.php?rest_route=%2Fwp%2Fv2%2Fcategories&post=347"},{"taxonomy":"post_tag","embeddable":true,"href":"https:\/\/javiermanzano.es\/index.php?rest_route=%2Fwp%2Fv2%2Ftags&post=347"}],"curies":[{"name":"wp","href":"https:\/\/api.w.org\/{rel}","templated":true}]}}