{"id":3333,"date":"2012-10-22T06:48:12","date_gmt":"2012-10-22T07:48:12","guid":{"rendered":"http:\/\/javiermanzano.es\/?p=3333"},"modified":"2012-10-22T06:48:12","modified_gmt":"2012-10-22T07:48:12","slug":"los-pachis-y-la-realidad","status":"publish","type":"post","link":"https:\/\/javiermanzano.es\/?p=3333","title":{"rendered":"Los \u00abpachis\u00bb y la realidad"},"content":{"rendered":"<p><span class=\"frame-outer  alignleft size-medium wp-image-3334\"><span><span><span><span><a href=\"https:\/\/javiermanzano.es\/wp-content\/uploads\/2012\/10\/Josdeputamatic.Forges.jpg\"><img loading=\"lazy\" decoding=\"async\" class=\"alignleft size-medium wp-image-3334\" title=\"Josdeputamatic.Forges\" src=\"https:\/\/javiermanzano.es\/wp-content\/uploads\/2012\/10\/Josdeputamatic.Forges-300x208.jpg\" alt=\"\" width=\"300\" height=\"208\" srcset=\"https:\/\/javiermanzano.es\/wp-content\/uploads\/2012\/10\/Josdeputamatic.Forges-300x208.jpg 300w, https:\/\/javiermanzano.es\/wp-content\/uploads\/2012\/10\/Josdeputamatic.Forges.jpg 980w\" sizes=\"auto, (max-width: 300px) 100vw, 300px\" \/><\/a><\/span><\/span><\/span><\/span><\/span>La realidad es que en Euskadi las elecciones las gan\u00f3 el PNV y en Galicia las gan\u00f3 el PP.<\/p>\n<p>La realidad tambi\u00e9n es que en Euskadi el PNV vuelve al poder despu\u00e9s de casi 4 a\u00f1os y eso a pesar de haber perdido tres esca\u00f1os respecto a los que ten\u00eda y que no le sirvieron para gobernar. En cuanto a Galicia, all\u00ed la realidad, despu\u00e9s de ayer, dice as\u00ed mismo que el PP aumenta, y por tanto refuerza, su mayor\u00eda absoluta y eso a pesar de haber obtenido menos votos que hace casi 3 a\u00f1os cuando desbanc\u00f3 del poder a PSOE y BNG.<\/p>\n<p>La realidad tambi\u00e9n es que en Galicia y en Euskadi el PSOE se desploma perdiendo esperanzas por el oeste y realidades (de poder) en tierras vascas. La realidad por lo tanto, en este muy importante ep\u00edgrafe, es que un Pachi, <em>el<\/em> V\u00e1zquez, ha sido incapaz de emular a\u00fan a duras penas a sus colegas Gri\u00f1\u00e1n y Fern\u00e1ndez, y eso que sobre el papel lo ten\u00eda <em>a g\u00fcevo<\/em> toda vez que desde lo de sus colegas <em>recortilandia<\/em> se ha hecho m\u00e1s grande y agreste. Y la realidad, tambi\u00e9n por tanto, es que el otro Patxi, <em>el<\/em> L\u00f3pez, ha visto como los vascos no s\u00f3lo le han quitado el coche que le dieron hace casi 4 a\u00f1os sino que adem\u00e1s de quitarle el coche y las llaves le han mandado directamente al maletero.<\/p>\n<p><span class=\"frame-outer  alignright size-medium wp-image-3335\"><span><span><span><span><a href=\"https:\/\/javiermanzano.es\/wp-content\/uploads\/2012\/10\/Botadnos-Forges.jpg\"><img loading=\"lazy\" decoding=\"async\" class=\"alignright size-medium wp-image-3335\" title=\"Botadnos, Forges\" src=\"https:\/\/javiermanzano.es\/wp-content\/uploads\/2012\/10\/Botadnos-Forges-300x208.jpg\" alt=\"\" width=\"300\" height=\"208\" srcset=\"https:\/\/javiermanzano.es\/wp-content\/uploads\/2012\/10\/Botadnos-Forges-300x208.jpg 300w, https:\/\/javiermanzano.es\/wp-content\/uploads\/2012\/10\/Botadnos-Forges.jpg 980w\" sizes=\"auto, (max-width: 300px) 100vw, 300px\" \/><\/a><\/span><\/span><\/span><\/span><\/span>Todo eso es\u00a0la realidad (o una parte), y\u00a0est\u00e1 en la realidad (o en una parte). Pero es que adem\u00e1s hay otros tres asteriscos que no se deben perder de vista:<\/p>\n<p>-hay desafecci\u00f3n hacia la pol\u00edtica pero no tanta como podr\u00eda parecer leyendo pancartas como esa que dice \u00abnos est\u00e1n tocando los cojones por encima de nuestras posibilidades\u00bb. Que en realidad sea as\u00ed no es discutible, pero la realidad tambi\u00e9n dice en el caso de Galicia no se castiga el obsesivo af\u00e1n recortador sino m\u00e1s bien al contrario, lo que puede llevar a\u00a0pensar en un estado de resignaci\u00f3n a todas luces preocupante. A\u00f1\u00e1dase a eso que a la par en Galicia y sin a la par en Euskadi, en las urnas, y no es cosa menor,\u00a0se ha votado m\u00e1s pa\u00eds propio y menos pa\u00eds com\u00fan, m\u00e1s nacionalismo y menos estado central.<\/p>\n<p>-el PP y Rajoy reciben un aval y un cheque cuando todo parec\u00eda indicar que habr\u00eda castigo y ajuste de cuentas. No ha sido as\u00ed sino al contrario y aqu\u00ed debe mirarse a donde gobernaban, es decir a Galicia. Feij\u00f3o no ha sido castigado, a\u00fan perdiendo votos, y el PP no s\u00f3lo afianza sino que incrementa su poder que en este caso y visto lo visto es o ser\u00e1 no poder sino poder\u00edo. O bien es que lo sucedido entre IVA&#8217;s, IRPF&#8217;s\u00a0y dem\u00e1s ya no duele porque se metaboliza como inevitable, o bien ha surgido de pronto un inquietante brote de sadomasoquismo social, o si no, lo que ser\u00eda peor y que\u00a0ya se apunt\u00f3, la resignaci\u00f3n se ha instalado c\u00f3modamente y coquetea sin miramientos con el <em>\u00abmelapelismo\u00bb. <\/em><\/p>\n<p>&#8211; por \u00faltimo el PSOE que sigue lanzado a ser precisamente el \u00faltimo y lo \u00faltimo. Que se siga ajustando cuentas sin piedad a esas siglas se antoja algo ya excesivo o recurrente con lo que habr\u00eda que analizar otras cosas a partir de esa maravillosa frase, no escuchada por cierto, que dice \u00abalgo estaremos haciendo mal\u00bb. Rubalcaba vuelve a estar severamente tocado, y eso que estaba a\u00fan extremadamente convalenciente, y a su vera queda en delicada situaci\u00f3n el que muchos vieron como relevo y otros como <a href=\"https:\/\/javiermanzano.es\/?p=2271\">mu\u00f1idor en la reserva<\/a>. Que no haya habido decisiones contundentes ni siquiera torniquetes de urgencia para cortar de una vez la hemorragia al calor del hundimiento (de este hundimiento de ahora), es sin duda significativo y lleva a que se recuerden frases como la de <em>no dejes para ma\u00f1ana lo que puedas hacer hoy<\/em> o <em>engordar para morir<\/em>, toda vez que en estas no parece servir aquella otra que reza <em>de derrota en derrota hasta la victoria final. <\/em>Que no pase nada se antoja demoledor por m\u00e1s que demoledor sea tambi\u00e9n el mism\u00edsimo qu\u00e9 hacer, c\u00f3mo hacerlo y con qui\u00e9n o qui\u00e9nes hacerlo. Y es que siendo para el PSOE muy preocupante lo sucedido ahora, mucho peor ser\u00eda que se haya inoculado por completo, sin que se atisben ant\u00eddotos, una frase que viene al pelo y que hoy acompa\u00f1a el anuncio del nuevo libro de Javier Urra: \u00aba veces lo que nos ocurre es que no sabemos lo que nos pasa\u00bb.<\/p>\n<p>&nbsp;<\/p>\n<p>A cuidarse!!<\/p>\n<p>&nbsp;<\/p>\n\n\n\n\n","protected":false},"excerpt":{"rendered":"<p>La realidad es que en Euskadi las elecciones las gan\u00f3 el PNV y en Galicia las gan\u00f3 el PP. La realidad tambi\u00e9n es que en Euskadi el PNV vuelve al poder despu\u00e9s de casi 4 a\u00f1os y eso a pesar de haber perdido tres esca\u00f1os respecto a los que ten\u00eda y que no le sirvieron [&hellip;]<\/p>\n","protected":false},"author":3,"featured_media":0,"comment_status":"open","ping_status":"open","sticky":false,"template":"","format":"standard","meta":{"footnotes":""},"categories":[1],"tags":[412,411,10,414,61,413,24,124,54,415],"class_list":["post-3333","post","type-post","status-publish","format-standard","hentry","category-politica","tag-elecciones-euskadi","tag-elecciones-galicia","tag-feijoo","tag-pachi-vazquez","tag-patxi-lopez","tag-pnv","tag-pp","tag-psoe","tag-rajoy","tag-rubalcaba"],"aioseo_notices":[],"_links":{"self":[{"href":"https:\/\/javiermanzano.es\/index.php?rest_route=\/wp\/v2\/posts\/3333","targetHints":{"allow":["GET"]}}],"collection":[{"href":"https:\/\/javiermanzano.es\/index.php?rest_route=\/wp\/v2\/posts"}],"about":[{"href":"https:\/\/javiermanzano.es\/index.php?rest_route=\/wp\/v2\/types\/post"}],"author":[{"embeddable":true,"href":"https:\/\/javiermanzano.es\/index.php?rest_route=\/wp\/v2\/users\/3"}],"replies":[{"embeddable":true,"href":"https:\/\/javiermanzano.es\/index.php?rest_route=%2Fwp%2Fv2%2Fcomments&post=3333"}],"version-history":[{"count":2,"href":"https:\/\/javiermanzano.es\/index.php?rest_route=\/wp\/v2\/posts\/3333\/revisions"}],"predecessor-version":[{"id":3337,"href":"https:\/\/javiermanzano.es\/index.php?rest_route=\/wp\/v2\/posts\/3333\/revisions\/3337"}],"wp:attachment":[{"href":"https:\/\/javiermanzano.es\/index.php?rest_route=%2Fwp%2Fv2%2Fmedia&parent=3333"}],"wp:term":[{"taxonomy":"category","embeddable":true,"href":"https:\/\/javiermanzano.es\/index.php?rest_route=%2Fwp%2Fv2%2Fcategories&post=3333"},{"taxonomy":"post_tag","embeddable":true,"href":"https:\/\/javiermanzano.es\/index.php?rest_route=%2Fwp%2Fv2%2Ftags&post=3333"}],"curies":[{"name":"wp","href":"https:\/\/api.w.org\/{rel}","templated":true}]}}