{"id":313,"date":"2009-09-07T14:06:45","date_gmt":"2009-09-07T13:06:45","guid":{"rendered":"http:\/\/javiermanzano.es\/?p=313"},"modified":"2009-09-07T19:55:32","modified_gmt":"2009-09-07T18:55:32","slug":"es-acojonante-2%c2%aa-parte-lo-que-rajoy-no-dice-y-lo-que-si-dice","status":"publish","type":"post","link":"https:\/\/javiermanzano.es\/?p=313","title":{"rendered":"Es acojonante (2\u00aa parte): lo que Rajoy No dice y lo que S\u00cd dice"},"content":{"rendered":"<p>Le hemos le\u00eddo en el chat de \u00abEl Mundo\u00bb y ha sido\u00a0como leer el prospecto del aceite de ricino: no dice\u00a0 nada y tiene el mismo efecto.<\/p>\n<p>Empecemos por lo que S\u00cd dice, no tiene desperdicio. Un parado de 56 a\u00f1os y a punto de quedarse sin prestaci\u00f3n le pide que le aconseje qu\u00e9 hacer y la respuesta es de las de mear y no echar gota: \u00abprimero que no se rinda nunca&#8230; Piense que hay futuro\u00bb. Por desgracia no le dejaron repreguntar ni siquiera opinar sobre la respuesta. Una contestaci\u00f3n ante la que no cabe otra disyuntiva que\u00a0 la de &#8230;: \u00abno s\u00e9 si cortarme\u00a0las venas o dej\u00e1rmelas\u00a0largas\u00bb.<\/p>\n<p>Y ahora vamos con lo que NO dice; tampoco tiene desperdicio. La plantean en varias ocasiones por sus soluciones para la crisis y en todas y cada una de las respuestas repite cansinamente \u00abun plan de austeridad y control del gasto p\u00fablico\u00bb. Es decir, exactamente lo que hace Gallard\u00f3n, o Camps, o &#8230; \u00bfO es que quiz\u00e1s el Nano no sabe lo que hacen sus conmilitones? \u00bfO s\u00ed lo sabe pero prefiere call\u00e1rselo y por tanto enga\u00f1ar?. Bonito verbo ese, por cierto, porque entre sus recetas para solucionar la crisis, las de Rajoy, subraya: &#8230;\u00a0\u00aby sobre todo decirle a la gente la verdad para generar confianza\u00bb&#8230; Ah\u00ed tampoco se le pudo repreguntar ni opinar pero lo puso a huevo: \u00bfdecir a la gente la verdad como hace Camps cuando afirma que \u00abse paga los trajes\u00bb, algo que la justicia ha dicho que es mentira? \u00bfGenerar confianza como hacen Fabra, Matas, etc?&#8230; \u00bfDecir a la gente la verdad es no decir a la gente que si gobernase despedir ser\u00eda m\u00e1s barato?<\/p>\n<p>As\u00ed es este se\u00f1or y as\u00ed de bien y de acertadamente le dibuj\u00f3 el grand\u00edsimo Forges&#8230;<\/p>\n<p>\u00a0<\/p>\n<p><span class=\"frame-outer  aligncenter size-medium wp-image-323\"><span><span><span><span><a href=\"https:\/\/javiermanzano.es\/wp-content\/uploads\/2009\/09\/rajoy-forges1.jpg\"><img loading=\"lazy\" decoding=\"async\" class=\"aligncenter size-medium wp-image-323\" title=\"rajoy-forges1\" src=\"https:\/\/javiermanzano.es\/wp-content\/uploads\/2009\/09\/rajoy-forges1-300x208.jpg\" alt=\"rajoy-forges1\" width=\"300\" height=\"208\" srcset=\"https:\/\/javiermanzano.es\/wp-content\/uploads\/2009\/09\/rajoy-forges1-300x208.jpg 300w, https:\/\/javiermanzano.es\/wp-content\/uploads\/2009\/09\/rajoy-forges1.jpg 500w\" sizes=\"auto, (max-width: 300px) 100vw, 300px\" \/><\/a><\/span><\/span><\/span><\/span><\/span><\/p>\n<p>\u00a0<\/p>\n<p>\u00a0<\/p>\n<p>\u00a0<\/p>\n<p>Como dice mi buen amigo Chojin, \u00abrie cuando puedas, llora cuando lo necesites\u00bb. Y como dec\u00eda mi abuela, \u00abque dios nos pille confesados\u00bb.<\/p>\n<p>A cuidarse!!!<\/p>\n<p>\u00a0<\/p>\n\n\n\n","protected":false},"excerpt":{"rendered":"<p>Le hemos le\u00eddo en el chat de \u00abEl Mundo\u00bb y ha sido\u00a0como leer el prospecto del aceite de ricino: no dice\u00a0 nada y tiene el mismo efecto. Empecemos por lo que S\u00cd dice, no tiene desperdicio. Un parado de 56 a\u00f1os y a punto de quedarse sin prestaci\u00f3n le pide que le aconseje qu\u00e9 hacer [&hellip;]<\/p>\n","protected":false},"author":3,"featured_media":0,"comment_status":"open","ping_status":"open","sticky":false,"template":"","format":"standard","meta":{"footnotes":""},"categories":[1],"tags":[16,97,121,71,35,56,54],"class_list":["post-313","post","type-post","status-publish","format-standard","hentry","category-politica","tag-camps","tag-crisis-economica","tag-despido-barato","tag-gallardon","tag-mentiras","tag-paro","tag-rajoy"],"aioseo_notices":[],"_links":{"self":[{"href":"https:\/\/javiermanzano.es\/index.php?rest_route=\/wp\/v2\/posts\/313","targetHints":{"allow":["GET"]}}],"collection":[{"href":"https:\/\/javiermanzano.es\/index.php?rest_route=\/wp\/v2\/posts"}],"about":[{"href":"https:\/\/javiermanzano.es\/index.php?rest_route=\/wp\/v2\/types\/post"}],"author":[{"embeddable":true,"href":"https:\/\/javiermanzano.es\/index.php?rest_route=\/wp\/v2\/users\/3"}],"replies":[{"embeddable":true,"href":"https:\/\/javiermanzano.es\/index.php?rest_route=%2Fwp%2Fv2%2Fcomments&post=313"}],"version-history":[{"count":6,"href":"https:\/\/javiermanzano.es\/index.php?rest_route=\/wp\/v2\/posts\/313\/revisions"}],"predecessor-version":[{"id":315,"href":"https:\/\/javiermanzano.es\/index.php?rest_route=\/wp\/v2\/posts\/313\/revisions\/315"}],"wp:attachment":[{"href":"https:\/\/javiermanzano.es\/index.php?rest_route=%2Fwp%2Fv2%2Fmedia&parent=313"}],"wp:term":[{"taxonomy":"category","embeddable":true,"href":"https:\/\/javiermanzano.es\/index.php?rest_route=%2Fwp%2Fv2%2Fcategories&post=313"},{"taxonomy":"post_tag","embeddable":true,"href":"https:\/\/javiermanzano.es\/index.php?rest_route=%2Fwp%2Fv2%2Ftags&post=313"}],"curies":[{"name":"wp","href":"https:\/\/api.w.org\/{rel}","templated":true}]}}