{"id":175,"date":"2009-06-23T11:11:18","date_gmt":"2009-06-23T10:11:18","guid":{"rendered":"http:\/\/javiermanzano.es\/?p=175"},"modified":"2009-06-23T11:11:18","modified_gmt":"2009-06-23T10:11:18","slug":"nos-estan-rodeando","status":"publish","type":"post","link":"https:\/\/javiermanzano.es\/?p=175","title":{"rendered":"Nos est\u00e1n rodeando"},"content":{"rendered":"<p>Y en cuanto nos descuidemos nos la clavar\u00e1n.<\/p>\n<p>D\u00edas, semanas llevan d\u00e1ndonos la brasa con lo necesario que es hacer una reforma laboral cuya traducci\u00f3n es despido m\u00e1s barato-salario m\u00e1s bajo. Lo dicen y repiten los\u00a0banqueros, los empresarios, los \u00abespertos\u00bb, las autoridades monetarias, la derecha (con j\u00f3se al frente porque j\u00f3se es su verdadero gur\u00fa con lo que le jode a nanin)&#8230;, y hasta alg\u00fan que otro que se dijo (o se hizo pasar por) socialista. Todos invidualmente y haciendo coro han atestado el \u00e9ter de esa petenera o letan\u00eda contaminando el poco ox\u00edgeno que queda tras la contaminaci\u00f3n masiva del paro. Tienen partitura y la repiten machaconamente a ritmo de bakalao mientras siguen perge\u00f1ando la letra de esta nefasta canci\u00f3n venenosa que terminar\u00e1n inyect\u00e1ndonos sin remisi\u00f3n. Lo dir\u00e1 el tiempo que para ellos juega a su favor y para los dem\u00e1s en contra en medio de una pasividad pol\u00edtica y sindicalista (\u00bfhay izquierda?) definitivamente preocupante: en qu\u00e9 est\u00e1n, porqu\u00e9 no dejan de mirarse a s\u00ed mismos, qu\u00e9 pasa con la gente a la que ni siquiera se la tiene en cuenta.<\/p>\n<p>Desolador panorama, terror\u00edfico si se pone en primer plano la evidencia de que nos tienen desarmados, arrinconados en tablas, pidiendo casi la estocada&#8230;, sin referentes. La puntilla empieza a asomar, saldr\u00e1 del todo en cuando se produzcan dos movimientos: que se componga el estribillo de que con la reforma laboral se crear\u00e1n tantos miles de empleos (que es lo que se quiere oir hartos ya de tanta conjugaci\u00f3n del concepto subsidio o ayuda); y que la tal reforma sea no alabada pero s\u00ed mencionada en formato casi de glosa por el obamismo (el corrector cambia la palabra por onanismo). Cuando pase eso llegar\u00e1 el silbido afilado de la puntilla y nos dispondremos a ser introducidos en el desolladero ante la pasividad (inoperancia) de una \u00bfizquierda? que sigue busc\u00e1ndose con el mismo empe\u00f1o de quien busca una gota en un oc\u00e9ano.<\/p>\n<p>(Un por cierto final: \u00bfpor qu\u00e9 no estuvo UGT en la campa\u00f1a del 7-J?, \u00bfes que no contaron con ellos o es que ellos no conf\u00edan porque hartos ya de estar hartos ya se cansaron?)<\/p>\n<p>PD: queda mucho por saberse. Se ir\u00e1 sabiendo.<\/p>\n\n\n","protected":false},"excerpt":{"rendered":"<p>Y en cuanto nos descuidemos nos la clavar\u00e1n. D\u00edas, semanas llevan d\u00e1ndonos la brasa con lo necesario que es hacer una reforma laboral cuya traducci\u00f3n es despido m\u00e1s barato-salario m\u00e1s bajo. Lo dicen y repiten los\u00a0banqueros, los empresarios, los \u00abespertos\u00bb, las autoridades monetarias, la derecha (con j\u00f3se al frente porque j\u00f3se es su verdadero gur\u00fa [&hellip;]<\/p>\n","protected":false},"author":3,"featured_media":0,"comment_status":"open","ping_status":"open","sticky":false,"template":"","format":"standard","meta":{"footnotes":""},"categories":[1],"tags":[85,82,84,81,83,86],"class_list":["post-175","post","type-post","status-publish","format-standard","hentry","category-politica","tag-derecha","tag-despido","tag-izquierda","tag-reforma-laboral","tag-salario","tag-ugt"],"aioseo_notices":[],"_links":{"self":[{"href":"https:\/\/javiermanzano.es\/index.php?rest_route=\/wp\/v2\/posts\/175","targetHints":{"allow":["GET"]}}],"collection":[{"href":"https:\/\/javiermanzano.es\/index.php?rest_route=\/wp\/v2\/posts"}],"about":[{"href":"https:\/\/javiermanzano.es\/index.php?rest_route=\/wp\/v2\/types\/post"}],"author":[{"embeddable":true,"href":"https:\/\/javiermanzano.es\/index.php?rest_route=\/wp\/v2\/users\/3"}],"replies":[{"embeddable":true,"href":"https:\/\/javiermanzano.es\/index.php?rest_route=%2Fwp%2Fv2%2Fcomments&post=175"}],"version-history":[{"count":1,"href":"https:\/\/javiermanzano.es\/index.php?rest_route=\/wp\/v2\/posts\/175\/revisions"}],"predecessor-version":[{"id":179,"href":"https:\/\/javiermanzano.es\/index.php?rest_route=\/wp\/v2\/posts\/175\/revisions\/179"}],"wp:attachment":[{"href":"https:\/\/javiermanzano.es\/index.php?rest_route=%2Fwp%2Fv2%2Fmedia&parent=175"}],"wp:term":[{"taxonomy":"category","embeddable":true,"href":"https:\/\/javiermanzano.es\/index.php?rest_route=%2Fwp%2Fv2%2Fcategories&post=175"},{"taxonomy":"post_tag","embeddable":true,"href":"https:\/\/javiermanzano.es\/index.php?rest_route=%2Fwp%2Fv2%2Ftags&post=175"}],"curies":[{"name":"wp","href":"https:\/\/api.w.org\/{rel}","templated":true}]}}