{"id":16,"date":"2009-03-05T19:03:23","date_gmt":"2009-03-05T18:03:23","guid":{"rendered":"http:\/\/javiermanzano.es\/?p=16"},"modified":"2009-03-05T21:18:17","modified_gmt":"2009-03-05T20:18:17","slug":"sor-citroen-en-la-xunta","status":"publish","type":"post","link":"https:\/\/javiermanzano.es\/?p=16","title":{"rendered":"Sor Citroen en la Xunta"},"content":{"rendered":"<p>Coche, vendo coche!! Vendo, vendo!!<\/p>\n<p>As\u00ed ha llegado Feij\u00f3o (009) al puesto de mando que cedi\u00f3 el BNG para que pudieran volver los de antes. Llegan vendiendo, mala se\u00f1al, y al tiempo que lo hacen descubren su juego: usaron lo del coche, el que ellos compraron y que usaron para llevar a nietos a colegios lejanos a costa del parn\u00e9 gallego, &#8230;lo usaron como s\u00edmbolo y se\u00f1uelo y una vez conseguido lo que quer\u00edan adi\u00f3s al s\u00edmbolo y el resto a tragar con el se\u00f1uelo. Jugarretas lamentables de quienes utilizan lo que sea con tal de subierse al machito para desde all\u00ed, como har\u00e1n ahora-como hacen ya, arrasar a golpe de apisonadora codiciosa. Lo ver\u00e1n y lo veremos, lo gozar\u00e1n y lo lamentaremos.<\/p>\n<p>Dicen que cada cual tiene lo que se merece pero ni Galicia ni los gallegos se merecen a la panda que ha vuelto a lo que entienden que les fue robado. A ellos que conjugan como nadie ese verbo seg\u00fan cuentan y no paran muchas gentes de\u00a0 aquella tierra.<\/p>\n<p>Ojal\u00e1 fuese todo un espejismo o una pesadilla. Ojal\u00e1, aunque de momento los primeros movimientos pasan por vender un coche de la misma marca que el que usa el vendedor (qu\u00e9 paradoja), para cambiarlo por un\u00a0Citroen que ni se fabrica en Vigo, como argument\u00f3 009, ni saldr\u00e1 barato como esperamos demuestre facturas en mano, facturas de las de verdad por cierto y no de las que hac\u00edan, diremos supuestamente, el clan de los correas y los bigotes.<\/p>\n<p>Del Audi al Citroen para empezar y para seguir la posibilidad de resucitar para la gobernabilidad (\u00bfo el mangoneo?) el apellido Baltar en un movimiento de 009 que debe entenderse como \u00absomos los mismos pero ahora las boinas son de dise\u00f1o\u00bb. Qu\u00e9 lastima.<\/p>\n","protected":false},"excerpt":{"rendered":"<p>Coche, vendo coche!! Vendo, vendo!! As\u00ed ha llegado Feij\u00f3o (009) al puesto de mando que cedi\u00f3 el BNG para que pudieran volver los de antes. Llegan vendiendo, mala se\u00f1al, y al tiempo que lo hacen descubren su juego: usaron lo del coche, el que ellos compraron y que usaron para llevar a nietos a colegios [&hellip;]<\/p>\n","protected":false},"author":3,"featured_media":0,"comment_status":"open","ping_status":"open","sticky":false,"template":"","format":"standard","meta":{"footnotes":""},"categories":[1],"tags":[13,12,14,10,15,11],"class_list":["post-16","post","type-post","status-publish","format-standard","hentry","category-politica","tag-audi","tag-bng","tag-citroen","tag-feijoo","tag-galicia","tag-xunta"],"aioseo_notices":[],"_links":{"self":[{"href":"https:\/\/javiermanzano.es\/index.php?rest_route=\/wp\/v2\/posts\/16","targetHints":{"allow":["GET"]}}],"collection":[{"href":"https:\/\/javiermanzano.es\/index.php?rest_route=\/wp\/v2\/posts"}],"about":[{"href":"https:\/\/javiermanzano.es\/index.php?rest_route=\/wp\/v2\/types\/post"}],"author":[{"embeddable":true,"href":"https:\/\/javiermanzano.es\/index.php?rest_route=\/wp\/v2\/users\/3"}],"replies":[{"embeddable":true,"href":"https:\/\/javiermanzano.es\/index.php?rest_route=%2Fwp%2Fv2%2Fcomments&post=16"}],"version-history":[{"count":4,"href":"https:\/\/javiermanzano.es\/index.php?rest_route=\/wp\/v2\/posts\/16\/revisions"}],"predecessor-version":[{"id":19,"href":"https:\/\/javiermanzano.es\/index.php?rest_route=\/wp\/v2\/posts\/16\/revisions\/19"}],"wp:attachment":[{"href":"https:\/\/javiermanzano.es\/index.php?rest_route=%2Fwp%2Fv2%2Fmedia&parent=16"}],"wp:term":[{"taxonomy":"category","embeddable":true,"href":"https:\/\/javiermanzano.es\/index.php?rest_route=%2Fwp%2Fv2%2Fcategories&post=16"},{"taxonomy":"post_tag","embeddable":true,"href":"https:\/\/javiermanzano.es\/index.php?rest_route=%2Fwp%2Fv2%2Ftags&post=16"}],"curies":[{"name":"wp","href":"https:\/\/api.w.org\/{rel}","templated":true}]}}