{"id":1590,"date":"2010-06-11T12:29:14","date_gmt":"2010-06-11T11:29:14","guid":{"rendered":"http:\/\/javiermanzano.es\/?p=1590"},"modified":"2010-06-11T12:29:31","modified_gmt":"2010-06-11T11:29:31","slug":"traca-traca-y-observando","status":"publish","type":"post","link":"https:\/\/javiermanzano.es\/?p=1590","title":{"rendered":"Traca traca y observando"},"content":{"rendered":"<p><span class=\"frame-outer  alignright size-medium wp-image-1591\"><span><span><span><span><a href=\"https:\/\/javiermanzano.es\/wp-content\/uploads\/2010\/06\/flora1.jpg\"><img loading=\"lazy\" decoding=\"async\" class=\"alignright size-medium wp-image-1591\" title=\"flora1\" src=\"https:\/\/javiermanzano.es\/wp-content\/uploads\/2010\/06\/flora1-300x225.jpg\" alt=\"flora1\" width=\"300\" height=\"225\" srcset=\"https:\/\/javiermanzano.es\/wp-content\/uploads\/2010\/06\/flora1-300x225.jpg 300w, https:\/\/javiermanzano.es\/wp-content\/uploads\/2010\/06\/flora1.jpg 604w\" sizes=\"auto, (max-width: 300px) 100vw, 300px\" \/><\/a><\/span><\/span><\/span><\/span><\/span>Es escuchar Charolito a su grand\u00edsimo amigo Nanin y ponerse en guardia de inmediato con una mano en la cartera y la otra totalmente liberada por si hubiera que sacarla a pasear&#8230;<\/p>\n<p>Dice el capataz de los gur<em>PP<\/em>elianos (s\u00f3lo capataz porque el amo y se\u00f1or es J\u00f3se <em>\u00abpecholata\u00bb<\/em>) que su cuadrilla no subir\u00e1 los impuestos en ninguna de sus posesiones, tanto en las ya pose\u00eddas como en las que ansia poseer (en tod\u00edsima la acepci\u00f3n del verbo). Lo dice as\u00ed pero claro, hay que completar la frase porque lo que en realidad dice o piensa o perpetra es que no subir\u00e1 los impuestos&#8230;a los que m\u00e1s tienen. A lo mejor al resto tampoco, vale, pero en esto lo de pagar a escote es que no. Entre otras cosas porque los que m\u00e1s tienen ya se encargan con extrema habilidad de driblar a la normativa haciendo ca\u00f1itos a las leyes y gambeteando\u00a0a los guardianes: que si empresitas de quita y pon, que si fundacioncillas tril\u00e9ricas, que si sicav-ismos sin fondo ni fin dise\u00f1ados a la carta&#8230;<\/p>\n<p>A\u00f1ade Nanin poniendo carita de ufano registrador de la (s) propiedad (es) que subir los impuestos es malo para el crecimiento, y vuelve a dejar la frase sin completar: \u00ab&#8230;es malo para el crecimiento&#8230; del\u00a0patrimonio de los nuestros; al resto que les den\u00bb&#8230; Y remata, entre chorretones de hilillos de plastilina, que subir los impuestos a las rentas m\u00e1s altas como han hecho en Catalu\u00f1a, Extremadura y Andaluc\u00eda \u00abgenera una enorme desconfianza en el conjunto de los ciudadanos\u00bb&#8230; \u00a1J\u00e1!, amos anda:\u00a0generar\u00e1 desconfianza en usted y cuatro amigotes, quienes por cierto ya estar\u00e1n ingeniando c\u00f3mo fintar esas modificaciones fiscales para volver a meter un gol en la porter\u00eda de todos; en el resto, en la gran mayor\u00eda, lo que esas medidas generan es sensaci\u00f3n de justicia, simple y llanamente,&#8230;el que m\u00e1s tiene m\u00e1s paga. Y punto.<\/p>\n<p>Es viernes y llega el bals\u00e1mico mundial, es por ello que Charolito no quiere encabronarse m\u00e1s de lo necesario. Eso s\u00ed, su actitud, combativa e inasequible al desaliento (aunque no siempre) es que la viene siendo y seguir\u00e1 siendo: <strong>traca traca y observando<\/strong>. (Un beso \u00c1ngeles).<\/p>\n<p>A cuidarse!!!<\/p>\n<p>\u00a0<\/p>\n<audio class=\"wp-audio-shortcode\" id=\"audio-1590-1\" preload=\"none\" style=\"width: 100%;\" controls=\"controls\"><source type=\"audio\/mpeg\" src=\"https:\/\/javiermanzano.es\/wp-content\/uploads\/2010\/06\/tu-mira.mp3?_=1\" \/><a href=\"https:\/\/javiermanzano.es\/wp-content\/uploads\/2010\/06\/tu-mira.mp3\">https:\/\/javiermanzano.es\/wp-content\/uploads\/2010\/06\/tu-mira.mp3<\/a><\/audio>\n<audio class=\"wp-audio-shortcode\" id=\"audio-1590-2\" preload=\"none\" style=\"width: 100%;\" controls=\"controls\"><source type=\"audio\/mpeg\" src=\"https:\/\/javiermanzano.es\/wp-content\/uploads\/2010\/06\/tu-mira.mp3?_=2\" \/><a href=\"https:\/\/javiermanzano.es\/wp-content\/uploads\/2010\/06\/tu-mira.mp3\">https:\/\/javiermanzano.es\/wp-content\/uploads\/2010\/06\/tu-mira.mp3<\/a><\/audio>\n<audio class=\"wp-audio-shortcode\" id=\"audio-1590-3\" preload=\"none\" style=\"width: 100%;\" controls=\"controls\"><source type=\"audio\/mpeg\" src=\"https:\/\/javiermanzano.es\/wp-content\/uploads\/2010\/06\/tu-mira.mp3?_=3\" \/><a href=\"https:\/\/javiermanzano.es\/wp-content\/uploads\/2010\/06\/tu-mira.mp3\">https:\/\/javiermanzano.es\/wp-content\/uploads\/2010\/06\/tu-mira.mp3<\/a><\/audio>\n<audio class=\"wp-audio-shortcode\" id=\"audio-1590-4\" preload=\"none\" style=\"width: 100%;\" controls=\"controls\"><source type=\"audio\/mpeg\" src=\"https:\/\/javiermanzano.es\/wp-content\/uploads\/2010\/06\/tu-mira.mp3?_=4\" \/><a href=\"https:\/\/javiermanzano.es\/wp-content\/uploads\/2010\/06\/tu-mira.mp3\">https:\/\/javiermanzano.es\/wp-content\/uploads\/2010\/06\/tu-mira.mp3<\/a><\/audio>\n","protected":false},"excerpt":{"rendered":"<p>Es escuchar Charolito a su grand\u00edsimo amigo Nanin y ponerse en guardia de inmediato con una mano en la cartera y la otra totalmente liberada por si hubiera que sacarla a pasear&#8230; Dice el capataz de los gurPPelianos (s\u00f3lo capataz porque el amo y se\u00f1or es J\u00f3se \u00abpecholata\u00bb) que su cuadrilla no subir\u00e1 los impuestos [&hellip;]<\/p>\n","protected":false},"author":3,"featured_media":0,"comment_status":"open","ping_status":"open","sticky":false,"template":"","format":"standard","meta":{"footnotes":""},"categories":[1],"tags":[370,405,406,94,24,54,404],"class_list":["post-1590","post","type-post","status-publish","format-standard","hentry","category-politica","tag-andalucia","tag-cataluna","tag-extremadura","tag-impuestos","tag-pp","tag-rajoy","tag-rentas-altas"],"aioseo_notices":[],"_links":{"self":[{"href":"https:\/\/javiermanzano.es\/index.php?rest_route=\/wp\/v2\/posts\/1590","targetHints":{"allow":["GET"]}}],"collection":[{"href":"https:\/\/javiermanzano.es\/index.php?rest_route=\/wp\/v2\/posts"}],"about":[{"href":"https:\/\/javiermanzano.es\/index.php?rest_route=\/wp\/v2\/types\/post"}],"author":[{"embeddable":true,"href":"https:\/\/javiermanzano.es\/index.php?rest_route=\/wp\/v2\/users\/3"}],"replies":[{"embeddable":true,"href":"https:\/\/javiermanzano.es\/index.php?rest_route=%2Fwp%2Fv2%2Fcomments&post=1590"}],"version-history":[{"count":3,"href":"https:\/\/javiermanzano.es\/index.php?rest_route=\/wp\/v2\/posts\/1590\/revisions"}],"predecessor-version":[{"id":1598,"href":"https:\/\/javiermanzano.es\/index.php?rest_route=\/wp\/v2\/posts\/1590\/revisions\/1598"}],"wp:attachment":[{"href":"https:\/\/javiermanzano.es\/index.php?rest_route=%2Fwp%2Fv2%2Fmedia&parent=1590"}],"wp:term":[{"taxonomy":"category","embeddable":true,"href":"https:\/\/javiermanzano.es\/index.php?rest_route=%2Fwp%2Fv2%2Fcategories&post=1590"},{"taxonomy":"post_tag","embeddable":true,"href":"https:\/\/javiermanzano.es\/index.php?rest_route=%2Fwp%2Fv2%2Ftags&post=1590"}],"curies":[{"name":"wp","href":"https:\/\/api.w.org\/{rel}","templated":true}]}}